{"id":2221,"date":"2024-02-04T13:30:00","date_gmt":"2024-02-04T12:30:00","guid":{"rendered":"https:\/\/www.geopolitics.fr\/?p=2221"},"modified":"2024-03-26T21:45:17","modified_gmt":"2024-03-26T20:45:17","slug":"france-algerie-dossiers-non-classes","status":"publish","type":"post","link":"https:\/\/www.geopolitics.fr\/en\/2024\/02\/04\/france-algerie-dossiers-non-classes\/","title":{"rendered":"France-Alg\u00e9rie : dossiers non class\u00e9s"},"content":{"rendered":"\n<h2 class=\"wp-block-heading\">Simples les rapports entre la France et l&rsquo;Alg\u00e9rie ? Jamais. Il s&rsquo;agit l\u00e0 d&rsquo;une complexit\u00e9 subtile entre rapprochements et dysfonctionnements profonds. <\/h2>\n\n\n\n<h3 class=\"wp-block-heading has-medium-font-size\">Trois tentatives avort\u00e9es de trait\u00e9s de r\u00e9conciliation ces vingt derni\u00e8res ann\u00e9es<\/h3>\n\n\n\n<p class=\"has-medium-font-size wp-block-paragraph\">Tout D&rsquo;abord, le trait\u00e9 d&rsquo;amiti\u00e9, fond\u00e9 sur un partenariat d&rsquo;exception en mars 2003 entre Jacques Chirac et Abdelaziz Bouteflika.  Alors que Jacques Chirac, par son parcours et ses prises de positions \u00e0 l\u2019international, \u00e9tait consid\u00e9r\u00e9 comme l\u2019interlocuteur idoine par les autorit\u00e9s alg\u00e9riennes, le trait\u00e9 tombe \u00e0 l&rsquo;eau&nbsp;! La raison r\u00e9side dans la loi du 23 f\u00e9vrier 2005 portant reconnaissance de la Nation et contribution nationale en faveur des Fran\u00e7ais rapatri\u00e9s, plus pr\u00e9cis\u00e9ment, l\u2019&nbsp;\u00ab&nbsp;amendement Vanneste&nbsp;\u00bb sur le \u00ab&nbsp;r\u00f4le positif de la colonisation&nbsp;\u00bb. Jamais la r\u00e9conciliation n\u2019avait \u00e9t\u00e9 et ne sera aussi proche&nbsp;!<\/p>\n\n\n\n<p class=\"has-medium-font-size wp-block-paragraph\">L\u2019\u00e9lection de Nicolas Sarkozy et son tropisme pro-marocain affich\u00e9 modifie la donne. A l&rsquo;\u00e9t\u00e9 2008,&nbsp; les relations s\u2019enveniment \u00e0 la suite de sombres histoires autour d&rsquo;un diplomate alg\u00e9rien soup\u00e7onn\u00e9 de participation dans l\u2019assassinat de l&rsquo;opposant franco-alg\u00e9rien Ali Mecili. Affaire qui se conclura par un non-lieu.<\/p>\n\n\n\n<p class=\"has-medium-font-size wp-block-paragraph\">Autre trait\u00e9 manqu\u00e9, celui de Fran\u00e7ois Hollande avec Abdelaziz Bouteflika sign\u00e9 en 2012, \u00a0\u00bb la d\u00e9claration d\u2019Alger sur l\u2019amiti\u00e9 et la coop\u00e9ration\u00a0\u00bb. Nouvel \u00e9chec alors que par volont\u00e9 de prendre le contre-pied de Nicolas Sarkozy, Fran\u00e7ois Hollande, avait clairement, lui, mis\u00e9 sur l\u2019Alg\u00e9rie au d\u00e9triment du Maroc. Les fameuses boutades, souvent d\u00e9plac\u00e9es de Fran\u00e7ois Hollande font leur \u0153uvre. Ainsi lors d\u2019une r\u00e9ception du CRIF, il d\u00e9clara le 16 d\u00e9cembre 2013, \u00e9voquant Manuel Valls \u00ab&nbsp;Monsieur le ministre de l&rsquo;Int\u00e9rieur qui va nous quitter peut-\u00eatre pour aller en Alg\u00e9rie&nbsp;&#8230;&nbsp;[Puis, se rattrapant]&nbsp;Il en revient sain et sauf, c&rsquo;est d\u00e9j\u00e0 beaucoup !\u00a0\u00bb Ou comment se tirer une balle dans le pied et saper le travail des diplomates.<\/p>\n\n\n\n<h3 class=\"wp-block-heading\">Emmanuel Macron o\u00f9 la volont\u00e9 maintes fois r\u00e9affirm\u00e9e d&rsquo;aller de l&rsquo;avant<\/h3>\n\n\n\n<p class=\"has-medium-font-size wp-block-paragraph\">Avant m\u00eame d\u2019\u00eatre \u00e9lu, Emmanuel Macron offre des gages \u00e0 l\u2019Alg\u00e9rie, dans une d\u00e9claration impromptue (dont aucun diplomate fran\u00e7ais n\u2019avait connaissance au pr\u00e9alable) selon laquelle la colonisation <em>\u00ab&nbsp;<\/em>Est un crime. C&rsquo;est un crime contre l&rsquo;humanit\u00e9, c&rsquo;est une vraie barbarie et \u00e7a fait partie de ce pass\u00e9 que nous devons regarder en face, en pr\u00e9sentant aussi nos excuses \u00e0 l&rsquo;\u00e9gard de celles et ceux envers lesquels nous avons commis ces gestes<em>.&nbsp;\u00bb. <\/em>D\u00e9claration qu\u2019il nuancera, une fois \u00e9lu.<\/p>\n\n\n\n<p class=\"has-medium-font-size wp-block-paragraph\">D\u00e8s son premier mandat, Emmanuel Macron tente un rapprochement. Il s&rsquo;agissait alors d&rsquo;initiatives directes du Pr\u00e9sident fran\u00e7ais, qui selon un d\u00e9put\u00e9 des Fran\u00e7ais de l\u2019\u00e9tranger, Fr\u00e9d\u00e9ric Petit, n&rsquo;ont pas produit les fruits escompt\u00e9s : \u00ab&nbsp;il est difficile de ne pas constater la permanence des blocages de la relation d\u2019\u00c9tat \u00e0 \u00c9tat.&nbsp;\u00bb confiait alors ce dernier \u00e0 Farid Alila, journaliste au magazine Jeune Afrique : \u00ab\u00a0Les rapports entre la France et l\u2019Alg\u00e9rie paraissent&nbsp;tout aussi foisonnants sur le plan humain que dysfonctionnels sur le plan politique&nbsp;\u00bb, expliquait l&rsquo;\u00e9lu, fort d\u00e9sillusionn\u00e9. L&rsquo;apaisement recherch\u00e9 par la France semble toujours improbable : \u00ab&nbsp;Toute approche strictement institutionnelle semble buter irr\u00e9m\u00e9diablement, en Alg\u00e9rie, sur des obstacles sans cesse renouvel\u00e9s, qui trouvent leur origine dans l\u2019organisation m\u00eame de l\u2019\u00c9tat alg\u00e9rien&nbsp;\u00bb, notait le m\u00eame rapporteur, m\u00e9dus\u00e9 de constater l&rsquo;approche de ses interlocuteurs en Alg\u00e9rie qui d\u00e9claraient sans fa\u00e7ons que les accords sign\u00e9s entre les deux pays \u00ab\u00a0n\u2019engageaient pas le partenaire alg\u00e9rien\u00a0\u00bb.<\/p>\n\n\n\n<h3 class=\"wp-block-heading has-medium-font-size\">Un semblant de d\u00e9gel qui reste largement \u00e0 confirmer<\/h3>\n\n\n\n<p class=\"has-medium-font-size wp-block-paragraph\">Emmanuel Macron ne l\u00e2che pourtant pas l&rsquo;affaire. Nouvelle proposition en ao\u00fbt 2022. R\u00e9\u00e9lu pour un second mandat, le Pr\u00e9sident s&rsquo;adresse cette fois \u00e0 A.Tebboune en faveur \u00ab\u00a0d&rsquo;une d\u00e9claration d&rsquo;Alger pour un partenariat renouvel\u00e9.\u00a0\u00bb Paris cherche toujours l&rsquo;apaisement. La r\u00e9ponse d&rsquo;Alger est cinglante : \u00a0\u00bb Concernant le Pr\u00e9sident fran\u00e7ais, je ne lui r\u00e9pondrai pas. Il libre de vendre la marchandise qu&rsquo;il veut dans son pays, mais moi j&rsquo;ai \u00e9t\u00e9 \u00e9lu par le peuple alg\u00e9rien et je ne reconnais que le peuple alg\u00e9rien.\u00a0\u00bb Boum. Les dossiers sensibles s&rsquo;accumulent : Celui de la m\u00e9moire et de l&rsquo;histoire coloniale est significatif. Selon les observateurs fran\u00e7ais le sujet est toujours br\u00fblant et l&rsquo;hostilit\u00e9 plut\u00f4t ancr\u00e9e. Ils soulignent \u00e9galement la pr\u00e9carit\u00e9 des perspectives de coop\u00e9ration entre les deux \u00e9tats, entretenue, entre autres, par \u00ab\u00a0la puissante famille r\u00e9volutionnaire alg\u00e9rienne\u00a0\u00bb.<\/p>\n\n\n\n<p class=\"has-medium-font-size wp-block-paragraph\">Enfin, apr\u00e8s certains actes de rapprochement symboliques, dont la r\u00e9alisation du \u00ab&nbsp;Rapport Stora&nbsp;\u00bb portant sur les questions m\u00e9morielles de la colonisation, Paris propose clairement une r\u00e9conciliation des m\u00e9moires et de d\u00e9classifier des archives. A ce moment, il n&rsquo;est pas vain d&rsquo;esp\u00e9rer quelque \u00e9claircie. Patatras. La crise des visas produire ses effet jusqu\u2019en en 2022. L&rsquo;orage pass\u00e9, M.Tebboune annonce alors une nouvelle \u00ab\u00a0relation de confiance\u00a0\u00bb franco-alg\u00e9rienne et \u00ab\u00a0une amiti\u00e9 r\u00e9ciproque\u00a0\u00bb personnelle avec Emmanuel Macron. Pourtant, fin f\u00e9vrier 2023, la discorde est de retour : cette fois, il s&rsquo;agit de la militante politique Amira Bouraoui, arr\u00eat\u00e9e en Tunisie et en passe d&rsquo;\u00eatre expuls\u00e9e vers Alg\u00e9rie. Contre toute attente, elle obtient la protection du consulat fran\u00e7ais de Tunis et, enfin libre, prend un vol pour Paris. Alger condamne une exfiltration ill\u00e9gale. Imperturbable, Paris dit \u00ab\u00a0continuer \u00e0 avancer\u00a0\u00bb avec Alger. Paris ne change pas de cap et une coop\u00e9ration renforc\u00e9e d\u00e8s le mois de mars est annonc\u00e9e entre les deux pays. Quant \u00e0 l&rsquo;ann\u00e9e 2024, celle-ci s&rsquo;annon\u00e7ait \u00ab\u00a0sportive\u00a0\u00bb mais plut\u00f4t positive. Les deux dirigeants \u00e9changent cordialement leurs v\u0153ux du Nouvel An. N\u00e9anmoins les multiples reports de la visite d\u2019Etat du Pr\u00e9sident Tebboune en France, devenue l\u2019arl\u00e9sienne de la diplomatie fran\u00e7aise, traduit la volont\u00e9 d\u2019Alger de poser des conditions pr\u00e9alables. En effet, il faudra d&rsquo;abord r\u00e9gler plusieurs dossiers sensibles : la question m\u00e9morielle, la coop\u00e9ration \u00e9conomique, les demandes de r\u00e9paration et de d\u00e9dommagements apr\u00e8s les essais nucl\u00e9aires fran\u00e7ais en Alg\u00e9rie, entre 1960 et 1966, ainsi que la restitution d&rsquo;objets historiques. Les obstacles \u00e0 ce voyage ne manquent pas et la diplomatie alg\u00e9rienne laisse fuiter des rumeurs selon lesquelles la partie fran\u00e7aise ferait preuve d\u2019un d\u00e9faut de professionnalisme dans le cadre des pr\u00e9paratifs. Le Pr\u00e9sident Tebboune a d\u00e9clar\u00e9 r\u00e9cemment que sa prochaine visite en France ne sera pas un \u00ab\u00a0simple acte protocolaire mais un engagement profond\u00a0\u00bb. So, wait and see\u2026<\/p>\n\n\n\n<p class=\"wp-block-paragraph\"><em>Val\u00e9rie Morales Attias est r\u00e9sidente au Maroc, journaliste et auteur, elle est enseignante \u00e0 l&rsquo;Ecole Sup\u00e9rieure de Journalisme de Paris.<\/em><\/p>\n","protected":false},"excerpt":{"rendered":"<p>Simples les rapports entre la France et l&rsquo;Alg\u00e9rie ? Jamais. Il s&rsquo;agit l\u00e0 d&rsquo;une complexit\u00e9 subtile entre rapprochements et dysfonctionnements profonds. Trois&hellip;<\/p>","protected":false},"author":14,"featured_media":2229,"comment_status":"open","ping_status":"open","sticky":false,"template":"","format":"standard","meta":{"_lmt_disableupdate":"","_lmt_disable":"","footnotes":""},"categories":[5,3],"tags":[183,56,61,184],"class_list":["post-2221","post","type-post","status-publish","format-standard","has-post-thumbnail","hentry","category-international","category-politique","tag-algerie","tag-france","tag-macron","tag-tebboune"],"yoast_head":"<!-- This site is optimized with the Yoast SEO Premium plugin v28.1 (Yoast SEO v28.1) - https:\/\/yoast.com\/product\/yoast-seo-premium-wordpress\/ -->\n<title>France-Alg\u00e9rie : dossiers non class\u00e9s | Geopolitics.fr<\/title>\n<meta name=\"robots\" content=\"index, follow, max-snippet:-1, max-image-preview:large, max-video-preview:-1\" \/>\n<link rel=\"canonical\" href=\"https:\/\/www.geopolitics.fr\/en\/2024\/02\/04\/france-algerie-dossiers-non-classes\/\" \/>\n<meta property=\"og:locale\" content=\"en_GB\" \/>\n<meta property=\"og:type\" content=\"article\" \/>\n<meta property=\"og:title\" content=\"France-Alg\u00e9rie : dossiers non class\u00e9s\" \/>\n<meta property=\"og:description\" content=\"Simples les rapports entre la France et l&rsquo;Alg\u00e9rie ? Jamais. Il s&rsquo;agit l\u00e0 d&rsquo;une complexit\u00e9 subtile entre rapprochements et dysfonctionnements profonds. Trois&hellip;\" \/>\n<meta property=\"og:url\" content=\"https:\/\/www.geopolitics.fr\/en\/2024\/02\/04\/france-algerie-dossiers-non-classes\/\" \/>\n<meta property=\"og:site_name\" content=\"Geopolitics.fr\" \/>\n<meta property=\"article:publisher\" content=\"https:\/\/www.facebook.com\/people\/Erwan-Davoux\/61557098968092\/\" \/>\n<meta property=\"article:published_time\" content=\"2024-02-04T12:30:00+00:00\" \/>\n<meta property=\"article:modified_time\" content=\"2024-03-26T20:45:17+00:00\" \/>\n<meta property=\"og:image\" content=\"https:\/\/www.geopolitics.fr\/wp-content\/uploads\/2024\/02\/FRA-ALG.jpg\" \/>\n\t<meta property=\"og:image:width\" content=\"1920\" \/>\n\t<meta property=\"og:image:height\" content=\"1371\" \/>\n\t<meta property=\"og:image:type\" content=\"image\/jpeg\" \/>\n<meta name=\"author\" content=\"Valerie Morales Attias\" \/>\n<meta name=\"twitter:card\" content=\"summary_large_image\" \/>\n<meta name=\"twitter:creator\" content=\"@Geopolitics_Fr\" \/>\n<meta name=\"twitter:site\" content=\"@Geopolitics_Fr\" \/>\n<meta name=\"twitter:label1\" content=\"Written by\" \/>\n\t<meta name=\"twitter:data1\" content=\"Valerie Morales Attias\" \/>\n\t<meta name=\"twitter:label2\" content=\"Estimated reading time\" \/>\n\t<meta name=\"twitter:data2\" content=\"6 minutes\" \/>\n<script type=\"application\/ld+json\" class=\"yoast-schema-graph\">{\"@context\":\"https:\\\/\\\/schema.org\",\"@graph\":[{\"@type\":\"Article\",\"@id\":\"https:\\\/\\\/www.geopolitics.fr\\\/2024\\\/02\\\/04\\\/france-algerie-dossiers-non-classes\\\/#article\",\"isPartOf\":{\"@id\":\"https:\\\/\\\/www.geopolitics.fr\\\/2024\\\/02\\\/04\\\/france-algerie-dossiers-non-classes\\\/\"},\"author\":{\"name\":\"Valerie Morales Attias\",\"@id\":\"https:\\\/\\\/www.geopolitics.fr\\\/#\\\/schema\\\/person\\\/2b73b2101df6ed1877dcb227a0be4a5d\"},\"headline\":\"France-Alg\u00e9rie : dossiers non class\u00e9s\",\"datePublished\":\"2024-02-04T12:30:00+00:00\",\"dateModified\":\"2024-03-26T20:45:17+00:00\",\"mainEntityOfPage\":{\"@id\":\"https:\\\/\\\/www.geopolitics.fr\\\/2024\\\/02\\\/04\\\/france-algerie-dossiers-non-classes\\\/\"},\"wordCount\":1189,\"commentCount\":0,\"publisher\":{\"@id\":\"https:\\\/\\\/www.geopolitics.fr\\\/#organization\"},\"image\":{\"@id\":\"https:\\\/\\\/www.geopolitics.fr\\\/2024\\\/02\\\/04\\\/france-algerie-dossiers-non-classes\\\/#primaryimage\"},\"thumbnailUrl\":\"https:\\\/\\\/www.geopolitics.fr\\\/wp-content\\\/uploads\\\/2024\\\/02\\\/FRA-ALG.jpg\",\"keywords\":[\"ALGERIE\",\"France\",\"Macron\",\"TEBBOUNE\"],\"articleSection\":[\"International\",\"Politique\"],\"inLanguage\":\"en-GB\"},{\"@type\":\"WebPage\",\"@id\":\"https:\\\/\\\/www.geopolitics.fr\\\/2024\\\/02\\\/04\\\/france-algerie-dossiers-non-classes\\\/\",\"url\":\"https:\\\/\\\/www.geopolitics.fr\\\/2024\\\/02\\\/04\\\/france-algerie-dossiers-non-classes\\\/\",\"name\":\"France-Alg\u00e9rie : dossiers non class\u00e9s | Geopolitics.fr\",\"isPartOf\":{\"@id\":\"https:\\\/\\\/www.geopolitics.fr\\\/#website\"},\"primaryImageOfPage\":{\"@id\":\"https:\\\/\\\/www.geopolitics.fr\\\/2024\\\/02\\\/04\\\/france-algerie-dossiers-non-classes\\\/#primaryimage\"},\"image\":{\"@id\":\"https:\\\/\\\/www.geopolitics.fr\\\/2024\\\/02\\\/04\\\/france-algerie-dossiers-non-classes\\\/#primaryimage\"},\"thumbnailUrl\":\"https:\\\/\\\/www.geopolitics.fr\\\/wp-content\\\/uploads\\\/2024\\\/02\\\/FRA-ALG.jpg\",\"datePublished\":\"2024-02-04T12:30:00+00:00\",\"dateModified\":\"2024-03-26T20:45:17+00:00\",\"breadcrumb\":{\"@id\":\"https:\\\/\\\/www.geopolitics.fr\\\/2024\\\/02\\\/04\\\/france-algerie-dossiers-non-classes\\\/#breadcrumb\"},\"inLanguage\":\"en-GB\",\"potentialAction\":[{\"@type\":\"ReadAction\",\"target\":[\"https:\\\/\\\/www.geopolitics.fr\\\/2024\\\/02\\\/04\\\/france-algerie-dossiers-non-classes\\\/\"]}]},{\"@type\":\"ImageObject\",\"inLanguage\":\"en-GB\",\"@id\":\"https:\\\/\\\/www.geopolitics.fr\\\/2024\\\/02\\\/04\\\/france-algerie-dossiers-non-classes\\\/#primaryimage\",\"url\":\"https:\\\/\\\/www.geopolitics.fr\\\/wp-content\\\/uploads\\\/2024\\\/02\\\/FRA-ALG.jpg\",\"contentUrl\":\"https:\\\/\\\/www.geopolitics.fr\\\/wp-content\\\/uploads\\\/2024\\\/02\\\/FRA-ALG.jpg\",\"width\":1920,\"height\":1371},{\"@type\":\"BreadcrumbList\",\"@id\":\"https:\\\/\\\/www.geopolitics.fr\\\/2024\\\/02\\\/04\\\/france-algerie-dossiers-non-classes\\\/#breadcrumb\",\"itemListElement\":[{\"@type\":\"ListItem\",\"position\":1,\"name\":\"Accueil\",\"item\":\"https:\\\/\\\/www.geopolitics.fr\\\/\"},{\"@type\":\"ListItem\",\"position\":2,\"name\":\"France-Alg\u00e9rie : dossiers non class\u00e9s\"}]},{\"@type\":\"WebSite\",\"@id\":\"https:\\\/\\\/www.geopolitics.fr\\\/#website\",\"url\":\"https:\\\/\\\/www.geopolitics.fr\\\/\",\"name\":\"Geopolitics.fr\",\"description\":\"Geopolitics.fr Analyse politique, relations internationales, d\u00e9fense - ligne \u00e9ditoriale gaullo-chiraquienne\",\"publisher\":{\"@id\":\"https:\\\/\\\/www.geopolitics.fr\\\/#organization\"},\"potentialAction\":[{\"@type\":\"SearchAction\",\"target\":{\"@type\":\"EntryPoint\",\"urlTemplate\":\"https:\\\/\\\/www.geopolitics.fr\\\/?s={search_term_string}\"},\"query-input\":{\"@type\":\"PropertyValueSpecification\",\"valueRequired\":true,\"valueName\":\"search_term_string\"}}],\"inLanguage\":\"en-GB\"},{\"@type\":\"Organization\",\"@id\":\"https:\\\/\\\/www.geopolitics.fr\\\/#organization\",\"name\":\"Geopolitics.fr\",\"url\":\"https:\\\/\\\/www.geopolitics.fr\\\/\",\"logo\":{\"@type\":\"ImageObject\",\"inLanguage\":\"en-GB\",\"@id\":\"https:\\\/\\\/www.geopolitics.fr\\\/#\\\/schema\\\/logo\\\/image\\\/\",\"url\":\"https:\\\/\\\/www.geopolitics.fr\\\/wp-content\\\/uploads\\\/2024\\\/01\\\/logo.jpg\",\"contentUrl\":\"https:\\\/\\\/www.geopolitics.fr\\\/wp-content\\\/uploads\\\/2024\\\/01\\\/logo.jpg\",\"width\":500,\"height\":500,\"caption\":\"Geopolitics.fr\"},\"image\":{\"@id\":\"https:\\\/\\\/www.geopolitics.fr\\\/#\\\/schema\\\/logo\\\/image\\\/\"},\"sameAs\":[\"https:\\\/\\\/www.facebook.com\\\/people\\\/Erwan-Davoux\\\/61557098968092\\\/\",\"https:\\\/\\\/x.com\\\/Geopolitics_Fr\"]},{\"@type\":\"Person\",\"@id\":\"https:\\\/\\\/www.geopolitics.fr\\\/#\\\/schema\\\/person\\\/2b73b2101df6ed1877dcb227a0be4a5d\",\"name\":\"Valerie Morales Attias\",\"image\":{\"@type\":\"ImageObject\",\"inLanguage\":\"en-GB\",\"@id\":\"https:\\\/\\\/www.geopolitics.fr\\\/wp-content\\\/uploads\\\/2024\\\/04\\\/cropped-valerie-mora-96x96.jpg\",\"url\":\"https:\\\/\\\/www.geopolitics.fr\\\/wp-content\\\/uploads\\\/2024\\\/04\\\/cropped-valerie-mora-96x96.jpg\",\"contentUrl\":\"https:\\\/\\\/www.geopolitics.fr\\\/wp-content\\\/uploads\\\/2024\\\/04\\\/cropped-valerie-mora-96x96.jpg\",\"caption\":\"Valerie Morales Attias\"},\"description\":\"N\u00e9e \u00e0 Oran, elle est journaliste et \u00e9crivain. Enseignante \u00e0 l'Ecole Sup\u00e9rieure de Journalisme de Paris - Ex Directrice g\u00e9n\u00e9rale de Luxe Radio \u00e0 Casablanca. - Elle est l'auteur de plusieurs romans publi\u00e9s au Maroc, en France et en Belgique, ainsi que d'un essai sur le Royaume du Maroc, publi\u00e9 en France aux Editions Descartes.\",\"url\":\"https:\\\/\\\/www.geopolitics.fr\\\/en\\\/author\\\/valerie-morales-attias\\\/\"}]}<\/script>\n<!-- \/ Yoast SEO Premium plugin. -->","yoast_head_json":{"title":"France-Alg\u00e9rie : dossiers non class\u00e9s | Geopolitics.fr","robots":{"index":"index","follow":"follow","max-snippet":"max-snippet:-1","max-image-preview":"max-image-preview:large","max-video-preview":"max-video-preview:-1"},"canonical":"https:\/\/www.geopolitics.fr\/en\/2024\/02\/04\/france-algerie-dossiers-non-classes\/","og_locale":"en_GB","og_type":"article","og_title":"France-Alg\u00e9rie : dossiers non class\u00e9s","og_description":"Simples les rapports entre la France et l&rsquo;Alg\u00e9rie ? Jamais. Il s&rsquo;agit l\u00e0 d&rsquo;une complexit\u00e9 subtile entre rapprochements et dysfonctionnements profonds. Trois&hellip;","og_url":"https:\/\/www.geopolitics.fr\/en\/2024\/02\/04\/france-algerie-dossiers-non-classes\/","og_site_name":"Geopolitics.fr","article_publisher":"https:\/\/www.facebook.com\/people\/Erwan-Davoux\/61557098968092\/","article_published_time":"2024-02-04T12:30:00+00:00","article_modified_time":"2024-03-26T20:45:17+00:00","og_image":[{"width":1920,"height":1371,"url":"https:\/\/www.geopolitics.fr\/wp-content\/uploads\/2024\/02\/FRA-ALG.jpg","type":"image\/jpeg"}],"author":"Valerie Morales Attias","twitter_card":"summary_large_image","twitter_creator":"@Geopolitics_Fr","twitter_site":"@Geopolitics_Fr","twitter_misc":{"Written by":"Valerie Morales Attias","Estimated reading time":"6 minutes"},"schema":{"@context":"https:\/\/schema.org","@graph":[{"@type":"Article","@id":"https:\/\/www.geopolitics.fr\/2024\/02\/04\/france-algerie-dossiers-non-classes\/#article","isPartOf":{"@id":"https:\/\/www.geopolitics.fr\/2024\/02\/04\/france-algerie-dossiers-non-classes\/"},"author":{"name":"Valerie Morales Attias","@id":"https:\/\/www.geopolitics.fr\/#\/schema\/person\/2b73b2101df6ed1877dcb227a0be4a5d"},"headline":"France-Alg\u00e9rie : dossiers non class\u00e9s","datePublished":"2024-02-04T12:30:00+00:00","dateModified":"2024-03-26T20:45:17+00:00","mainEntityOfPage":{"@id":"https:\/\/www.geopolitics.fr\/2024\/02\/04\/france-algerie-dossiers-non-classes\/"},"wordCount":1189,"commentCount":0,"publisher":{"@id":"https:\/\/www.geopolitics.fr\/#organization"},"image":{"@id":"https:\/\/www.geopolitics.fr\/2024\/02\/04\/france-algerie-dossiers-non-classes\/#primaryimage"},"thumbnailUrl":"https:\/\/www.geopolitics.fr\/wp-content\/uploads\/2024\/02\/FRA-ALG.jpg","keywords":["ALGERIE","France","Macron","TEBBOUNE"],"articleSection":["International","Politique"],"inLanguage":"en-GB"},{"@type":"WebPage","@id":"https:\/\/www.geopolitics.fr\/2024\/02\/04\/france-algerie-dossiers-non-classes\/","url":"https:\/\/www.geopolitics.fr\/2024\/02\/04\/france-algerie-dossiers-non-classes\/","name":"France-Alg\u00e9rie : dossiers non class\u00e9s | Geopolitics.fr","isPartOf":{"@id":"https:\/\/www.geopolitics.fr\/#website"},"primaryImageOfPage":{"@id":"https:\/\/www.geopolitics.fr\/2024\/02\/04\/france-algerie-dossiers-non-classes\/#primaryimage"},"image":{"@id":"https:\/\/www.geopolitics.fr\/2024\/02\/04\/france-algerie-dossiers-non-classes\/#primaryimage"},"thumbnailUrl":"https:\/\/www.geopolitics.fr\/wp-content\/uploads\/2024\/02\/FRA-ALG.jpg","datePublished":"2024-02-04T12:30:00+00:00","dateModified":"2024-03-26T20:45:17+00:00","breadcrumb":{"@id":"https:\/\/www.geopolitics.fr\/2024\/02\/04\/france-algerie-dossiers-non-classes\/#breadcrumb"},"inLanguage":"en-GB","potentialAction":[{"@type":"ReadAction","target":["https:\/\/www.geopolitics.fr\/2024\/02\/04\/france-algerie-dossiers-non-classes\/"]}]},{"@type":"ImageObject","inLanguage":"en-GB","@id":"https:\/\/www.geopolitics.fr\/2024\/02\/04\/france-algerie-dossiers-non-classes\/#primaryimage","url":"https:\/\/www.geopolitics.fr\/wp-content\/uploads\/2024\/02\/FRA-ALG.jpg","contentUrl":"https:\/\/www.geopolitics.fr\/wp-content\/uploads\/2024\/02\/FRA-ALG.jpg","width":1920,"height":1371},{"@type":"BreadcrumbList","@id":"https:\/\/www.geopolitics.fr\/2024\/02\/04\/france-algerie-dossiers-non-classes\/#breadcrumb","itemListElement":[{"@type":"ListItem","position":1,"name":"Accueil","item":"https:\/\/www.geopolitics.fr\/"},{"@type":"ListItem","position":2,"name":"France-Alg\u00e9rie : dossiers non class\u00e9s"}]},{"@type":"WebSite","@id":"https:\/\/www.geopolitics.fr\/#website","url":"https:\/\/www.geopolitics.fr\/","name":"Geopolitics.fr","description":"Geopolitics.fr Analyse politique, relations internationales, d\u00e9fense - ligne \u00e9ditoriale gaullo-chiraquienne","publisher":{"@id":"https:\/\/www.geopolitics.fr\/#organization"},"potentialAction":[{"@type":"SearchAction","target":{"@type":"EntryPoint","urlTemplate":"https:\/\/www.geopolitics.fr\/?s={search_term_string}"},"query-input":{"@type":"PropertyValueSpecification","valueRequired":true,"valueName":"search_term_string"}}],"inLanguage":"en-GB"},{"@type":"Organization","@id":"https:\/\/www.geopolitics.fr\/#organization","name":"Geopolitics.fr","url":"https:\/\/www.geopolitics.fr\/","logo":{"@type":"ImageObject","inLanguage":"en-GB","@id":"https:\/\/www.geopolitics.fr\/#\/schema\/logo\/image\/","url":"https:\/\/www.geopolitics.fr\/wp-content\/uploads\/2024\/01\/logo.jpg","contentUrl":"https:\/\/www.geopolitics.fr\/wp-content\/uploads\/2024\/01\/logo.jpg","width":500,"height":500,"caption":"Geopolitics.fr"},"image":{"@id":"https:\/\/www.geopolitics.fr\/#\/schema\/logo\/image\/"},"sameAs":["https:\/\/www.facebook.com\/people\/Erwan-Davoux\/61557098968092\/","https:\/\/x.com\/Geopolitics_Fr"]},{"@type":"Person","@id":"https:\/\/www.geopolitics.fr\/#\/schema\/person\/2b73b2101df6ed1877dcb227a0be4a5d","name":"Valerie Morales Attias","image":{"@type":"ImageObject","inLanguage":"en-GB","@id":"https:\/\/www.geopolitics.fr\/wp-content\/uploads\/2024\/04\/cropped-valerie-mora-96x96.jpg","url":"https:\/\/www.geopolitics.fr\/wp-content\/uploads\/2024\/04\/cropped-valerie-mora-96x96.jpg","contentUrl":"https:\/\/www.geopolitics.fr\/wp-content\/uploads\/2024\/04\/cropped-valerie-mora-96x96.jpg","caption":"Valerie Morales Attias"},"description":"N\u00e9e \u00e0 Oran, elle est journaliste et \u00e9crivain. Enseignante \u00e0 l'Ecole Sup\u00e9rieure de Journalisme de Paris - Ex Directrice g\u00e9n\u00e9rale de Luxe Radio \u00e0 Casablanca. - Elle est l'auteur de plusieurs romans publi\u00e9s au Maroc, en France et en Belgique, ainsi que d'un essai sur le Royaume du Maroc, publi\u00e9 en France aux Editions Descartes.","url":"https:\/\/www.geopolitics.fr\/en\/author\/valerie-morales-attias\/"}]}},"_links":{"self":[{"href":"https:\/\/www.geopolitics.fr\/en\/wp-json\/wp\/v2\/posts\/2221","targetHints":{"allow":["GET"]}}],"collection":[{"href":"https:\/\/www.geopolitics.fr\/en\/wp-json\/wp\/v2\/posts"}],"about":[{"href":"https:\/\/www.geopolitics.fr\/en\/wp-json\/wp\/v2\/types\/post"}],"author":[{"embeddable":true,"href":"https:\/\/www.geopolitics.fr\/en\/wp-json\/wp\/v2\/users\/14"}],"replies":[{"embeddable":true,"href":"https:\/\/www.geopolitics.fr\/en\/wp-json\/wp\/v2\/comments?post=2221"}],"version-history":[{"count":0,"href":"https:\/\/www.geopolitics.fr\/en\/wp-json\/wp\/v2\/posts\/2221\/revisions"}],"wp:featuredmedia":[{"embeddable":true,"href":"https:\/\/www.geopolitics.fr\/en\/wp-json\/wp\/v2\/media\/2229"}],"wp:attachment":[{"href":"https:\/\/www.geopolitics.fr\/en\/wp-json\/wp\/v2\/media?parent=2221"}],"wp:term":[{"taxonomy":"category","embeddable":true,"href":"https:\/\/www.geopolitics.fr\/en\/wp-json\/wp\/v2\/categories?post=2221"},{"taxonomy":"post_tag","embeddable":true,"href":"https:\/\/www.geopolitics.fr\/en\/wp-json\/wp\/v2\/tags?post=2221"}],"curies":[{"name":"wp","href":"https:\/\/api.w.org\/{rel}","templated":true}]}}