{"id":2217,"date":"2024-02-01T20:32:00","date_gmt":"2024-02-01T19:32:00","guid":{"rendered":"https:\/\/www.geopolitics.fr\/?p=2217"},"modified":"2024-03-26T21:46:35","modified_gmt":"2024-03-26T20:46:35","slug":"france-2-suspendu-au-mali","status":"publish","type":"post","link":"https:\/\/www.geopolitics.fr\/en\/2024\/02\/01\/france-2-suspendu-au-mali\/","title":{"rendered":"France 2 suspendu au Mali"},"content":{"rendered":"<p class=\"has-medium-font-size wp-block-paragraph\">Dans un document en date du 31 janvier \u00e9manant de la Primature malienne (plus pr\u00e9cis\u00e9ment de la \u00ab\u00a0Haute Autorit\u00e9 de la Communication\u00a0\u00bb)  et que geopolitics.fr a pu consulter, France 2 est d\u00e9sormais interdit de tous les bouquets de distributeurs de services de radiodiffusion sonore ou t\u00e9l\u00e9visuelle autoris\u00e9 au Mali et ce pendant une dur\u00e9e de 4 mois.<\/p>\n\n\n\n<p class=\"has-medium-font-size wp-block-paragraph\">La raison justifiant cette sanction est la diffusion, le 20 janvier, d&rsquo;un reportage sur la situation s\u00e9curitaire au Mali apr\u00e8s le d\u00e9part de la Force Barkhane sous l&rsquo;appellation de \u00ab\u00a0d\u00e9cryptage\u00a0\u00bb. Les informations d\u00e9livr\u00e9es sont consid\u00e9r\u00e9es comme partiales,  comme une tentative de \u00ab\u00a0d\u00e9moraliser\u00a0\u00bb les troupes et la population. Des \u00ab\u00a0manquement graves \u00e0 l&rsquo;\u00e9thique et \u00e0 la d\u00e9ontologie\u00a0\u00bb sont mentionn\u00e9s dans ce document. On y trouve m\u00eame une d\u00e9nonciation d&rsquo;apologie du terrorisme\u00a0\u00bb, qui serait constitu\u00e9 par la mise en avant de  la puissance de feu des groupes Arm\u00e9s terroristes par rapport au FAMa. Il est \u00e9galement reproch\u00e9 \u00e0 France 2  de ne pas avoir donn\u00e9 la parole aux autorit\u00e9s maliennes. L&rsquo;escalade se poursuit donc entre les ex\u00e9cutifs fran\u00e7ais et malien.<\/p>\n\n\n\n<p class=\"wp-block-paragraph\"><\/p>","protected":false},"excerpt":{"rendered":"<p>Dans un document en date du 31 janvier \u00e9manant de la Primature malienne (plus pr\u00e9cis\u00e9ment de la \u00ab\u00a0Haute Autorit\u00e9 de la Communication\u00a0\u00bb)&hellip;<\/p>","protected":false},"author":9,"featured_media":2218,"comment_status":"open","ping_status":"open","sticky":false,"template":"","format":"standard","meta":{"_lmt_disableupdate":"","_lmt_disable":"","footnotes":""},"categories":[5],"tags":[56,182,134],"class_list":["post-2217","post","type-post","status-publish","format-standard","has-post-thumbnail","hentry","category-international","tag-france","tag-france-2","tag-mali"],"yoast_head":"<!-- This site is optimized with the Yoast SEO Premium plugin v28.1 (Yoast SEO v28.1) - https:\/\/yoast.com\/product\/yoast-seo-premium-wordpress\/ -->\n<title>France 2 suspendu au Mali | Geopolitics.fr<\/title>\n<meta name=\"robots\" content=\"index, follow, max-snippet:-1, max-image-preview:large, max-video-preview:-1\" \/>\n<link rel=\"canonical\" href=\"https:\/\/www.geopolitics.fr\/en\/2024\/02\/01\/france-2-suspendu-au-mali\/\" \/>\n<meta property=\"og:locale\" content=\"en_GB\" \/>\n<meta property=\"og:type\" content=\"article\" \/>\n<meta property=\"og:title\" content=\"France 2 suspendu au Mali\" \/>\n<meta property=\"og:description\" content=\"Dans un document en date du 31 janvier \u00e9manant de la Primature malienne (plus pr\u00e9cis\u00e9ment de la \u00ab\u00a0Haute Autorit\u00e9 de la Communication\u00a0\u00bb)&hellip;\" \/>\n<meta property=\"og:url\" content=\"https:\/\/www.geopolitics.fr\/en\/2024\/02\/01\/france-2-suspendu-au-mali\/\" \/>\n<meta property=\"og:site_name\" content=\"Geopolitics.fr\" \/>\n<meta property=\"article:publisher\" content=\"https:\/\/www.facebook.com\/people\/Erwan-Davoux\/61557098968092\/\" \/>\n<meta property=\"article:published_time\" content=\"2024-02-01T19:32:00+00:00\" \/>\n<meta property=\"article:modified_time\" content=\"2024-03-26T20:46:35+00:00\" \/>\n<meta property=\"og:image\" content=\"https:\/\/www.geopolitics.fr\/wp-content\/uploads\/2024\/02\/FRANCE-2-MALI-scaled.jpg\" \/>\n\t<meta property=\"og:image:width\" content=\"2560\" \/>\n\t<meta property=\"og:image:height\" content=\"1703\" \/>\n\t<meta property=\"og:image:type\" content=\"image\/jpeg\" \/>\n<meta name=\"author\" content=\"contact@geopolitics.fr\" \/>\n<meta name=\"twitter:card\" content=\"summary_large_image\" \/>\n<meta name=\"twitter:creator\" content=\"@Geopolitics_Fr\" \/>\n<meta name=\"twitter:site\" content=\"@Geopolitics_Fr\" \/>\n<meta name=\"twitter:label1\" content=\"Written by\" \/>\n\t<meta name=\"twitter:data1\" content=\"contact@geopolitics.fr\" \/>\n\t<meta name=\"twitter:label2\" content=\"Estimated reading time\" \/>\n\t<meta name=\"twitter:data2\" content=\"2 minutes\" \/>\n<script type=\"application\/ld+json\" class=\"yoast-schema-graph\">{\"@context\":\"https:\\\/\\\/schema.org\",\"@graph\":[{\"@type\":\"Article\",\"@id\":\"https:\\\/\\\/www.geopolitics.fr\\\/2024\\\/02\\\/01\\\/france-2-suspendu-au-mali\\\/#article\",\"isPartOf\":{\"@id\":\"https:\\\/\\\/www.geopolitics.fr\\\/2024\\\/02\\\/01\\\/france-2-suspendu-au-mali\\\/\"},\"author\":{\"name\":\"contact@geopolitics.fr\",\"@id\":\"https:\\\/\\\/www.geopolitics.fr\\\/#\\\/schema\\\/person\\\/69dde260ad11805e2aa68f0d9e9128da\"},\"headline\":\"France 2 suspendu au Mali\",\"datePublished\":\"2024-02-01T19:32:00+00:00\",\"dateModified\":\"2024-03-26T20:46:35+00:00\",\"mainEntityOfPage\":{\"@id\":\"https:\\\/\\\/www.geopolitics.fr\\\/2024\\\/02\\\/01\\\/france-2-suspendu-au-mali\\\/\"},\"wordCount\":200,\"commentCount\":0,\"publisher\":{\"@id\":\"https:\\\/\\\/www.geopolitics.fr\\\/#organization\"},\"image\":{\"@id\":\"https:\\\/\\\/www.geopolitics.fr\\\/2024\\\/02\\\/01\\\/france-2-suspendu-au-mali\\\/#primaryimage\"},\"thumbnailUrl\":\"https:\\\/\\\/www.geopolitics.fr\\\/wp-content\\\/uploads\\\/2024\\\/02\\\/FRANCE-2-MALI-scaled.jpg\",\"keywords\":[\"France\",\"FRANCE 2\",\"MALI\"],\"articleSection\":[\"International\"],\"inLanguage\":\"en-GB\"},{\"@type\":\"WebPage\",\"@id\":\"https:\\\/\\\/www.geopolitics.fr\\\/2024\\\/02\\\/01\\\/france-2-suspendu-au-mali\\\/\",\"url\":\"https:\\\/\\\/www.geopolitics.fr\\\/2024\\\/02\\\/01\\\/france-2-suspendu-au-mali\\\/\",\"name\":\"France 2 suspendu au Mali | Geopolitics.fr\",\"isPartOf\":{\"@id\":\"https:\\\/\\\/www.geopolitics.fr\\\/#website\"},\"primaryImageOfPage\":{\"@id\":\"https:\\\/\\\/www.geopolitics.fr\\\/2024\\\/02\\\/01\\\/france-2-suspendu-au-mali\\\/#primaryimage\"},\"image\":{\"@id\":\"https:\\\/\\\/www.geopolitics.fr\\\/2024\\\/02\\\/01\\\/france-2-suspendu-au-mali\\\/#primaryimage\"},\"thumbnailUrl\":\"https:\\\/\\\/www.geopolitics.fr\\\/wp-content\\\/uploads\\\/2024\\\/02\\\/FRANCE-2-MALI-scaled.jpg\",\"datePublished\":\"2024-02-01T19:32:00+00:00\",\"dateModified\":\"2024-03-26T20:46:35+00:00\",\"breadcrumb\":{\"@id\":\"https:\\\/\\\/www.geopolitics.fr\\\/2024\\\/02\\\/01\\\/france-2-suspendu-au-mali\\\/#breadcrumb\"},\"inLanguage\":\"en-GB\",\"potentialAction\":[{\"@type\":\"ReadAction\",\"target\":[\"https:\\\/\\\/www.geopolitics.fr\\\/2024\\\/02\\\/01\\\/france-2-suspendu-au-mali\\\/\"]}]},{\"@type\":\"ImageObject\",\"inLanguage\":\"en-GB\",\"@id\":\"https:\\\/\\\/www.geopolitics.fr\\\/2024\\\/02\\\/01\\\/france-2-suspendu-au-mali\\\/#primaryimage\",\"url\":\"https:\\\/\\\/www.geopolitics.fr\\\/wp-content\\\/uploads\\\/2024\\\/02\\\/FRANCE-2-MALI-scaled.jpg\",\"contentUrl\":\"https:\\\/\\\/www.geopolitics.fr\\\/wp-content\\\/uploads\\\/2024\\\/02\\\/FRANCE-2-MALI-scaled.jpg\",\"width\":1920,\"height\":1277},{\"@type\":\"BreadcrumbList\",\"@id\":\"https:\\\/\\\/www.geopolitics.fr\\\/2024\\\/02\\\/01\\\/france-2-suspendu-au-mali\\\/#breadcrumb\",\"itemListElement\":[{\"@type\":\"ListItem\",\"position\":1,\"name\":\"Accueil\",\"item\":\"https:\\\/\\\/www.geopolitics.fr\\\/\"},{\"@type\":\"ListItem\",\"position\":2,\"name\":\"France 2 suspendu au Mali\"}]},{\"@type\":\"WebSite\",\"@id\":\"https:\\\/\\\/www.geopolitics.fr\\\/#website\",\"url\":\"https:\\\/\\\/www.geopolitics.fr\\\/\",\"name\":\"Geopolitics.fr\",\"description\":\"Geopolitics.fr Analyse politique, relations internationales, d\u00e9fense - ligne \u00e9ditoriale gaullo-chiraquienne\",\"publisher\":{\"@id\":\"https:\\\/\\\/www.geopolitics.fr\\\/#organization\"},\"potentialAction\":[{\"@type\":\"SearchAction\",\"target\":{\"@type\":\"EntryPoint\",\"urlTemplate\":\"https:\\\/\\\/www.geopolitics.fr\\\/?s={search_term_string}\"},\"query-input\":{\"@type\":\"PropertyValueSpecification\",\"valueRequired\":true,\"valueName\":\"search_term_string\"}}],\"inLanguage\":\"en-GB\"},{\"@type\":\"Organization\",\"@id\":\"https:\\\/\\\/www.geopolitics.fr\\\/#organization\",\"name\":\"Geopolitics.fr\",\"url\":\"https:\\\/\\\/www.geopolitics.fr\\\/\",\"logo\":{\"@type\":\"ImageObject\",\"inLanguage\":\"en-GB\",\"@id\":\"https:\\\/\\\/www.geopolitics.fr\\\/#\\\/schema\\\/logo\\\/image\\\/\",\"url\":\"https:\\\/\\\/www.geopolitics.fr\\\/wp-content\\\/uploads\\\/2024\\\/01\\\/logo.jpg\",\"contentUrl\":\"https:\\\/\\\/www.geopolitics.fr\\\/wp-content\\\/uploads\\\/2024\\\/01\\\/logo.jpg\",\"width\":500,\"height\":500,\"caption\":\"Geopolitics.fr\"},\"image\":{\"@id\":\"https:\\\/\\\/www.geopolitics.fr\\\/#\\\/schema\\\/logo\\\/image\\\/\"},\"sameAs\":[\"https:\\\/\\\/www.facebook.com\\\/people\\\/Erwan-Davoux\\\/61557098968092\\\/\",\"https:\\\/\\\/x.com\\\/Geopolitics_Fr\"]},{\"@type\":\"Person\",\"@id\":\"https:\\\/\\\/www.geopolitics.fr\\\/#\\\/schema\\\/person\\\/69dde260ad11805e2aa68f0d9e9128da\",\"name\":\"contact@geopolitics.fr\",\"image\":{\"@type\":\"ImageObject\",\"inLanguage\":\"en-GB\",\"@id\":\"https:\\\/\\\/www.geopolitics.fr\\\/wp-content\\\/uploads\\\/2024\\\/01\\\/edito-bonne-banniere-96x96.jpg\",\"url\":\"https:\\\/\\\/www.geopolitics.fr\\\/wp-content\\\/uploads\\\/2024\\\/01\\\/edito-bonne-banniere-96x96.jpg\",\"contentUrl\":\"https:\\\/\\\/www.geopolitics.fr\\\/wp-content\\\/uploads\\\/2024\\\/01\\\/edito-bonne-banniere-96x96.jpg\",\"caption\":\"contact@geopolitics.fr\"},\"url\":\"https:\\\/\\\/www.geopolitics.fr\\\/en\\\/author\\\/contactgeopolitics-fr\\\/\"}]}<\/script>\n<!-- \/ Yoast SEO Premium plugin. -->","yoast_head_json":{"title":"France 2 suspendu au Mali | Geopolitics.fr","robots":{"index":"index","follow":"follow","max-snippet":"max-snippet:-1","max-image-preview":"max-image-preview:large","max-video-preview":"max-video-preview:-1"},"canonical":"https:\/\/www.geopolitics.fr\/en\/2024\/02\/01\/france-2-suspendu-au-mali\/","og_locale":"en_GB","og_type":"article","og_title":"France 2 suspendu au Mali","og_description":"Dans un document en date du 31 janvier \u00e9manant de la Primature malienne (plus pr\u00e9cis\u00e9ment de la \u00ab\u00a0Haute Autorit\u00e9 de la Communication\u00a0\u00bb)&hellip;","og_url":"https:\/\/www.geopolitics.fr\/en\/2024\/02\/01\/france-2-suspendu-au-mali\/","og_site_name":"Geopolitics.fr","article_publisher":"https:\/\/www.facebook.com\/people\/Erwan-Davoux\/61557098968092\/","article_published_time":"2024-02-01T19:32:00+00:00","article_modified_time":"2024-03-26T20:46:35+00:00","og_image":[{"width":2560,"height":1703,"url":"https:\/\/www.geopolitics.fr\/wp-content\/uploads\/2024\/02\/FRANCE-2-MALI-scaled.jpg","type":"image\/jpeg"}],"author":"contact@geopolitics.fr","twitter_card":"summary_large_image","twitter_creator":"@Geopolitics_Fr","twitter_site":"@Geopolitics_Fr","twitter_misc":{"Written by":"contact@geopolitics.fr","Estimated reading time":"2 minutes"},"schema":{"@context":"https:\/\/schema.org","@graph":[{"@type":"Article","@id":"https:\/\/www.geopolitics.fr\/2024\/02\/01\/france-2-suspendu-au-mali\/#article","isPartOf":{"@id":"https:\/\/www.geopolitics.fr\/2024\/02\/01\/france-2-suspendu-au-mali\/"},"author":{"name":"contact@geopolitics.fr","@id":"https:\/\/www.geopolitics.fr\/#\/schema\/person\/69dde260ad11805e2aa68f0d9e9128da"},"headline":"France 2 suspendu au Mali","datePublished":"2024-02-01T19:32:00+00:00","dateModified":"2024-03-26T20:46:35+00:00","mainEntityOfPage":{"@id":"https:\/\/www.geopolitics.fr\/2024\/02\/01\/france-2-suspendu-au-mali\/"},"wordCount":200,"commentCount":0,"publisher":{"@id":"https:\/\/www.geopolitics.fr\/#organization"},"image":{"@id":"https:\/\/www.geopolitics.fr\/2024\/02\/01\/france-2-suspendu-au-mali\/#primaryimage"},"thumbnailUrl":"https:\/\/www.geopolitics.fr\/wp-content\/uploads\/2024\/02\/FRANCE-2-MALI-scaled.jpg","keywords":["France","FRANCE 2","MALI"],"articleSection":["International"],"inLanguage":"en-GB"},{"@type":"WebPage","@id":"https:\/\/www.geopolitics.fr\/2024\/02\/01\/france-2-suspendu-au-mali\/","url":"https:\/\/www.geopolitics.fr\/2024\/02\/01\/france-2-suspendu-au-mali\/","name":"France 2 suspendu au Mali | Geopolitics.fr","isPartOf":{"@id":"https:\/\/www.geopolitics.fr\/#website"},"primaryImageOfPage":{"@id":"https:\/\/www.geopolitics.fr\/2024\/02\/01\/france-2-suspendu-au-mali\/#primaryimage"},"image":{"@id":"https:\/\/www.geopolitics.fr\/2024\/02\/01\/france-2-suspendu-au-mali\/#primaryimage"},"thumbnailUrl":"https:\/\/www.geopolitics.fr\/wp-content\/uploads\/2024\/02\/FRANCE-2-MALI-scaled.jpg","datePublished":"2024-02-01T19:32:00+00:00","dateModified":"2024-03-26T20:46:35+00:00","breadcrumb":{"@id":"https:\/\/www.geopolitics.fr\/2024\/02\/01\/france-2-suspendu-au-mali\/#breadcrumb"},"inLanguage":"en-GB","potentialAction":[{"@type":"ReadAction","target":["https:\/\/www.geopolitics.fr\/2024\/02\/01\/france-2-suspendu-au-mali\/"]}]},{"@type":"ImageObject","inLanguage":"en-GB","@id":"https:\/\/www.geopolitics.fr\/2024\/02\/01\/france-2-suspendu-au-mali\/#primaryimage","url":"https:\/\/www.geopolitics.fr\/wp-content\/uploads\/2024\/02\/FRANCE-2-MALI-scaled.jpg","contentUrl":"https:\/\/www.geopolitics.fr\/wp-content\/uploads\/2024\/02\/FRANCE-2-MALI-scaled.jpg","width":1920,"height":1277},{"@type":"BreadcrumbList","@id":"https:\/\/www.geopolitics.fr\/2024\/02\/01\/france-2-suspendu-au-mali\/#breadcrumb","itemListElement":[{"@type":"ListItem","position":1,"name":"Accueil","item":"https:\/\/www.geopolitics.fr\/"},{"@type":"ListItem","position":2,"name":"France 2 suspendu au Mali"}]},{"@type":"WebSite","@id":"https:\/\/www.geopolitics.fr\/#website","url":"https:\/\/www.geopolitics.fr\/","name":"Geopolitics.fr","description":"Geopolitics.fr Analyse politique, relations internationales, d\u00e9fense - ligne \u00e9ditoriale gaullo-chiraquienne","publisher":{"@id":"https:\/\/www.geopolitics.fr\/#organization"},"potentialAction":[{"@type":"SearchAction","target":{"@type":"EntryPoint","urlTemplate":"https:\/\/www.geopolitics.fr\/?s={search_term_string}"},"query-input":{"@type":"PropertyValueSpecification","valueRequired":true,"valueName":"search_term_string"}}],"inLanguage":"en-GB"},{"@type":"Organization","@id":"https:\/\/www.geopolitics.fr\/#organization","name":"Geopolitics.fr","url":"https:\/\/www.geopolitics.fr\/","logo":{"@type":"ImageObject","inLanguage":"en-GB","@id":"https:\/\/www.geopolitics.fr\/#\/schema\/logo\/image\/","url":"https:\/\/www.geopolitics.fr\/wp-content\/uploads\/2024\/01\/logo.jpg","contentUrl":"https:\/\/www.geopolitics.fr\/wp-content\/uploads\/2024\/01\/logo.jpg","width":500,"height":500,"caption":"Geopolitics.fr"},"image":{"@id":"https:\/\/www.geopolitics.fr\/#\/schema\/logo\/image\/"},"sameAs":["https:\/\/www.facebook.com\/people\/Erwan-Davoux\/61557098968092\/","https:\/\/x.com\/Geopolitics_Fr"]},{"@type":"Person","@id":"https:\/\/www.geopolitics.fr\/#\/schema\/person\/69dde260ad11805e2aa68f0d9e9128da","name":"contact@geopolitics.fr","image":{"@type":"ImageObject","inLanguage":"en-GB","@id":"https:\/\/www.geopolitics.fr\/wp-content\/uploads\/2024\/01\/edito-bonne-banniere-96x96.jpg","url":"https:\/\/www.geopolitics.fr\/wp-content\/uploads\/2024\/01\/edito-bonne-banniere-96x96.jpg","contentUrl":"https:\/\/www.geopolitics.fr\/wp-content\/uploads\/2024\/01\/edito-bonne-banniere-96x96.jpg","caption":"contact@geopolitics.fr"},"url":"https:\/\/www.geopolitics.fr\/en\/author\/contactgeopolitics-fr\/"}]}},"_links":{"self":[{"href":"https:\/\/www.geopolitics.fr\/en\/wp-json\/wp\/v2\/posts\/2217","targetHints":{"allow":["GET"]}}],"collection":[{"href":"https:\/\/www.geopolitics.fr\/en\/wp-json\/wp\/v2\/posts"}],"about":[{"href":"https:\/\/www.geopolitics.fr\/en\/wp-json\/wp\/v2\/types\/post"}],"author":[{"embeddable":true,"href":"https:\/\/www.geopolitics.fr\/en\/wp-json\/wp\/v2\/users\/9"}],"replies":[{"embeddable":true,"href":"https:\/\/www.geopolitics.fr\/en\/wp-json\/wp\/v2\/comments?post=2217"}],"version-history":[{"count":0,"href":"https:\/\/www.geopolitics.fr\/en\/wp-json\/wp\/v2\/posts\/2217\/revisions"}],"wp:featuredmedia":[{"embeddable":true,"href":"https:\/\/www.geopolitics.fr\/en\/wp-json\/wp\/v2\/media\/2218"}],"wp:attachment":[{"href":"https:\/\/www.geopolitics.fr\/en\/wp-json\/wp\/v2\/media?parent=2217"}],"wp:term":[{"taxonomy":"category","embeddable":true,"href":"https:\/\/www.geopolitics.fr\/en\/wp-json\/wp\/v2\/categories?post=2217"},{"taxonomy":"post_tag","embeddable":true,"href":"https:\/\/www.geopolitics.fr\/en\/wp-json\/wp\/v2\/tags?post=2217"}],"curies":[{"name":"wp","href":"https:\/\/api.w.org\/{rel}","templated":true}]}}