{"id":2211,"date":"2024-02-01T14:12:02","date_gmt":"2024-02-01T13:12:02","guid":{"rendered":"https:\/\/www.geopolitics.fr\/?p=2211"},"modified":"2024-03-26T21:49:26","modified_gmt":"2024-03-26T20:49:26","slug":"mauvaise-passe-pour-gerald-darmanin","status":"publish","type":"post","link":"https:\/\/www.geopolitics.fr\/en\/2024\/02\/01\/mauvaise-passe-pour-gerald-darmanin\/","title":{"rendered":"Mauvaise passe pour G\u00e9rald Darmanin&#8230;"},"content":{"rendered":"<p class=\"has-medium-font-size wp-block-paragraph\">Cela n&rsquo;avait \u00e9chapp\u00e9 \u00e0 personne, les poids lourds de la Macronie ont tr\u00e8s mal v\u00e9cu la promotion du \u00ab\u00a0jeune\u00a0\u00bb Gabriel Attal. Ils se sont charg\u00e9s d&rsquo;annoncer eux-m\u00eames leur maintien dans leurs fonctions minist\u00e9rielles et de faire savoir qu&rsquo;ils ne r\u00e9f\u00e9raient qu&rsquo;au Pr\u00e9sident seul. Dans ce contexte, la tension est palpable entre le nouveau Premier ministre et G\u00e9rald Darmanin. Gabriel Attal a consacr\u00e9 son deuxi\u00e8me d\u00e9placement \u00e0 la s\u00e9curit\u00e9 dans un commissariat du Val d&rsquo;Oise, le 10 janvier et a signifi\u00e9, tr\u00e8s clairement, que ce serait une question centrale pour lui. Le 14 janvier, c&rsquo;est Gabriel Attal qui convoquait directement une cellule de crise, Place Beauvau, pour anticiper le passage du cyclone \u00ab\u00a0Belal\u00a0\u00bb. Alors que G\u00e9rald Darmanin dispose d&rsquo;un statut de premier ministrable et qu&rsquo;il jouissait d&rsquo;une grande autonomie dans ses fonctions, il appr\u00e9cie peu de voir le Premier ministre communiquer sur ses sujets, marcher sur ses plates-bandes et d&rsquo;\u00eatre contraint de jouer les seconds r\u00f4les en l&rsquo;accueillant \u00e0 chacun de ses d\u00e9placements sur le terrain. Pour couronner le tout, les chiffres de la d\u00e9linquance publi\u00e9s le 31 janvier sont franchement mauvais avec une hausse de la quasi-totalit\u00e9 des indicateurs depuis 2023. De nature \u00e0 convaincre le Ministre de l&rsquo;Int\u00e9rieur qu&rsquo;il est temps de franchir une nouvelle \u00e9tape ou d&rsquo;examiner d&rsquo;autres options ?<\/p>","protected":false},"excerpt":{"rendered":"<p>Cela n&rsquo;avait \u00e9chapp\u00e9 \u00e0 personne, les poids lourds de la Macronie ont tr\u00e8s mal v\u00e9cu la promotion du \u00ab\u00a0jeune\u00a0\u00bb Gabriel Attal. Ils&hellip;<\/p>","protected":false},"author":9,"featured_media":2176,"comment_status":"open","ping_status":"open","sticky":false,"template":"","format":"standard","meta":{"_lmt_disableupdate":"","_lmt_disable":"","footnotes":""},"categories":[41,3],"tags":[119,181],"class_list":["post-2211","post","type-post","status-publish","format-standard","has-post-thumbnail","hentry","category-actualite","category-politique","tag-attal","tag-darmanin"],"yoast_head":"<!-- This site is optimized with the Yoast SEO Premium plugin v28.1 (Yoast SEO v28.1) - https:\/\/yoast.com\/product\/yoast-seo-premium-wordpress\/ -->\n<title>Mauvaise passe pour G\u00e9rald Darmanin... | Geopolitics.fr<\/title>\n<meta name=\"robots\" content=\"index, follow, max-snippet:-1, max-image-preview:large, max-video-preview:-1\" \/>\n<link rel=\"canonical\" href=\"https:\/\/www.geopolitics.fr\/en\/2024\/02\/01\/mauvaise-passe-pour-gerald-darmanin\/\" \/>\n<meta property=\"og:locale\" content=\"en_GB\" \/>\n<meta property=\"og:type\" content=\"article\" \/>\n<meta property=\"og:title\" content=\"Mauvaise passe pour G\u00e9rald Darmanin...\" \/>\n<meta property=\"og:description\" content=\"Cela n&rsquo;avait \u00e9chapp\u00e9 \u00e0 personne, les poids lourds de la Macronie ont tr\u00e8s mal v\u00e9cu la promotion du \u00ab\u00a0jeune\u00a0\u00bb Gabriel Attal. Ils&hellip;\" \/>\n<meta property=\"og:url\" content=\"https:\/\/www.geopolitics.fr\/en\/2024\/02\/01\/mauvaise-passe-pour-gerald-darmanin\/\" \/>\n<meta property=\"og:site_name\" content=\"Geopolitics.fr\" \/>\n<meta property=\"article:publisher\" content=\"https:\/\/www.facebook.com\/people\/Erwan-Davoux\/61557098968092\/\" \/>\n<meta property=\"article:published_time\" content=\"2024-02-01T13:12:02+00:00\" \/>\n<meta property=\"article:modified_time\" content=\"2024-03-26T20:49:26+00:00\" \/>\n<meta property=\"og:image\" content=\"https:\/\/www.geopolitics.fr\/wp-content\/uploads\/2024\/01\/edito-bonne-banniere.jpg\" \/>\n\t<meta property=\"og:image:width\" content=\"600\" \/>\n\t<meta property=\"og:image:height\" content=\"600\" \/>\n\t<meta property=\"og:image:type\" content=\"image\/jpeg\" \/>\n<meta name=\"author\" content=\"contact@geopolitics.fr\" \/>\n<meta name=\"twitter:card\" content=\"summary_large_image\" \/>\n<meta name=\"twitter:creator\" content=\"@Geopolitics_Fr\" \/>\n<meta name=\"twitter:site\" content=\"@Geopolitics_Fr\" \/>\n<meta name=\"twitter:label1\" content=\"Written by\" \/>\n\t<meta name=\"twitter:data1\" content=\"contact@geopolitics.fr\" \/>\n\t<meta name=\"twitter:label2\" content=\"Estimated reading time\" \/>\n\t<meta name=\"twitter:data2\" content=\"2 minutes\" \/>\n<script type=\"application\/ld+json\" class=\"yoast-schema-graph\">{\"@context\":\"https:\\\/\\\/schema.org\",\"@graph\":[{\"@type\":\"Article\",\"@id\":\"https:\\\/\\\/www.geopolitics.fr\\\/2024\\\/02\\\/01\\\/mauvaise-passe-pour-gerald-darmanin\\\/#article\",\"isPartOf\":{\"@id\":\"https:\\\/\\\/www.geopolitics.fr\\\/2024\\\/02\\\/01\\\/mauvaise-passe-pour-gerald-darmanin\\\/\"},\"author\":{\"name\":\"contact@geopolitics.fr\",\"@id\":\"https:\\\/\\\/www.geopolitics.fr\\\/#\\\/schema\\\/person\\\/69dde260ad11805e2aa68f0d9e9128da\"},\"headline\":\"Mauvaise passe pour G\u00e9rald Darmanin&#8230;\",\"datePublished\":\"2024-02-01T13:12:02+00:00\",\"dateModified\":\"2024-03-26T20:49:26+00:00\",\"mainEntityOfPage\":{\"@id\":\"https:\\\/\\\/www.geopolitics.fr\\\/2024\\\/02\\\/01\\\/mauvaise-passe-pour-gerald-darmanin\\\/\"},\"wordCount\":244,\"commentCount\":0,\"publisher\":{\"@id\":\"https:\\\/\\\/www.geopolitics.fr\\\/#organization\"},\"image\":{\"@id\":\"https:\\\/\\\/www.geopolitics.fr\\\/2024\\\/02\\\/01\\\/mauvaise-passe-pour-gerald-darmanin\\\/#primaryimage\"},\"thumbnailUrl\":\"https:\\\/\\\/www.geopolitics.fr\\\/wp-content\\\/uploads\\\/2024\\\/01\\\/edito-bonne-banniere.jpg\",\"keywords\":[\"ATTAL\",\"DARMANIN\"],\"articleSection\":[\"Actualit\u00e9\",\"Politique\"],\"inLanguage\":\"en-GB\"},{\"@type\":\"WebPage\",\"@id\":\"https:\\\/\\\/www.geopolitics.fr\\\/2024\\\/02\\\/01\\\/mauvaise-passe-pour-gerald-darmanin\\\/\",\"url\":\"https:\\\/\\\/www.geopolitics.fr\\\/2024\\\/02\\\/01\\\/mauvaise-passe-pour-gerald-darmanin\\\/\",\"name\":\"Mauvaise passe pour G\u00e9rald Darmanin... | Geopolitics.fr\",\"isPartOf\":{\"@id\":\"https:\\\/\\\/www.geopolitics.fr\\\/#website\"},\"primaryImageOfPage\":{\"@id\":\"https:\\\/\\\/www.geopolitics.fr\\\/2024\\\/02\\\/01\\\/mauvaise-passe-pour-gerald-darmanin\\\/#primaryimage\"},\"image\":{\"@id\":\"https:\\\/\\\/www.geopolitics.fr\\\/2024\\\/02\\\/01\\\/mauvaise-passe-pour-gerald-darmanin\\\/#primaryimage\"},\"thumbnailUrl\":\"https:\\\/\\\/www.geopolitics.fr\\\/wp-content\\\/uploads\\\/2024\\\/01\\\/edito-bonne-banniere.jpg\",\"datePublished\":\"2024-02-01T13:12:02+00:00\",\"dateModified\":\"2024-03-26T20:49:26+00:00\",\"breadcrumb\":{\"@id\":\"https:\\\/\\\/www.geopolitics.fr\\\/2024\\\/02\\\/01\\\/mauvaise-passe-pour-gerald-darmanin\\\/#breadcrumb\"},\"inLanguage\":\"en-GB\",\"potentialAction\":[{\"@type\":\"ReadAction\",\"target\":[\"https:\\\/\\\/www.geopolitics.fr\\\/2024\\\/02\\\/01\\\/mauvaise-passe-pour-gerald-darmanin\\\/\"]}]},{\"@type\":\"ImageObject\",\"inLanguage\":\"en-GB\",\"@id\":\"https:\\\/\\\/www.geopolitics.fr\\\/2024\\\/02\\\/01\\\/mauvaise-passe-pour-gerald-darmanin\\\/#primaryimage\",\"url\":\"https:\\\/\\\/www.geopolitics.fr\\\/wp-content\\\/uploads\\\/2024\\\/01\\\/edito-bonne-banniere.jpg\",\"contentUrl\":\"https:\\\/\\\/www.geopolitics.fr\\\/wp-content\\\/uploads\\\/2024\\\/01\\\/edito-bonne-banniere.jpg\",\"width\":600,\"height\":600},{\"@type\":\"BreadcrumbList\",\"@id\":\"https:\\\/\\\/www.geopolitics.fr\\\/2024\\\/02\\\/01\\\/mauvaise-passe-pour-gerald-darmanin\\\/#breadcrumb\",\"itemListElement\":[{\"@type\":\"ListItem\",\"position\":1,\"name\":\"Accueil\",\"item\":\"https:\\\/\\\/www.geopolitics.fr\\\/\"},{\"@type\":\"ListItem\",\"position\":2,\"name\":\"Mauvaise passe pour G\u00e9rald Darmanin&#8230;\"}]},{\"@type\":\"WebSite\",\"@id\":\"https:\\\/\\\/www.geopolitics.fr\\\/#website\",\"url\":\"https:\\\/\\\/www.geopolitics.fr\\\/\",\"name\":\"Geopolitics.fr\",\"description\":\"Geopolitics.fr Analyse politique, relations internationales, d\u00e9fense - ligne \u00e9ditoriale gaullo-chiraquienne\",\"publisher\":{\"@id\":\"https:\\\/\\\/www.geopolitics.fr\\\/#organization\"},\"potentialAction\":[{\"@type\":\"SearchAction\",\"target\":{\"@type\":\"EntryPoint\",\"urlTemplate\":\"https:\\\/\\\/www.geopolitics.fr\\\/?s={search_term_string}\"},\"query-input\":{\"@type\":\"PropertyValueSpecification\",\"valueRequired\":true,\"valueName\":\"search_term_string\"}}],\"inLanguage\":\"en-GB\"},{\"@type\":\"Organization\",\"@id\":\"https:\\\/\\\/www.geopolitics.fr\\\/#organization\",\"name\":\"Geopolitics.fr\",\"url\":\"https:\\\/\\\/www.geopolitics.fr\\\/\",\"logo\":{\"@type\":\"ImageObject\",\"inLanguage\":\"en-GB\",\"@id\":\"https:\\\/\\\/www.geopolitics.fr\\\/#\\\/schema\\\/logo\\\/image\\\/\",\"url\":\"https:\\\/\\\/www.geopolitics.fr\\\/wp-content\\\/uploads\\\/2024\\\/01\\\/logo.jpg\",\"contentUrl\":\"https:\\\/\\\/www.geopolitics.fr\\\/wp-content\\\/uploads\\\/2024\\\/01\\\/logo.jpg\",\"width\":500,\"height\":500,\"caption\":\"Geopolitics.fr\"},\"image\":{\"@id\":\"https:\\\/\\\/www.geopolitics.fr\\\/#\\\/schema\\\/logo\\\/image\\\/\"},\"sameAs\":[\"https:\\\/\\\/www.facebook.com\\\/people\\\/Erwan-Davoux\\\/61557098968092\\\/\",\"https:\\\/\\\/x.com\\\/Geopolitics_Fr\"]},{\"@type\":\"Person\",\"@id\":\"https:\\\/\\\/www.geopolitics.fr\\\/#\\\/schema\\\/person\\\/69dde260ad11805e2aa68f0d9e9128da\",\"name\":\"contact@geopolitics.fr\",\"image\":{\"@type\":\"ImageObject\",\"inLanguage\":\"en-GB\",\"@id\":\"https:\\\/\\\/www.geopolitics.fr\\\/wp-content\\\/uploads\\\/2024\\\/01\\\/edito-bonne-banniere-96x96.jpg\",\"url\":\"https:\\\/\\\/www.geopolitics.fr\\\/wp-content\\\/uploads\\\/2024\\\/01\\\/edito-bonne-banniere-96x96.jpg\",\"contentUrl\":\"https:\\\/\\\/www.geopolitics.fr\\\/wp-content\\\/uploads\\\/2024\\\/01\\\/edito-bonne-banniere-96x96.jpg\",\"caption\":\"contact@geopolitics.fr\"},\"url\":\"https:\\\/\\\/www.geopolitics.fr\\\/en\\\/author\\\/contactgeopolitics-fr\\\/\"}]}<\/script>\n<!-- \/ Yoast SEO Premium plugin. -->","yoast_head_json":{"title":"Mauvaise passe pour G\u00e9rald Darmanin... | Geopolitics.fr","robots":{"index":"index","follow":"follow","max-snippet":"max-snippet:-1","max-image-preview":"max-image-preview:large","max-video-preview":"max-video-preview:-1"},"canonical":"https:\/\/www.geopolitics.fr\/en\/2024\/02\/01\/mauvaise-passe-pour-gerald-darmanin\/","og_locale":"en_GB","og_type":"article","og_title":"Mauvaise passe pour G\u00e9rald Darmanin...","og_description":"Cela n&rsquo;avait \u00e9chapp\u00e9 \u00e0 personne, les poids lourds de la Macronie ont tr\u00e8s mal v\u00e9cu la promotion du \u00ab\u00a0jeune\u00a0\u00bb Gabriel Attal. Ils&hellip;","og_url":"https:\/\/www.geopolitics.fr\/en\/2024\/02\/01\/mauvaise-passe-pour-gerald-darmanin\/","og_site_name":"Geopolitics.fr","article_publisher":"https:\/\/www.facebook.com\/people\/Erwan-Davoux\/61557098968092\/","article_published_time":"2024-02-01T13:12:02+00:00","article_modified_time":"2024-03-26T20:49:26+00:00","og_image":[{"width":600,"height":600,"url":"https:\/\/www.geopolitics.fr\/wp-content\/uploads\/2024\/01\/edito-bonne-banniere.jpg","type":"image\/jpeg"}],"author":"contact@geopolitics.fr","twitter_card":"summary_large_image","twitter_creator":"@Geopolitics_Fr","twitter_site":"@Geopolitics_Fr","twitter_misc":{"Written by":"contact@geopolitics.fr","Estimated reading time":"2 minutes"},"schema":{"@context":"https:\/\/schema.org","@graph":[{"@type":"Article","@id":"https:\/\/www.geopolitics.fr\/2024\/02\/01\/mauvaise-passe-pour-gerald-darmanin\/#article","isPartOf":{"@id":"https:\/\/www.geopolitics.fr\/2024\/02\/01\/mauvaise-passe-pour-gerald-darmanin\/"},"author":{"name":"contact@geopolitics.fr","@id":"https:\/\/www.geopolitics.fr\/#\/schema\/person\/69dde260ad11805e2aa68f0d9e9128da"},"headline":"Mauvaise passe pour G\u00e9rald Darmanin&#8230;","datePublished":"2024-02-01T13:12:02+00:00","dateModified":"2024-03-26T20:49:26+00:00","mainEntityOfPage":{"@id":"https:\/\/www.geopolitics.fr\/2024\/02\/01\/mauvaise-passe-pour-gerald-darmanin\/"},"wordCount":244,"commentCount":0,"publisher":{"@id":"https:\/\/www.geopolitics.fr\/#organization"},"image":{"@id":"https:\/\/www.geopolitics.fr\/2024\/02\/01\/mauvaise-passe-pour-gerald-darmanin\/#primaryimage"},"thumbnailUrl":"https:\/\/www.geopolitics.fr\/wp-content\/uploads\/2024\/01\/edito-bonne-banniere.jpg","keywords":["ATTAL","DARMANIN"],"articleSection":["Actualit\u00e9","Politique"],"inLanguage":"en-GB"},{"@type":"WebPage","@id":"https:\/\/www.geopolitics.fr\/2024\/02\/01\/mauvaise-passe-pour-gerald-darmanin\/","url":"https:\/\/www.geopolitics.fr\/2024\/02\/01\/mauvaise-passe-pour-gerald-darmanin\/","name":"Mauvaise passe pour G\u00e9rald Darmanin... | Geopolitics.fr","isPartOf":{"@id":"https:\/\/www.geopolitics.fr\/#website"},"primaryImageOfPage":{"@id":"https:\/\/www.geopolitics.fr\/2024\/02\/01\/mauvaise-passe-pour-gerald-darmanin\/#primaryimage"},"image":{"@id":"https:\/\/www.geopolitics.fr\/2024\/02\/01\/mauvaise-passe-pour-gerald-darmanin\/#primaryimage"},"thumbnailUrl":"https:\/\/www.geopolitics.fr\/wp-content\/uploads\/2024\/01\/edito-bonne-banniere.jpg","datePublished":"2024-02-01T13:12:02+00:00","dateModified":"2024-03-26T20:49:26+00:00","breadcrumb":{"@id":"https:\/\/www.geopolitics.fr\/2024\/02\/01\/mauvaise-passe-pour-gerald-darmanin\/#breadcrumb"},"inLanguage":"en-GB","potentialAction":[{"@type":"ReadAction","target":["https:\/\/www.geopolitics.fr\/2024\/02\/01\/mauvaise-passe-pour-gerald-darmanin\/"]}]},{"@type":"ImageObject","inLanguage":"en-GB","@id":"https:\/\/www.geopolitics.fr\/2024\/02\/01\/mauvaise-passe-pour-gerald-darmanin\/#primaryimage","url":"https:\/\/www.geopolitics.fr\/wp-content\/uploads\/2024\/01\/edito-bonne-banniere.jpg","contentUrl":"https:\/\/www.geopolitics.fr\/wp-content\/uploads\/2024\/01\/edito-bonne-banniere.jpg","width":600,"height":600},{"@type":"BreadcrumbList","@id":"https:\/\/www.geopolitics.fr\/2024\/02\/01\/mauvaise-passe-pour-gerald-darmanin\/#breadcrumb","itemListElement":[{"@type":"ListItem","position":1,"name":"Accueil","item":"https:\/\/www.geopolitics.fr\/"},{"@type":"ListItem","position":2,"name":"Mauvaise passe pour G\u00e9rald Darmanin&#8230;"}]},{"@type":"WebSite","@id":"https:\/\/www.geopolitics.fr\/#website","url":"https:\/\/www.geopolitics.fr\/","name":"Geopolitics.fr","description":"Geopolitics.fr Analyse politique, relations internationales, d\u00e9fense - ligne \u00e9ditoriale gaullo-chiraquienne","publisher":{"@id":"https:\/\/www.geopolitics.fr\/#organization"},"potentialAction":[{"@type":"SearchAction","target":{"@type":"EntryPoint","urlTemplate":"https:\/\/www.geopolitics.fr\/?s={search_term_string}"},"query-input":{"@type":"PropertyValueSpecification","valueRequired":true,"valueName":"search_term_string"}}],"inLanguage":"en-GB"},{"@type":"Organization","@id":"https:\/\/www.geopolitics.fr\/#organization","name":"Geopolitics.fr","url":"https:\/\/www.geopolitics.fr\/","logo":{"@type":"ImageObject","inLanguage":"en-GB","@id":"https:\/\/www.geopolitics.fr\/#\/schema\/logo\/image\/","url":"https:\/\/www.geopolitics.fr\/wp-content\/uploads\/2024\/01\/logo.jpg","contentUrl":"https:\/\/www.geopolitics.fr\/wp-content\/uploads\/2024\/01\/logo.jpg","width":500,"height":500,"caption":"Geopolitics.fr"},"image":{"@id":"https:\/\/www.geopolitics.fr\/#\/schema\/logo\/image\/"},"sameAs":["https:\/\/www.facebook.com\/people\/Erwan-Davoux\/61557098968092\/","https:\/\/x.com\/Geopolitics_Fr"]},{"@type":"Person","@id":"https:\/\/www.geopolitics.fr\/#\/schema\/person\/69dde260ad11805e2aa68f0d9e9128da","name":"contact@geopolitics.fr","image":{"@type":"ImageObject","inLanguage":"en-GB","@id":"https:\/\/www.geopolitics.fr\/wp-content\/uploads\/2024\/01\/edito-bonne-banniere-96x96.jpg","url":"https:\/\/www.geopolitics.fr\/wp-content\/uploads\/2024\/01\/edito-bonne-banniere-96x96.jpg","contentUrl":"https:\/\/www.geopolitics.fr\/wp-content\/uploads\/2024\/01\/edito-bonne-banniere-96x96.jpg","caption":"contact@geopolitics.fr"},"url":"https:\/\/www.geopolitics.fr\/en\/author\/contactgeopolitics-fr\/"}]}},"_links":{"self":[{"href":"https:\/\/www.geopolitics.fr\/en\/wp-json\/wp\/v2\/posts\/2211","targetHints":{"allow":["GET"]}}],"collection":[{"href":"https:\/\/www.geopolitics.fr\/en\/wp-json\/wp\/v2\/posts"}],"about":[{"href":"https:\/\/www.geopolitics.fr\/en\/wp-json\/wp\/v2\/types\/post"}],"author":[{"embeddable":true,"href":"https:\/\/www.geopolitics.fr\/en\/wp-json\/wp\/v2\/users\/9"}],"replies":[{"embeddable":true,"href":"https:\/\/www.geopolitics.fr\/en\/wp-json\/wp\/v2\/comments?post=2211"}],"version-history":[{"count":0,"href":"https:\/\/www.geopolitics.fr\/en\/wp-json\/wp\/v2\/posts\/2211\/revisions"}],"wp:featuredmedia":[{"embeddable":true,"href":"https:\/\/www.geopolitics.fr\/en\/wp-json\/wp\/v2\/media\/2176"}],"wp:attachment":[{"href":"https:\/\/www.geopolitics.fr\/en\/wp-json\/wp\/v2\/media?parent=2211"}],"wp:term":[{"taxonomy":"category","embeddable":true,"href":"https:\/\/www.geopolitics.fr\/en\/wp-json\/wp\/v2\/categories?post=2211"},{"taxonomy":"post_tag","embeddable":true,"href":"https:\/\/www.geopolitics.fr\/en\/wp-json\/wp\/v2\/tags?post=2211"}],"curies":[{"name":"wp","href":"https:\/\/api.w.org\/{rel}","templated":true}]}}