{"id":2179,"date":"2024-01-29T10:50:00","date_gmt":"2024-01-29T09:50:00","guid":{"rendered":"https:\/\/www.geopolitics.fr\/?p=2179"},"modified":"2024-03-26T21:57:41","modified_gmt":"2024-03-26T20:57:41","slug":"la-guerre-de-leau-aura-t-elle-lieu","status":"publish","type":"post","link":"https:\/\/www.geopolitics.fr\/en\/2024\/01\/29\/la-guerre-de-leau-aura-t-elle-lieu\/","title":{"rendered":"La guerre de l&rsquo;eau aura-t-elle lieu ?"},"content":{"rendered":"<p class=\"has-medium-font-size wp-block-paragraph\"><strong>L&rsquo;eau douce sur la plan\u00e8te se fait de plus en plus rare. Les Bouleversements climatiques et la mauvaise gestion de la ressource en \u00ab\u00a0or bleu\u00a0\u00bb, pourraient bien entra\u00eener de <\/strong><strong>nombreux probl\u00e8mes \u00e0 l&rsquo;\u00e9chelle mondiale. Creusement des in\u00e9galit\u00e9s entre les populations, d\u00e9veloppement des conflits g\u00e9opolitiques, fortes perturbations \u00e9conomiques, dont l&rsquo;imminente privatisation des ressources en eau, seraient le triste programme de notre avenir commun, si rien ne change. &nbsp;<\/strong><strong><\/strong><\/p>\n\n\n\n<p class=\"has-medium-font-size wp-block-paragraph\">En 2019, les chiffres de l&rsquo;ONU alertaient d\u00e9j\u00e0 sur un contexte de plus en plus pr\u00e9occupant. D&rsquo;ici 2030, les experts affirment d\u00e9sormais que le manque d\u2019eau affectera pr\u00e8s de 40 % de la population mondiale. Toujours selon l&rsquo;ONU, <em>\u00ab\u00a0les m\u00e9tropoles du Cap, de Karachi, de Casablanca, sont d\u00e9j\u00e0 menac\u00e9es par ce que l\u2019on appelle \u00ab\u00a0le jour 0\u00a0\u00bb, celui ou l\u2019eau ne coulera plus du robinet\u2026 De m\u00eame que Mexico, Madrid, Barcelone, Berlin, Rome et Londres \u00e0 plus long terme.\u00a0\u00bb<\/em> Il s&rsquo;agit d&rsquo;une alerte s\u00e9rieuse contre le stress hydrique propre aux m\u00e9tropoles qui d\u00e9penseraient trop de ressources en eau sans renouvellement des stocks. L&rsquo;agriculture, tr\u00e8s exigeante en eau, repr\u00e9sente le secteur le plus probl\u00e9matique pour la gestion de cette ressource. C&rsquo;est l\u00e0 un inconv\u00e9nient majeur qui touche particuli\u00e8rement les pays en d\u00e9veloppement comme le Maroc, o\u00f9 l&rsquo;agriculture demeure une activit\u00e9 essentielle. Les populations les plus pauvres de ces contr\u00e9es en seraient d\u00e9j\u00e0 les premi\u00e8res victimes.<\/p>\n\n\n\n<h2 class=\"wp-block-heading\"><strong>La situation au Maroc<\/strong><\/h2>\n\n\n\n<p class=\"has-medium-font-size wp-block-paragraph\">Confront\u00e9 \u00e0 une forte pression due au changement climatique, le Royaume se trouve aujourd&rsquo;hui dans une situation pr\u00e9occupante. Un rapport r\u00e9cent du minist\u00e8re de l\u2019Equipement et de l\u2019Eau, a rappel\u00e9 l&rsquo;importance de faire \u00e9voluer les perspectives face \u00e0  une s\u00e9cheresse qui devrait augmenter progressivement au Maroc jusqu\u2019en 2050, sous l\u2019effet d\u2019une baisse de la pluviom\u00e9trie (-11\u00a0%) et d\u2019une augmentation des temp\u00e9ratures (+1,3\u00a0\u00b0C). Heureusement, le Maroc n&rsquo;est pas d\u00e9muni face aux d\u00e9r\u00e8glements naturels. Pionnier dans le domaine de la pr\u00e9vention, tous les efforts sont men\u00e9s depuis plusieurs d\u00e9cennies. La lutte contre la s\u00e9cheresse se traduit ici essentiellement en termes de construction de barrages, d&rsquo;exploration de nouveaux gisements d&rsquo;eau souterraine, de traitement des eaux us\u00e9es en vue de leur r\u00e9utilisation et de la pr\u00e9servation des nappes phr\u00e9atiques. Enfin, plusieurs fois report\u00e9e, la construction de stations de dessalement de l&rsquo;eau devrait \u00eatre imminente. En effet, le projet figure actuellement parmi les objectifs prioritaires du ministre. \u00ab\u00a0Gr\u00e2ce \u00e0 ses deux fa\u00e7ades maritimes, le Maroc a fait des progr\u00e8s significatifs dans le domaine des \u00e9nergies renouvelables, tant solaires qu&rsquo;\u00e9oliennes, qui devront permettre de dessaler l&rsquo;eau \u00e0 moindre co\u00fbt\u00a0\u00bb, explique celui-ci.<\/p>\n\n\n\n<p class=\"has-medium-font-size wp-block-paragraph\">\u00a0Face \u00e0 la s\u00e9cheresse, l&rsquo;innovation et les nouvelles technologies ont donc un r\u00f4le important \u00e0 jouer. Le Maroc s&rsquo;est distingu\u00e9 avec le d\u00e9veloppement de son projet Al-Ghait, consistant en la modification artificielle du temps par ensemencement des nuages. Le savoir-faire du Maroc en la mati\u00e8re est reconnu. Ainsi, les experts marocains sont souvent sollicit\u00e9s en Afrique subsaharienne, notamment dans les pays qui souffrent de p\u00e9riodes longues de s\u00e9cheresse (S\u00e9n\u00e9gal, Mauritanie, Guin\u00e9e, etc). Le Burkina Faso a \u00e9t\u00e9 le premier pays \u00e0 avoir b\u00e9n\u00e9fici\u00e9 de l\u2019appui du Maroc pour mener des op\u00e9rations d\u2019ensemencement des nuages. Pour rappel : <em>\u00ab\u00a0La m\u00e9thode consiste \u00e0 injecter dans le nuage des noyaux de condensation artificiels<\/em>, expliquait Abdalah Mokssit, expert m\u00e9t\u00e9o. Mais cette technique, ne fonctionne que dans certaines conditions : <em>\u00ab\u00a0Il faut des nuages, bien s\u00fbr, mais surtout un certain type de nuages.\u00a0Les nuages qui nous int\u00e9ressent sont ceux qui sont d\u00e9j\u00e0 assez lourds pour \u00eatre susceptibles de pr\u00e9cipiter. Il ne suffit pas qu&rsquo;il y ait des nuages dans le ciel pour pratiquer l&rsquo;ins\u00e9mination\u00a0\u00bb<\/em>. Pour enrichir l&rsquo;arsenal contre la s\u00e9cheresse, le projet le plus prometteur pour l&rsquo;avenir r\u00e9side dans la construction d&rsquo;usines de dessalement de l&rsquo;eau, projet qui pourrait valoriser un Maroc disposant de 3\u00a0500\u00a0km de c\u00f4tes \u00e0 exploiter. C&rsquo;est l\u00e0 une projection qui s&rsquo;inscrit probablement dans une volont\u00e9 plus vaste d&rsquo;ind\u00e9pendance globale face \u00e0 la \u00ab\u00a0r\u00e9colte\u00a0\u00bb de l&rsquo;eau, \u00e0 l&rsquo;heure o\u00f9 celle-ci devient la source mondiale de toutes les convoitises.<\/p>\n\n\n\n<h2 class=\"wp-block-heading\"><strong>Les tensions g\u00e9opolitiques s\u2019accroissent<\/strong><\/h2>\n\n\n\n<p class=\"has-medium-font-size wp-block-paragraph\">En 2010, l\u2019ONU d\u00e9clarait comme droit fondamental, l\u2019acc\u00e8s \u00e0 l\u2019eau potable\u00a0: <em>\u00ab\u00a0Le droit \u00e0 une eau potable propre et de qualit\u00e9 et \u00e0 des installations sanitaires est un droit de l\u2019homme, indispensable \u00e0 la pleine jouissance du droit \u00e0 la vie\u00a0\u00bb.<\/em> L&rsquo;or bleu \u00e9tant devenu une denr\u00e9e rare, il \u00e9tait urgent de permettre un meilleur arbitrage des politiques de gestion de l\u2019eau dans le monde. Pourtant, ces derni\u00e8res ann\u00e9es n&rsquo;ont pas manqu\u00e9 d&rsquo;inqui\u00e9ter les sp\u00e9cialistes qui ont not\u00e9 un net accroissement des litiges et tensions li\u00e9s \u00e0 la r\u00e9partition de cette ressource naturelle. De son c\u00f4t\u00e9, le rapport mondial des Nations Unies rapporte une hausse significative du nombre de conflits g\u00e9opolitiques li\u00e9s \u00e0 l\u2019eau. Les sp\u00e9cialistes saluent n\u00e9anmoins le seul et bel exemple d\u2019accord historique, autour du fleuve S\u00e9n\u00e9gal. Le fleuve est g\u00e9r\u00e9 par un organisme ind\u00e9pendant, et les 4 pays riverains (Guin\u00e9e, S\u00e9n\u00e9gal, Mali et Mauritanie) sont donc copropri\u00e9taires des infrastructures, et partagent \u00e0 la fois les co\u00fbts et les b\u00e9n\u00e9fices selon une cl\u00e9 de r\u00e9partition. Cette structure ind\u00e9pendante permet de maintenir une gestion harmonieuse de la ressource du fleuve, r\u00e9partie sur les diff\u00e9rents pays frontaliers. Hors cette exception heureuse, l&rsquo;enjeu reste de taille : il s&rsquo;agira \u00e0 l&rsquo;avenir de d\u00e9samorcer les discordes de plus en plus nombreuses autour d&rsquo;une eau pr\u00e9cieuse, devenue un instrument de pouvoir aux mains de pays mieux dot\u00e9s que d&rsquo;autres. H\u00e9las, la situation ne devrait pas s&rsquo;arranger de sit\u00f4t. D&rsquo;ici \u00e0 2030, la demande en eau pourrait \u00eatre sup\u00e9rieure de 40\u00a0% aux disponibilit\u00e9s de la plan\u00e8te, selon les projections de la Banque mondiale pour laquelle il faut n\u00e9anmoins relativiser les causes de cette forte p\u00e9nurie \u00e0 venir. En effet, selon cette instance, <em>\u00ab\u00a0les probl\u00e8mes de d\u00e9veloppement ou de conflits suscit\u00e9s par les difficult\u00e9s d\u2019acc\u00e8s \u00e0 l\u2019eau sont des probl\u00e8mes de gestion de ressource, davantage que de disponibilit\u00e9 de la ressource. Ces probl\u00e8mes prennent des formes diverses selon les situations en question\u00a0: il peut s\u2019agir de manque d\u2019investissement en infrastructures pour am\u00e9liorer l\u2019acc\u00e8s \u00e0 l\u2019eau, de manque de coop\u00e9ration dans la gestion transfrontali\u00e8re des ressources en eau, de gaspillages dans les utilisations diverses de la ressource.\u00a0\u00bb<\/em><\/p>\n\n\n\n<h2 class=\"wp-block-heading\"><strong>Les march\u00e9s financiers de l&rsquo;or bleu<\/strong><\/h2>\n\n\n\n<p class=\"has-medium-font-size wp-block-paragraph\">D\u00e9sormais les nouvelles th\u00e9ories capitalistiques vont bon train. C&rsquo;est Mike Young, un \u00e9conomiste australien qui est le pionnier de la th\u00e9orie de la vente de l\u2019eau sur les march\u00e9s. L&rsquo;eau douce se faisant de plus en rare, l&rsquo;\u00e9conomiste insiste : <em>\u00ab\u00a0Cette ressource doit \u00eatre g\u00e9r\u00e9e de la mani\u00e8re la plus optimale possible. La seule fa\u00e7on de r\u00e9guler cette optimalit\u00e9 se trouve sur les march\u00e9s. Les march\u00e9s permettent ainsi d\u2019agir sur la consommation d\u2019eau, tout en favorisant le march\u00e9 concurrentiel&nbsp;\u00bb.<\/em> Aujourd&rsquo;hui, l&rsquo;introduction en bourse de contrats \u00e0 courts termes sur l\u2019eau est d\u00e9j\u00e0 \u00e0 l&rsquo;\u0153uvre et laisse augurer d&rsquo;un futur effrayant, bas\u00e9 sur la privatisation de l\u2019eau comme nouvel or noir du 21\u00e8me si\u00e8cle. Certains \u00e9conomistes se battent malgr\u00e9 tout pour la gratuit\u00e9 et contre la marchandisation de cette ressource essentielle, arguant du fait que les ressources plan\u00e9taires sont limit\u00e9es et donc que la croissance, telle qu\u2019elle est mise en avant aujourd\u2019hui, est menac\u00e9e.<\/p>\n\n\n\n<p class=\"has-medium-font-size wp-block-paragraph\">\u00a0C&rsquo;est en novembre 2002 que la Cour p\u00e9nale internationale (CPI) d\u00e9fend officiellement le droit \u00e0 l&rsquo;eau pour tous. D\u00e9j\u00e0 comp\u00e9tente \u00e0 l&rsquo;\u00e9gard des crimes contre l&rsquo;humanit\u00e9 et des graves violations du droit international humanitaire, l&rsquo;instance impose enfin un nouveau statut \u00e0 l&rsquo;eau douce, reconnue comme l&rsquo;un des droits de l&rsquo;homme fondamentaux. Cela est inscrit dans l&rsquo;Observation g\u00e9n\u00e9rale sur le droit \u00e0 l&rsquo;eau, adopt\u00e9 par le Pacte relatif aux droits \u00e9conomiques et culturels (CESCR), lui-m\u00eame ratifi\u00e9 par 145 pays. Pourtant, certaines contr\u00e9es ont brav\u00e9 ces bonnes r\u00e9solutions. L\u2019eau est d\u00e9j\u00e0 devenue un produit financier au Royaume-Uni, en Australie, ou encore aux \u00c9tats-Unis. Il n&rsquo;est h\u00e9las plus du tout certain que demain, l&rsquo;eau reste ce \u00ab patrimoine intouchable de l&rsquo;humanit\u00e9 \u00bb que nous esp\u00e9rons tous de nos v\u0153ux. <\/p>\n\n\n\n<p class=\"has-medium-font-size wp-block-paragraph\"><em>Val\u00e9rie Morales Attias est r\u00e9sidente au Maroc, journaliste et auteur, elle est enseignante \u00e0 l&rsquo;Ecole Sup\u00e9rieure de Journalisme de Paris\u00a0<\/em><\/p>","protected":false},"excerpt":{"rendered":"<p>L&rsquo;eau douce sur la plan\u00e8te se fait de plus en plus rare. Les Bouleversements climatiques et la mauvaise gestion de la ressource&hellip;<\/p>","protected":false},"author":14,"featured_media":2180,"comment_status":"open","ping_status":"open","sticky":false,"template":"","format":"standard","meta":{"_lmt_disableupdate":"","_lmt_disable":"","footnotes":""},"categories":[5],"tags":[],"class_list":["post-2179","post","type-post","status-publish","format-standard","has-post-thumbnail","hentry","category-international"],"yoast_head":"<!-- This site is optimized with the Yoast SEO Premium plugin v28.1 (Yoast SEO v28.1) - https:\/\/yoast.com\/product\/yoast-seo-premium-wordpress\/ -->\n<title>La guerre de l&#039;eau aura-t-elle lieu ? | Geopolitics.fr<\/title>\n<meta name=\"robots\" content=\"index, follow, max-snippet:-1, max-image-preview:large, max-video-preview:-1\" \/>\n<link rel=\"canonical\" href=\"https:\/\/www.geopolitics.fr\/en\/2024\/01\/29\/la-guerre-de-leau-aura-t-elle-lieu\/\" \/>\n<meta property=\"og:locale\" content=\"en_GB\" \/>\n<meta property=\"og:type\" content=\"article\" \/>\n<meta property=\"og:title\" content=\"La guerre de l&#039;eau aura-t-elle lieu ?\" \/>\n<meta property=\"og:description\" content=\"L&rsquo;eau douce sur la plan\u00e8te se fait de plus en plus rare. Les Bouleversements climatiques et la mauvaise gestion de la ressource&hellip;\" \/>\n<meta property=\"og:url\" content=\"https:\/\/www.geopolitics.fr\/en\/2024\/01\/29\/la-guerre-de-leau-aura-t-elle-lieu\/\" \/>\n<meta property=\"og:site_name\" content=\"Geopolitics.fr\" \/>\n<meta property=\"article:publisher\" content=\"https:\/\/www.facebook.com\/people\/Erwan-Davoux\/61557098968092\/\" \/>\n<meta property=\"article:published_time\" content=\"2024-01-29T09:50:00+00:00\" \/>\n<meta property=\"article:modified_time\" content=\"2024-03-26T20:57:41+00:00\" \/>\n<meta property=\"og:image\" content=\"https:\/\/www.geopolitics.fr\/wp-content\/uploads\/2024\/01\/secheresse.webp\" \/>\n\t<meta property=\"og:image:width\" content=\"1974\" \/>\n\t<meta property=\"og:image:height\" content=\"1481\" \/>\n\t<meta property=\"og:image:type\" content=\"image\/webp\" \/>\n<meta name=\"author\" content=\"Valerie Morales Attias\" \/>\n<meta name=\"twitter:card\" content=\"summary_large_image\" \/>\n<meta name=\"twitter:creator\" content=\"@Geopolitics_Fr\" \/>\n<meta name=\"twitter:site\" content=\"@Geopolitics_Fr\" \/>\n<meta name=\"twitter:label1\" content=\"Written by\" \/>\n\t<meta name=\"twitter:data1\" content=\"Valerie Morales Attias\" \/>\n\t<meta name=\"twitter:label2\" content=\"Estimated reading time\" \/>\n\t<meta name=\"twitter:data2\" content=\"7 minutes\" \/>\n<script type=\"application\/ld+json\" class=\"yoast-schema-graph\">{\"@context\":\"https:\\\/\\\/schema.org\",\"@graph\":[{\"@type\":\"Article\",\"@id\":\"https:\\\/\\\/www.geopolitics.fr\\\/2024\\\/01\\\/29\\\/la-guerre-de-leau-aura-t-elle-lieu\\\/#article\",\"isPartOf\":{\"@id\":\"https:\\\/\\\/www.geopolitics.fr\\\/2024\\\/01\\\/29\\\/la-guerre-de-leau-aura-t-elle-lieu\\\/\"},\"author\":{\"name\":\"Valerie Morales Attias\",\"@id\":\"https:\\\/\\\/www.geopolitics.fr\\\/#\\\/schema\\\/person\\\/2b73b2101df6ed1877dcb227a0be4a5d\"},\"headline\":\"La guerre de l&rsquo;eau aura-t-elle lieu ?\",\"datePublished\":\"2024-01-29T09:50:00+00:00\",\"dateModified\":\"2024-03-26T20:57:41+00:00\",\"mainEntityOfPage\":{\"@id\":\"https:\\\/\\\/www.geopolitics.fr\\\/2024\\\/01\\\/29\\\/la-guerre-de-leau-aura-t-elle-lieu\\\/\"},\"wordCount\":1520,\"commentCount\":0,\"publisher\":{\"@id\":\"https:\\\/\\\/www.geopolitics.fr\\\/#organization\"},\"image\":{\"@id\":\"https:\\\/\\\/www.geopolitics.fr\\\/2024\\\/01\\\/29\\\/la-guerre-de-leau-aura-t-elle-lieu\\\/#primaryimage\"},\"thumbnailUrl\":\"https:\\\/\\\/www.geopolitics.fr\\\/wp-content\\\/uploads\\\/2024\\\/01\\\/secheresse.webp\",\"articleSection\":[\"International\"],\"inLanguage\":\"en-GB\"},{\"@type\":\"WebPage\",\"@id\":\"https:\\\/\\\/www.geopolitics.fr\\\/2024\\\/01\\\/29\\\/la-guerre-de-leau-aura-t-elle-lieu\\\/\",\"url\":\"https:\\\/\\\/www.geopolitics.fr\\\/2024\\\/01\\\/29\\\/la-guerre-de-leau-aura-t-elle-lieu\\\/\",\"name\":\"La guerre de l'eau aura-t-elle lieu ? | Geopolitics.fr\",\"isPartOf\":{\"@id\":\"https:\\\/\\\/www.geopolitics.fr\\\/#website\"},\"primaryImageOfPage\":{\"@id\":\"https:\\\/\\\/www.geopolitics.fr\\\/2024\\\/01\\\/29\\\/la-guerre-de-leau-aura-t-elle-lieu\\\/#primaryimage\"},\"image\":{\"@id\":\"https:\\\/\\\/www.geopolitics.fr\\\/2024\\\/01\\\/29\\\/la-guerre-de-leau-aura-t-elle-lieu\\\/#primaryimage\"},\"thumbnailUrl\":\"https:\\\/\\\/www.geopolitics.fr\\\/wp-content\\\/uploads\\\/2024\\\/01\\\/secheresse.webp\",\"datePublished\":\"2024-01-29T09:50:00+00:00\",\"dateModified\":\"2024-03-26T20:57:41+00:00\",\"breadcrumb\":{\"@id\":\"https:\\\/\\\/www.geopolitics.fr\\\/2024\\\/01\\\/29\\\/la-guerre-de-leau-aura-t-elle-lieu\\\/#breadcrumb\"},\"inLanguage\":\"en-GB\",\"potentialAction\":[{\"@type\":\"ReadAction\",\"target\":[\"https:\\\/\\\/www.geopolitics.fr\\\/2024\\\/01\\\/29\\\/la-guerre-de-leau-aura-t-elle-lieu\\\/\"]}]},{\"@type\":\"ImageObject\",\"inLanguage\":\"en-GB\",\"@id\":\"https:\\\/\\\/www.geopolitics.fr\\\/2024\\\/01\\\/29\\\/la-guerre-de-leau-aura-t-elle-lieu\\\/#primaryimage\",\"url\":\"https:\\\/\\\/www.geopolitics.fr\\\/wp-content\\\/uploads\\\/2024\\\/01\\\/secheresse.webp\",\"contentUrl\":\"https:\\\/\\\/www.geopolitics.fr\\\/wp-content\\\/uploads\\\/2024\\\/01\\\/secheresse.webp\",\"width\":1974,\"height\":1481},{\"@type\":\"BreadcrumbList\",\"@id\":\"https:\\\/\\\/www.geopolitics.fr\\\/2024\\\/01\\\/29\\\/la-guerre-de-leau-aura-t-elle-lieu\\\/#breadcrumb\",\"itemListElement\":[{\"@type\":\"ListItem\",\"position\":1,\"name\":\"Accueil\",\"item\":\"https:\\\/\\\/www.geopolitics.fr\\\/\"},{\"@type\":\"ListItem\",\"position\":2,\"name\":\"La guerre de l&#8217;eau aura-t-elle lieu ?\"}]},{\"@type\":\"WebSite\",\"@id\":\"https:\\\/\\\/www.geopolitics.fr\\\/#website\",\"url\":\"https:\\\/\\\/www.geopolitics.fr\\\/\",\"name\":\"Geopolitics.fr\",\"description\":\"Geopolitics.fr Analyse politique, relations internationales, d\u00e9fense - ligne \u00e9ditoriale gaullo-chiraquienne\",\"publisher\":{\"@id\":\"https:\\\/\\\/www.geopolitics.fr\\\/#organization\"},\"potentialAction\":[{\"@type\":\"SearchAction\",\"target\":{\"@type\":\"EntryPoint\",\"urlTemplate\":\"https:\\\/\\\/www.geopolitics.fr\\\/?s={search_term_string}\"},\"query-input\":{\"@type\":\"PropertyValueSpecification\",\"valueRequired\":true,\"valueName\":\"search_term_string\"}}],\"inLanguage\":\"en-GB\"},{\"@type\":\"Organization\",\"@id\":\"https:\\\/\\\/www.geopolitics.fr\\\/#organization\",\"name\":\"Geopolitics.fr\",\"url\":\"https:\\\/\\\/www.geopolitics.fr\\\/\",\"logo\":{\"@type\":\"ImageObject\",\"inLanguage\":\"en-GB\",\"@id\":\"https:\\\/\\\/www.geopolitics.fr\\\/#\\\/schema\\\/logo\\\/image\\\/\",\"url\":\"https:\\\/\\\/www.geopolitics.fr\\\/wp-content\\\/uploads\\\/2024\\\/01\\\/logo.jpg\",\"contentUrl\":\"https:\\\/\\\/www.geopolitics.fr\\\/wp-content\\\/uploads\\\/2024\\\/01\\\/logo.jpg\",\"width\":500,\"height\":500,\"caption\":\"Geopolitics.fr\"},\"image\":{\"@id\":\"https:\\\/\\\/www.geopolitics.fr\\\/#\\\/schema\\\/logo\\\/image\\\/\"},\"sameAs\":[\"https:\\\/\\\/www.facebook.com\\\/people\\\/Erwan-Davoux\\\/61557098968092\\\/\",\"https:\\\/\\\/x.com\\\/Geopolitics_Fr\"]},{\"@type\":\"Person\",\"@id\":\"https:\\\/\\\/www.geopolitics.fr\\\/#\\\/schema\\\/person\\\/2b73b2101df6ed1877dcb227a0be4a5d\",\"name\":\"Valerie Morales Attias\",\"image\":{\"@type\":\"ImageObject\",\"inLanguage\":\"en-GB\",\"@id\":\"https:\\\/\\\/www.geopolitics.fr\\\/wp-content\\\/uploads\\\/2024\\\/04\\\/cropped-valerie-mora-96x96.jpg\",\"url\":\"https:\\\/\\\/www.geopolitics.fr\\\/wp-content\\\/uploads\\\/2024\\\/04\\\/cropped-valerie-mora-96x96.jpg\",\"contentUrl\":\"https:\\\/\\\/www.geopolitics.fr\\\/wp-content\\\/uploads\\\/2024\\\/04\\\/cropped-valerie-mora-96x96.jpg\",\"caption\":\"Valerie Morales Attias\"},\"description\":\"N\u00e9e \u00e0 Oran, elle est journaliste et \u00e9crivain. Enseignante \u00e0 l'Ecole Sup\u00e9rieure de Journalisme de Paris - Ex Directrice g\u00e9n\u00e9rale de Luxe Radio \u00e0 Casablanca. - Elle est l'auteur de plusieurs romans publi\u00e9s au Maroc, en France et en Belgique, ainsi que d'un essai sur le Royaume du Maroc, publi\u00e9 en France aux Editions Descartes.\",\"url\":\"https:\\\/\\\/www.geopolitics.fr\\\/en\\\/author\\\/valerie-morales-attias\\\/\"}]}<\/script>\n<!-- \/ Yoast SEO Premium plugin. -->","yoast_head_json":{"title":"La guerre de l'eau aura-t-elle lieu ? | Geopolitics.fr","robots":{"index":"index","follow":"follow","max-snippet":"max-snippet:-1","max-image-preview":"max-image-preview:large","max-video-preview":"max-video-preview:-1"},"canonical":"https:\/\/www.geopolitics.fr\/en\/2024\/01\/29\/la-guerre-de-leau-aura-t-elle-lieu\/","og_locale":"en_GB","og_type":"article","og_title":"La guerre de l'eau aura-t-elle lieu ?","og_description":"L&rsquo;eau douce sur la plan\u00e8te se fait de plus en plus rare. Les Bouleversements climatiques et la mauvaise gestion de la ressource&hellip;","og_url":"https:\/\/www.geopolitics.fr\/en\/2024\/01\/29\/la-guerre-de-leau-aura-t-elle-lieu\/","og_site_name":"Geopolitics.fr","article_publisher":"https:\/\/www.facebook.com\/people\/Erwan-Davoux\/61557098968092\/","article_published_time":"2024-01-29T09:50:00+00:00","article_modified_time":"2024-03-26T20:57:41+00:00","og_image":[{"width":1974,"height":1481,"url":"https:\/\/www.geopolitics.fr\/wp-content\/uploads\/2024\/01\/secheresse.webp","type":"image\/webp"}],"author":"Valerie Morales Attias","twitter_card":"summary_large_image","twitter_creator":"@Geopolitics_Fr","twitter_site":"@Geopolitics_Fr","twitter_misc":{"Written by":"Valerie Morales Attias","Estimated reading time":"7 minutes"},"schema":{"@context":"https:\/\/schema.org","@graph":[{"@type":"Article","@id":"https:\/\/www.geopolitics.fr\/2024\/01\/29\/la-guerre-de-leau-aura-t-elle-lieu\/#article","isPartOf":{"@id":"https:\/\/www.geopolitics.fr\/2024\/01\/29\/la-guerre-de-leau-aura-t-elle-lieu\/"},"author":{"name":"Valerie Morales Attias","@id":"https:\/\/www.geopolitics.fr\/#\/schema\/person\/2b73b2101df6ed1877dcb227a0be4a5d"},"headline":"La guerre de l&rsquo;eau aura-t-elle lieu ?","datePublished":"2024-01-29T09:50:00+00:00","dateModified":"2024-03-26T20:57:41+00:00","mainEntityOfPage":{"@id":"https:\/\/www.geopolitics.fr\/2024\/01\/29\/la-guerre-de-leau-aura-t-elle-lieu\/"},"wordCount":1520,"commentCount":0,"publisher":{"@id":"https:\/\/www.geopolitics.fr\/#organization"},"image":{"@id":"https:\/\/www.geopolitics.fr\/2024\/01\/29\/la-guerre-de-leau-aura-t-elle-lieu\/#primaryimage"},"thumbnailUrl":"https:\/\/www.geopolitics.fr\/wp-content\/uploads\/2024\/01\/secheresse.webp","articleSection":["International"],"inLanguage":"en-GB"},{"@type":"WebPage","@id":"https:\/\/www.geopolitics.fr\/2024\/01\/29\/la-guerre-de-leau-aura-t-elle-lieu\/","url":"https:\/\/www.geopolitics.fr\/2024\/01\/29\/la-guerre-de-leau-aura-t-elle-lieu\/","name":"La guerre de l'eau aura-t-elle lieu ? | Geopolitics.fr","isPartOf":{"@id":"https:\/\/www.geopolitics.fr\/#website"},"primaryImageOfPage":{"@id":"https:\/\/www.geopolitics.fr\/2024\/01\/29\/la-guerre-de-leau-aura-t-elle-lieu\/#primaryimage"},"image":{"@id":"https:\/\/www.geopolitics.fr\/2024\/01\/29\/la-guerre-de-leau-aura-t-elle-lieu\/#primaryimage"},"thumbnailUrl":"https:\/\/www.geopolitics.fr\/wp-content\/uploads\/2024\/01\/secheresse.webp","datePublished":"2024-01-29T09:50:00+00:00","dateModified":"2024-03-26T20:57:41+00:00","breadcrumb":{"@id":"https:\/\/www.geopolitics.fr\/2024\/01\/29\/la-guerre-de-leau-aura-t-elle-lieu\/#breadcrumb"},"inLanguage":"en-GB","potentialAction":[{"@type":"ReadAction","target":["https:\/\/www.geopolitics.fr\/2024\/01\/29\/la-guerre-de-leau-aura-t-elle-lieu\/"]}]},{"@type":"ImageObject","inLanguage":"en-GB","@id":"https:\/\/www.geopolitics.fr\/2024\/01\/29\/la-guerre-de-leau-aura-t-elle-lieu\/#primaryimage","url":"https:\/\/www.geopolitics.fr\/wp-content\/uploads\/2024\/01\/secheresse.webp","contentUrl":"https:\/\/www.geopolitics.fr\/wp-content\/uploads\/2024\/01\/secheresse.webp","width":1974,"height":1481},{"@type":"BreadcrumbList","@id":"https:\/\/www.geopolitics.fr\/2024\/01\/29\/la-guerre-de-leau-aura-t-elle-lieu\/#breadcrumb","itemListElement":[{"@type":"ListItem","position":1,"name":"Accueil","item":"https:\/\/www.geopolitics.fr\/"},{"@type":"ListItem","position":2,"name":"La guerre de l&#8217;eau aura-t-elle lieu ?"}]},{"@type":"WebSite","@id":"https:\/\/www.geopolitics.fr\/#website","url":"https:\/\/www.geopolitics.fr\/","name":"Geopolitics.fr","description":"Geopolitics.fr Analyse politique, relations internationales, d\u00e9fense - ligne \u00e9ditoriale gaullo-chiraquienne","publisher":{"@id":"https:\/\/www.geopolitics.fr\/#organization"},"potentialAction":[{"@type":"SearchAction","target":{"@type":"EntryPoint","urlTemplate":"https:\/\/www.geopolitics.fr\/?s={search_term_string}"},"query-input":{"@type":"PropertyValueSpecification","valueRequired":true,"valueName":"search_term_string"}}],"inLanguage":"en-GB"},{"@type":"Organization","@id":"https:\/\/www.geopolitics.fr\/#organization","name":"Geopolitics.fr","url":"https:\/\/www.geopolitics.fr\/","logo":{"@type":"ImageObject","inLanguage":"en-GB","@id":"https:\/\/www.geopolitics.fr\/#\/schema\/logo\/image\/","url":"https:\/\/www.geopolitics.fr\/wp-content\/uploads\/2024\/01\/logo.jpg","contentUrl":"https:\/\/www.geopolitics.fr\/wp-content\/uploads\/2024\/01\/logo.jpg","width":500,"height":500,"caption":"Geopolitics.fr"},"image":{"@id":"https:\/\/www.geopolitics.fr\/#\/schema\/logo\/image\/"},"sameAs":["https:\/\/www.facebook.com\/people\/Erwan-Davoux\/61557098968092\/","https:\/\/x.com\/Geopolitics_Fr"]},{"@type":"Person","@id":"https:\/\/www.geopolitics.fr\/#\/schema\/person\/2b73b2101df6ed1877dcb227a0be4a5d","name":"Valerie Morales Attias","image":{"@type":"ImageObject","inLanguage":"en-GB","@id":"https:\/\/www.geopolitics.fr\/wp-content\/uploads\/2024\/04\/cropped-valerie-mora-96x96.jpg","url":"https:\/\/www.geopolitics.fr\/wp-content\/uploads\/2024\/04\/cropped-valerie-mora-96x96.jpg","contentUrl":"https:\/\/www.geopolitics.fr\/wp-content\/uploads\/2024\/04\/cropped-valerie-mora-96x96.jpg","caption":"Valerie Morales Attias"},"description":"N\u00e9e \u00e0 Oran, elle est journaliste et \u00e9crivain. Enseignante \u00e0 l'Ecole Sup\u00e9rieure de Journalisme de Paris - Ex Directrice g\u00e9n\u00e9rale de Luxe Radio \u00e0 Casablanca. - Elle est l'auteur de plusieurs romans publi\u00e9s au Maroc, en France et en Belgique, ainsi que d'un essai sur le Royaume du Maroc, publi\u00e9 en France aux Editions Descartes.","url":"https:\/\/www.geopolitics.fr\/en\/author\/valerie-morales-attias\/"}]}},"_links":{"self":[{"href":"https:\/\/www.geopolitics.fr\/en\/wp-json\/wp\/v2\/posts\/2179","targetHints":{"allow":["GET"]}}],"collection":[{"href":"https:\/\/www.geopolitics.fr\/en\/wp-json\/wp\/v2\/posts"}],"about":[{"href":"https:\/\/www.geopolitics.fr\/en\/wp-json\/wp\/v2\/types\/post"}],"author":[{"embeddable":true,"href":"https:\/\/www.geopolitics.fr\/en\/wp-json\/wp\/v2\/users\/14"}],"replies":[{"embeddable":true,"href":"https:\/\/www.geopolitics.fr\/en\/wp-json\/wp\/v2\/comments?post=2179"}],"version-history":[{"count":0,"href":"https:\/\/www.geopolitics.fr\/en\/wp-json\/wp\/v2\/posts\/2179\/revisions"}],"wp:featuredmedia":[{"embeddable":true,"href":"https:\/\/www.geopolitics.fr\/en\/wp-json\/wp\/v2\/media\/2180"}],"wp:attachment":[{"href":"https:\/\/www.geopolitics.fr\/en\/wp-json\/wp\/v2\/media?parent=2179"}],"wp:term":[{"taxonomy":"category","embeddable":true,"href":"https:\/\/www.geopolitics.fr\/en\/wp-json\/wp\/v2\/categories?post=2179"},{"taxonomy":"post_tag","embeddable":true,"href":"https:\/\/www.geopolitics.fr\/en\/wp-json\/wp\/v2\/tags?post=2179"}],"curies":[{"name":"wp","href":"https:\/\/api.w.org\/{rel}","templated":true}]}}