{"id":2170,"date":"2024-01-26T17:00:00","date_gmt":"2024-01-26T16:00:00","guid":{"rendered":"https:\/\/www.geopolitics.fr\/?p=2170"},"modified":"2024-03-26T22:00:35","modified_gmt":"2024-03-26T21:00:35","slug":"la-decision-de-la-cour-international-de-justice-est-un-coup-de-tonnerre","status":"publish","type":"post","link":"https:\/\/www.geopolitics.fr\/en\/2024\/01\/26\/la-decision-de-la-cour-international-de-justice-est-un-coup-de-tonnerre\/","title":{"rendered":"La d\u00e9cision de la Cour Internationale de Justice est un coup de tonerre."},"content":{"rendered":"<p class=\"has-medium-font-size wp-block-paragraph\"><strong>La&nbsp;Cour Internationale de Justice&nbsp;(CIJ) a ordonn\u00e9 \u00e0 Isra\u00ebl de \u00ab&nbsp;pr\u00e9venir et punir&nbsp;\u00bb l\u2019incitation au \u00ab&nbsp;g\u00e9nocide&nbsp;\u00bb dans la bande de Gaza.<\/strong><\/p>\n\n\n\n<p class=\"has-medium-font-size wp-block-paragraph\"><strong>La d\u00e9cision est plus qu\u2019historique, elle constitue un coup de tonnerre<\/strong>. En effet, s\u2019il ne s\u2019agit pas d&rsquo;une d\u00e9cision sur le fond, mais de mesures demand\u00e9es \u00e0 \u00ab\u00a0titre conservatoire\u00a0\u00bb, n\u00e9anmoins, les termes employ\u00e9s sont s\u00e9v\u00e8res pour Isra\u00ebl et donnent une indication claire sur la teneur de cette derni\u00e8re, lorsqu\u2019elle interviendra. A ce stade, l&rsquo;hypoth\u00e8se d&rsquo;un g\u00e9nocide commis \u00e0 l&rsquo;encontre des Palestiniens de Gaza est plausible.<\/p>\n\n\n\n<p class=\"has-medium-font-size wp-block-paragraph\"><strong>Isra\u00ebl, Etat qui compte le plus grand nombre de descendants de rescap\u00e9s de la Shoah, suspect\u00e9 de G\u00e9nocide&nbsp;<\/strong>? Voil\u00e0 qui t\u00e9moigne de sa d\u00e9naturation sous la conduite de Netanyahou dit \u00ab&nbsp;Satanyahou&nbsp;\u00bb depuis pr\u00e8s de 27 ans.<\/p>\n\n\n\n<p class=\"has-medium-font-size wp-block-paragraph\">S\u2019il y a bien un Etat au monde qui devrait \u00eatre pr\u00e9muni contre ce type d\u2019agissements, c\u2019est bien Isra\u00ebl. <strong>Les P\u00e8res Fondateurs de l\u2019Etat (qui s\u2019\u00e9taient refus\u00e9s \u00e0 l\u2019appeler \u00ab&nbsp;Etat du peuple juif&nbsp;\u00bb mais \u00ab\u00a0Isra\u00ebl\u00a0\u00bb pour ne pas exclure) sont aujourd\u2019hui trahis par Netanyahou et sa clique d\u2019extr\u00eame droite, raciste et fanatiquement religieuse.<\/strong><\/p>\n\n\n\n<p class=\"has-medium-font-size wp-block-paragraph\">Quand on ajoute la <strong>part active prise par Isra\u00ebl au nettoyage ethnique du Haut-Karabagh<\/strong> (Netanyahou \u00e9tant le meilleur alli\u00e9 d\u2019Aliyev) on mesure \u00e0 quel point cet Etat s\u2019est fourvoy\u00e9 sous la houlette de Netanyahou et \u00e0 quel point ceux qui ont consid\u00e9r\u00e9 qu\u2019il fallait soutenir aveugl\u00e9ment Isra\u00ebl au nom de la \u00ab&nbsp;d\u00e9mocratie&nbsp;\u00bb ou des \u00ab\u00a0valeurs communes\u00a0\u00bb <strong>ont fait preuve de l\u00e9g\u00e8ret\u00e9 ou d&rsquo;ignorance crasse.<\/strong> Une d\u00e9mocratie&nbsp;? Somm\u00e9e de pr\u00e9venir un g\u00e9nocide ?<\/p>\n\n\n\n<p class=\"has-medium-font-size wp-block-paragraph\"><strong>Le tout dans un silence de plusieurs m\u00e9dias fran\u00e7ais qui en dit long sur les partis pris<\/strong>. Mais la France n\u2019est-elle pas quasiment la seule d\u00e9mocratie \u00e0 avoir interdit syst\u00e9matiquement les manifestations de soutien aux Palestiniens&nbsp;? A avoir somm\u00e9 les chercheurs de ne pas prendre la parole sur le sujet, r\u00e9tablissant une censure d\u2019un autre temps&nbsp;? La diplomatie fran\u00e7aise n\u2019a-t-elle pas perdu son \u00e2me dans ce conflit ? <strong>La France devra faire son examen de conscience<\/strong>. Membre permanent du Conseil de S\u00e9curit\u00e9, il est peu de dire que notre pays n&rsquo;est pas \u00e0 la hauteur de son histoire et sa tradition, \u00e0 l&rsquo;exceptions de quelques voix remarquables et notables pour sauver l&rsquo;honneur.<\/p>\n\n\n\n<p class=\"has-medium-font-size wp-block-paragraph\"><strong>D\u00e9sormais une autre question se pose, principalement \u00e0 G\u00e9rald Darmanin&nbsp;: comment traiter les franco-isra\u00e9liens qui ont pris une part active aux massacres (ou potentiellement particip\u00e9 \u00e0 un g\u00e9nocide) de populations civiles&nbsp;? Fich\u00e9s&nbsp;S&nbsp;? Intelligence avec une puissance \u00e9trang\u00e8re auteur possible d\u2019un g\u00e9nocide&nbsp;? Un casse-t\u00eate qui rappelle celui du retour des islamistes-djihadistes.<\/strong><\/p>","protected":false},"excerpt":{"rendered":"<p>La&nbsp;Cour Internationale de Justice&nbsp;(CIJ) a ordonn\u00e9 \u00e0 Isra\u00ebl de \u00ab&nbsp;pr\u00e9venir et punir&nbsp;\u00bb l\u2019incitation au \u00ab&nbsp;g\u00e9nocide&nbsp;\u00bb dans la bande de Gaza. La d\u00e9cision&hellip;<\/p>","protected":false},"author":16,"featured_media":1963,"comment_status":"open","ping_status":"open","sticky":false,"template":"","format":"standard","meta":{"_lmt_disableupdate":"","_lmt_disable":"","footnotes":""},"categories":[34,5],"tags":[],"class_list":["post-2170","post","type-post","status-publish","format-standard","has-post-thumbnail","hentry","category-editorial","category-international"],"yoast_head":"<!-- This site is optimized with the Yoast SEO Premium plugin v28.1 (Yoast SEO v28.1) - https:\/\/yoast.com\/product\/yoast-seo-premium-wordpress\/ -->\n<title>La d\u00e9cision de la Cour Internationale de Justice est un coup de tonerre. | Geopolitics.fr<\/title>\n<meta name=\"robots\" content=\"index, follow, max-snippet:-1, max-image-preview:large, max-video-preview:-1\" \/>\n<link rel=\"canonical\" href=\"https:\/\/www.geopolitics.fr\/en\/2024\/01\/26\/la-decision-de-la-cour-international-de-justice-est-un-coup-de-tonnerre\/\" \/>\n<meta property=\"og:locale\" content=\"en_GB\" \/>\n<meta property=\"og:type\" content=\"article\" \/>\n<meta property=\"og:title\" content=\"La d\u00e9cision de la Cour Internationale de Justice est un coup de tonerre.\" \/>\n<meta property=\"og:description\" content=\"La&nbsp;Cour Internationale de Justice&nbsp;(CIJ) a ordonn\u00e9 \u00e0 Isra\u00ebl de \u00ab&nbsp;pr\u00e9venir et punir&nbsp;\u00bb l\u2019incitation au \u00ab&nbsp;g\u00e9nocide&nbsp;\u00bb dans la bande de Gaza. La d\u00e9cision&hellip;\" \/>\n<meta property=\"og:url\" content=\"https:\/\/www.geopolitics.fr\/en\/2024\/01\/26\/la-decision-de-la-cour-international-de-justice-est-un-coup-de-tonnerre\/\" \/>\n<meta property=\"og:site_name\" content=\"Geopolitics.fr\" \/>\n<meta property=\"article:publisher\" content=\"https:\/\/www.facebook.com\/people\/Erwan-Davoux\/61557098968092\/\" \/>\n<meta property=\"article:author\" content=\"Erwan Davoux\" \/>\n<meta property=\"article:published_time\" content=\"2024-01-26T16:00:00+00:00\" \/>\n<meta property=\"article:modified_time\" content=\"2024-03-26T21:00:35+00:00\" \/>\n<meta property=\"og:image\" content=\"https:\/\/www.geopolitics.fr\/wp-content\/uploads\/2024\/01\/backlogo.jpg\" \/>\n\t<meta property=\"og:image:width\" content=\"600\" \/>\n\t<meta property=\"og:image:height\" content=\"600\" \/>\n\t<meta property=\"og:image:type\" content=\"image\/jpeg\" \/>\n<meta name=\"author\" content=\"Erwan Davoux\" \/>\n<meta name=\"twitter:card\" content=\"summary_large_image\" \/>\n<meta name=\"twitter:creator\" content=\"@erwandavoux @Geo_politicsfr\" \/>\n<meta name=\"twitter:site\" content=\"@Geopolitics_Fr\" \/>\n<meta name=\"twitter:label1\" content=\"Written by\" \/>\n\t<meta name=\"twitter:data1\" content=\"Erwan Davoux\" \/>\n\t<meta name=\"twitter:label2\" content=\"Estimated reading time\" \/>\n\t<meta name=\"twitter:data2\" content=\"3 minutes\" \/>\n<script type=\"application\/ld+json\" class=\"yoast-schema-graph\">{\"@context\":\"https:\\\/\\\/schema.org\",\"@graph\":[{\"@type\":\"Article\",\"@id\":\"https:\\\/\\\/www.geopolitics.fr\\\/2024\\\/01\\\/26\\\/la-decision-de-la-cour-international-de-justice-est-un-coup-de-tonnerre\\\/#article\",\"isPartOf\":{\"@id\":\"https:\\\/\\\/www.geopolitics.fr\\\/2024\\\/01\\\/26\\\/la-decision-de-la-cour-international-de-justice-est-un-coup-de-tonnerre\\\/\"},\"author\":{\"name\":\"Erwan Davoux\",\"@id\":\"https:\\\/\\\/www.geopolitics.fr\\\/#\\\/schema\\\/person\\\/a487273e91313e368925717400fa1b11\"},\"headline\":\"La d\u00e9cision de la Cour Internationale de Justice est un coup de tonerre.\",\"datePublished\":\"2024-01-26T16:00:00+00:00\",\"dateModified\":\"2024-03-26T21:00:35+00:00\",\"mainEntityOfPage\":{\"@id\":\"https:\\\/\\\/www.geopolitics.fr\\\/2024\\\/01\\\/26\\\/la-decision-de-la-cour-international-de-justice-est-un-coup-de-tonnerre\\\/\"},\"wordCount\":512,\"commentCount\":0,\"publisher\":{\"@id\":\"https:\\\/\\\/www.geopolitics.fr\\\/#organization\"},\"image\":{\"@id\":\"https:\\\/\\\/www.geopolitics.fr\\\/2024\\\/01\\\/26\\\/la-decision-de-la-cour-international-de-justice-est-un-coup-de-tonnerre\\\/#primaryimage\"},\"thumbnailUrl\":\"https:\\\/\\\/www.geopolitics.fr\\\/wp-content\\\/uploads\\\/2024\\\/01\\\/backlogo.jpg\",\"articleSection\":[\"Editorial\",\"International\"],\"inLanguage\":\"en-GB\"},{\"@type\":\"WebPage\",\"@id\":\"https:\\\/\\\/www.geopolitics.fr\\\/2024\\\/01\\\/26\\\/la-decision-de-la-cour-international-de-justice-est-un-coup-de-tonnerre\\\/\",\"url\":\"https:\\\/\\\/www.geopolitics.fr\\\/2024\\\/01\\\/26\\\/la-decision-de-la-cour-international-de-justice-est-un-coup-de-tonnerre\\\/\",\"name\":\"La d\u00e9cision de la Cour Internationale de Justice est un coup de tonerre. | Geopolitics.fr\",\"isPartOf\":{\"@id\":\"https:\\\/\\\/www.geopolitics.fr\\\/#website\"},\"primaryImageOfPage\":{\"@id\":\"https:\\\/\\\/www.geopolitics.fr\\\/2024\\\/01\\\/26\\\/la-decision-de-la-cour-international-de-justice-est-un-coup-de-tonnerre\\\/#primaryimage\"},\"image\":{\"@id\":\"https:\\\/\\\/www.geopolitics.fr\\\/2024\\\/01\\\/26\\\/la-decision-de-la-cour-international-de-justice-est-un-coup-de-tonnerre\\\/#primaryimage\"},\"thumbnailUrl\":\"https:\\\/\\\/www.geopolitics.fr\\\/wp-content\\\/uploads\\\/2024\\\/01\\\/backlogo.jpg\",\"datePublished\":\"2024-01-26T16:00:00+00:00\",\"dateModified\":\"2024-03-26T21:00:35+00:00\",\"breadcrumb\":{\"@id\":\"https:\\\/\\\/www.geopolitics.fr\\\/2024\\\/01\\\/26\\\/la-decision-de-la-cour-international-de-justice-est-un-coup-de-tonnerre\\\/#breadcrumb\"},\"inLanguage\":\"en-GB\",\"potentialAction\":[{\"@type\":\"ReadAction\",\"target\":[\"https:\\\/\\\/www.geopolitics.fr\\\/2024\\\/01\\\/26\\\/la-decision-de-la-cour-international-de-justice-est-un-coup-de-tonnerre\\\/\"]}]},{\"@type\":\"ImageObject\",\"inLanguage\":\"en-GB\",\"@id\":\"https:\\\/\\\/www.geopolitics.fr\\\/2024\\\/01\\\/26\\\/la-decision-de-la-cour-international-de-justice-est-un-coup-de-tonnerre\\\/#primaryimage\",\"url\":\"https:\\\/\\\/www.geopolitics.fr\\\/wp-content\\\/uploads\\\/2024\\\/01\\\/backlogo.jpg\",\"contentUrl\":\"https:\\\/\\\/www.geopolitics.fr\\\/wp-content\\\/uploads\\\/2024\\\/01\\\/backlogo.jpg\",\"width\":600,\"height\":600},{\"@type\":\"BreadcrumbList\",\"@id\":\"https:\\\/\\\/www.geopolitics.fr\\\/2024\\\/01\\\/26\\\/la-decision-de-la-cour-international-de-justice-est-un-coup-de-tonnerre\\\/#breadcrumb\",\"itemListElement\":[{\"@type\":\"ListItem\",\"position\":1,\"name\":\"Accueil\",\"item\":\"https:\\\/\\\/www.geopolitics.fr\\\/\"},{\"@type\":\"ListItem\",\"position\":2,\"name\":\"La d\u00e9cision de la Cour Internationale de Justice est un coup de tonerre.\"}]},{\"@type\":\"WebSite\",\"@id\":\"https:\\\/\\\/www.geopolitics.fr\\\/#website\",\"url\":\"https:\\\/\\\/www.geopolitics.fr\\\/\",\"name\":\"Geopolitics.fr\",\"description\":\"Geopolitics.fr Analyse politique, relations internationales, d\u00e9fense - ligne \u00e9ditoriale gaullo-chiraquienne\",\"publisher\":{\"@id\":\"https:\\\/\\\/www.geopolitics.fr\\\/#organization\"},\"potentialAction\":[{\"@type\":\"SearchAction\",\"target\":{\"@type\":\"EntryPoint\",\"urlTemplate\":\"https:\\\/\\\/www.geopolitics.fr\\\/?s={search_term_string}\"},\"query-input\":{\"@type\":\"PropertyValueSpecification\",\"valueRequired\":true,\"valueName\":\"search_term_string\"}}],\"inLanguage\":\"en-GB\"},{\"@type\":\"Organization\",\"@id\":\"https:\\\/\\\/www.geopolitics.fr\\\/#organization\",\"name\":\"Geopolitics.fr\",\"url\":\"https:\\\/\\\/www.geopolitics.fr\\\/\",\"logo\":{\"@type\":\"ImageObject\",\"inLanguage\":\"en-GB\",\"@id\":\"https:\\\/\\\/www.geopolitics.fr\\\/#\\\/schema\\\/logo\\\/image\\\/\",\"url\":\"https:\\\/\\\/www.geopolitics.fr\\\/wp-content\\\/uploads\\\/2024\\\/01\\\/logo.jpg\",\"contentUrl\":\"https:\\\/\\\/www.geopolitics.fr\\\/wp-content\\\/uploads\\\/2024\\\/01\\\/logo.jpg\",\"width\":500,\"height\":500,\"caption\":\"Geopolitics.fr\"},\"image\":{\"@id\":\"https:\\\/\\\/www.geopolitics.fr\\\/#\\\/schema\\\/logo\\\/image\\\/\"},\"sameAs\":[\"https:\\\/\\\/www.facebook.com\\\/people\\\/Erwan-Davoux\\\/61557098968092\\\/\",\"https:\\\/\\\/x.com\\\/Geopolitics_Fr\"]},{\"@type\":\"Person\",\"@id\":\"https:\\\/\\\/www.geopolitics.fr\\\/#\\\/schema\\\/person\\\/a487273e91313e368925717400fa1b11\",\"name\":\"Erwan Davoux\",\"image\":{\"@type\":\"ImageObject\",\"inLanguage\":\"en-GB\",\"@id\":\"https:\\\/\\\/www.geopolitics.fr\\\/wp-content\\\/uploads\\\/2026\\\/05\\\/moi-96x96.jpg\",\"url\":\"https:\\\/\\\/www.geopolitics.fr\\\/wp-content\\\/uploads\\\/2026\\\/05\\\/moi-96x96.jpg\",\"contentUrl\":\"https:\\\/\\\/www.geopolitics.fr\\\/wp-content\\\/uploads\\\/2026\\\/05\\\/moi-96x96.jpg\",\"caption\":\"Erwan Davoux\"},\"description\":\"Erwan DAVOUX est Pr\u00e9sident de LMD CONSEIL, (conseil strat\u00e9gique, intelligence \u00e9conomique, risque g\u00e9opolitique, influence politique, diplomatie \u00e9conomique). Dipl\u00f4m\u00e9 de l'IEP de Paris et de l'INALCO (d\u00e9partement d'\u00e9tudes arabes), il est directeur de la publication de geopolitics.fr. Ancien fonctionnaire au Minist\u00e8re de l'Int\u00e9rieur et de la D\u00e9fense (DGSE) Ancien charg\u00e9 de Mission \u00e0 la Pr\u00e9sidence de la R\u00e9publique (cellule diplomatique) Conseil de nombreuses personnalit\u00e9s politiques \u00e0 l'International (dont deux anciens Premiers ministres).\",\"sameAs\":[\"Erwan Davoux\",\"@erwandavoux\",\"https:\\\/\\\/www.linkedin.com\\\/in\\\/erwan-davoux-6800b289\\\/\",\"https:\\\/\\\/x.com\\\/@erwandavoux @Geo_politicsfr\"],\"url\":\"https:\\\/\\\/www.geopolitics.fr\\\/en\\\/author\\\/erwan-davoux\\\/\"}]}<\/script>\n<!-- \/ Yoast SEO Premium plugin. -->","yoast_head_json":{"title":"La d\u00e9cision de la Cour Internationale de Justice est un coup de tonerre. | Geopolitics.fr","robots":{"index":"index","follow":"follow","max-snippet":"max-snippet:-1","max-image-preview":"max-image-preview:large","max-video-preview":"max-video-preview:-1"},"canonical":"https:\/\/www.geopolitics.fr\/en\/2024\/01\/26\/la-decision-de-la-cour-international-de-justice-est-un-coup-de-tonnerre\/","og_locale":"en_GB","og_type":"article","og_title":"La d\u00e9cision de la Cour Internationale de Justice est un coup de tonerre.","og_description":"La&nbsp;Cour Internationale de Justice&nbsp;(CIJ) a ordonn\u00e9 \u00e0 Isra\u00ebl de \u00ab&nbsp;pr\u00e9venir et punir&nbsp;\u00bb l\u2019incitation au \u00ab&nbsp;g\u00e9nocide&nbsp;\u00bb dans la bande de Gaza. La d\u00e9cision&hellip;","og_url":"https:\/\/www.geopolitics.fr\/en\/2024\/01\/26\/la-decision-de-la-cour-international-de-justice-est-un-coup-de-tonnerre\/","og_site_name":"Geopolitics.fr","article_publisher":"https:\/\/www.facebook.com\/people\/Erwan-Davoux\/61557098968092\/","article_author":"Erwan Davoux","article_published_time":"2024-01-26T16:00:00+00:00","article_modified_time":"2024-03-26T21:00:35+00:00","og_image":[{"width":600,"height":600,"url":"https:\/\/www.geopolitics.fr\/wp-content\/uploads\/2024\/01\/backlogo.jpg","type":"image\/jpeg"}],"author":"Erwan Davoux","twitter_card":"summary_large_image","twitter_creator":"@erwandavoux @Geo_politicsfr","twitter_site":"@Geopolitics_Fr","twitter_misc":{"Written by":"Erwan Davoux","Estimated reading time":"3 minutes"},"schema":{"@context":"https:\/\/schema.org","@graph":[{"@type":"Article","@id":"https:\/\/www.geopolitics.fr\/2024\/01\/26\/la-decision-de-la-cour-international-de-justice-est-un-coup-de-tonnerre\/#article","isPartOf":{"@id":"https:\/\/www.geopolitics.fr\/2024\/01\/26\/la-decision-de-la-cour-international-de-justice-est-un-coup-de-tonnerre\/"},"author":{"name":"Erwan Davoux","@id":"https:\/\/www.geopolitics.fr\/#\/schema\/person\/a487273e91313e368925717400fa1b11"},"headline":"La d\u00e9cision de la Cour Internationale de Justice est un coup de tonerre.","datePublished":"2024-01-26T16:00:00+00:00","dateModified":"2024-03-26T21:00:35+00:00","mainEntityOfPage":{"@id":"https:\/\/www.geopolitics.fr\/2024\/01\/26\/la-decision-de-la-cour-international-de-justice-est-un-coup-de-tonnerre\/"},"wordCount":512,"commentCount":0,"publisher":{"@id":"https:\/\/www.geopolitics.fr\/#organization"},"image":{"@id":"https:\/\/www.geopolitics.fr\/2024\/01\/26\/la-decision-de-la-cour-international-de-justice-est-un-coup-de-tonnerre\/#primaryimage"},"thumbnailUrl":"https:\/\/www.geopolitics.fr\/wp-content\/uploads\/2024\/01\/backlogo.jpg","articleSection":["Editorial","International"],"inLanguage":"en-GB"},{"@type":"WebPage","@id":"https:\/\/www.geopolitics.fr\/2024\/01\/26\/la-decision-de-la-cour-international-de-justice-est-un-coup-de-tonnerre\/","url":"https:\/\/www.geopolitics.fr\/2024\/01\/26\/la-decision-de-la-cour-international-de-justice-est-un-coup-de-tonnerre\/","name":"La d\u00e9cision de la Cour Internationale de Justice est un coup de tonerre. | Geopolitics.fr","isPartOf":{"@id":"https:\/\/www.geopolitics.fr\/#website"},"primaryImageOfPage":{"@id":"https:\/\/www.geopolitics.fr\/2024\/01\/26\/la-decision-de-la-cour-international-de-justice-est-un-coup-de-tonnerre\/#primaryimage"},"image":{"@id":"https:\/\/www.geopolitics.fr\/2024\/01\/26\/la-decision-de-la-cour-international-de-justice-est-un-coup-de-tonnerre\/#primaryimage"},"thumbnailUrl":"https:\/\/www.geopolitics.fr\/wp-content\/uploads\/2024\/01\/backlogo.jpg","datePublished":"2024-01-26T16:00:00+00:00","dateModified":"2024-03-26T21:00:35+00:00","breadcrumb":{"@id":"https:\/\/www.geopolitics.fr\/2024\/01\/26\/la-decision-de-la-cour-international-de-justice-est-un-coup-de-tonnerre\/#breadcrumb"},"inLanguage":"en-GB","potentialAction":[{"@type":"ReadAction","target":["https:\/\/www.geopolitics.fr\/2024\/01\/26\/la-decision-de-la-cour-international-de-justice-est-un-coup-de-tonnerre\/"]}]},{"@type":"ImageObject","inLanguage":"en-GB","@id":"https:\/\/www.geopolitics.fr\/2024\/01\/26\/la-decision-de-la-cour-international-de-justice-est-un-coup-de-tonnerre\/#primaryimage","url":"https:\/\/www.geopolitics.fr\/wp-content\/uploads\/2024\/01\/backlogo.jpg","contentUrl":"https:\/\/www.geopolitics.fr\/wp-content\/uploads\/2024\/01\/backlogo.jpg","width":600,"height":600},{"@type":"BreadcrumbList","@id":"https:\/\/www.geopolitics.fr\/2024\/01\/26\/la-decision-de-la-cour-international-de-justice-est-un-coup-de-tonnerre\/#breadcrumb","itemListElement":[{"@type":"ListItem","position":1,"name":"Accueil","item":"https:\/\/www.geopolitics.fr\/"},{"@type":"ListItem","position":2,"name":"La d\u00e9cision de la Cour Internationale de Justice est un coup de tonerre."}]},{"@type":"WebSite","@id":"https:\/\/www.geopolitics.fr\/#website","url":"https:\/\/www.geopolitics.fr\/","name":"Geopolitics.fr","description":"Geopolitics.fr Analyse politique, relations internationales, d\u00e9fense - ligne \u00e9ditoriale gaullo-chiraquienne","publisher":{"@id":"https:\/\/www.geopolitics.fr\/#organization"},"potentialAction":[{"@type":"SearchAction","target":{"@type":"EntryPoint","urlTemplate":"https:\/\/www.geopolitics.fr\/?s={search_term_string}"},"query-input":{"@type":"PropertyValueSpecification","valueRequired":true,"valueName":"search_term_string"}}],"inLanguage":"en-GB"},{"@type":"Organization","@id":"https:\/\/www.geopolitics.fr\/#organization","name":"Geopolitics.fr","url":"https:\/\/www.geopolitics.fr\/","logo":{"@type":"ImageObject","inLanguage":"en-GB","@id":"https:\/\/www.geopolitics.fr\/#\/schema\/logo\/image\/","url":"https:\/\/www.geopolitics.fr\/wp-content\/uploads\/2024\/01\/logo.jpg","contentUrl":"https:\/\/www.geopolitics.fr\/wp-content\/uploads\/2024\/01\/logo.jpg","width":500,"height":500,"caption":"Geopolitics.fr"},"image":{"@id":"https:\/\/www.geopolitics.fr\/#\/schema\/logo\/image\/"},"sameAs":["https:\/\/www.facebook.com\/people\/Erwan-Davoux\/61557098968092\/","https:\/\/x.com\/Geopolitics_Fr"]},{"@type":"Person","@id":"https:\/\/www.geopolitics.fr\/#\/schema\/person\/a487273e91313e368925717400fa1b11","name":"Erwan Davoux","image":{"@type":"ImageObject","inLanguage":"en-GB","@id":"https:\/\/www.geopolitics.fr\/wp-content\/uploads\/2026\/05\/moi-96x96.jpg","url":"https:\/\/www.geopolitics.fr\/wp-content\/uploads\/2026\/05\/moi-96x96.jpg","contentUrl":"https:\/\/www.geopolitics.fr\/wp-content\/uploads\/2026\/05\/moi-96x96.jpg","caption":"Erwan Davoux"},"description":"Erwan DAVOUX est Pr\u00e9sident de LMD CONSEIL, (conseil strat\u00e9gique, intelligence \u00e9conomique, risque g\u00e9opolitique, influence politique, diplomatie \u00e9conomique). Dipl\u00f4m\u00e9 de l'IEP de Paris et de l'INALCO (d\u00e9partement d'\u00e9tudes arabes), il est directeur de la publication de geopolitics.fr. Ancien fonctionnaire au Minist\u00e8re de l'Int\u00e9rieur et de la D\u00e9fense (DGSE) Ancien charg\u00e9 de Mission \u00e0 la Pr\u00e9sidence de la R\u00e9publique (cellule diplomatique) Conseil de nombreuses personnalit\u00e9s politiques \u00e0 l'International (dont deux anciens Premiers ministres).","sameAs":["Erwan Davoux","@erwandavoux","https:\/\/www.linkedin.com\/in\/erwan-davoux-6800b289\/","https:\/\/x.com\/@erwandavoux @Geo_politicsfr"],"url":"https:\/\/www.geopolitics.fr\/en\/author\/erwan-davoux\/"}]}},"_links":{"self":[{"href":"https:\/\/www.geopolitics.fr\/en\/wp-json\/wp\/v2\/posts\/2170","targetHints":{"allow":["GET"]}}],"collection":[{"href":"https:\/\/www.geopolitics.fr\/en\/wp-json\/wp\/v2\/posts"}],"about":[{"href":"https:\/\/www.geopolitics.fr\/en\/wp-json\/wp\/v2\/types\/post"}],"author":[{"embeddable":true,"href":"https:\/\/www.geopolitics.fr\/en\/wp-json\/wp\/v2\/users\/16"}],"replies":[{"embeddable":true,"href":"https:\/\/www.geopolitics.fr\/en\/wp-json\/wp\/v2\/comments?post=2170"}],"version-history":[{"count":0,"href":"https:\/\/www.geopolitics.fr\/en\/wp-json\/wp\/v2\/posts\/2170\/revisions"}],"wp:featuredmedia":[{"embeddable":true,"href":"https:\/\/www.geopolitics.fr\/en\/wp-json\/wp\/v2\/media\/1963"}],"wp:attachment":[{"href":"https:\/\/www.geopolitics.fr\/en\/wp-json\/wp\/v2\/media?parent=2170"}],"wp:term":[{"taxonomy":"category","embeddable":true,"href":"https:\/\/www.geopolitics.fr\/en\/wp-json\/wp\/v2\/categories?post=2170"},{"taxonomy":"post_tag","embeddable":true,"href":"https:\/\/www.geopolitics.fr\/en\/wp-json\/wp\/v2\/tags?post=2170"}],"curies":[{"name":"wp","href":"https:\/\/api.w.org\/{rel}","templated":true}]}}