{"id":2113,"date":"2024-01-23T18:35:00","date_gmt":"2024-01-23T17:35:00","guid":{"rendered":"https:\/\/www.geopolitics.fr\/?p=2113"},"modified":"2024-03-26T22:28:59","modified_gmt":"2024-03-26T21:28:59","slug":"france-maroc-allies-ou-concurrents-en-afrique-subsaharienne","status":"publish","type":"post","link":"https:\/\/www.geopolitics.fr\/en\/2024\/01\/23\/france-maroc-allies-ou-concurrents-en-afrique-subsaharienne\/","title":{"rendered":"France-Maroc : alli\u00e9s ou concurrents en Afrique Subsaharienne?"},"content":{"rendered":"<p class=\"has-medium-font-size wp-block-paragraph\"><strong>Le Maroc n&rsquo;a jamais renonc\u00e9 \u00e0 son attirance s\u00e9culaire pour l&rsquo;Afrique. D\u00e9j\u00e0 au XVIe si\u00e8cle, Le sultan Ahmed Al-Mansour, surnomm\u00e9 Ad Dahbi, \u00a0\u00bb <em>Le dor\u00e9 <\/em>\u00a0\u00bb avait repouss\u00e9 les limites de l&#8217;empire ch\u00e9rifien jusqu&rsquo;\u00e0 l&rsquo;actuel Mali et au fleuve Niger. Le roi Hassan II agissait sur le continent de fa\u00e7on plus polic\u00e9e, de concert avec la France. Aujourd&rsquo;hui la vocation africaniste du Maroc est incontournable, tandis que les turbulences que rencontre la France d&rsquo;Emmanuel Macron dans la r\u00e9gion sont bien r\u00e9elles. Le \u00ab\u00a0pacte\u00a0\u00bb franco-marocain est-il toujours d&rsquo;actualit\u00e9 sur ces territoires ?<\/strong><\/p>\n\n\n\n<p class=\"has-medium-font-size wp-block-paragraph\">Le Maroc avance ses pions sur l&rsquo;\u00e9chiquier africain. La strat\u00e9gie royale a choisi un mode d&rsquo;action pour le moins original, souvent qualifi\u00e9 de \u00ab\u00a0tiers-mondisme\u00a0\u00bb positif. Il s&rsquo;agit d&rsquo;un nouveau concept de coop\u00e9ration bas\u00e9 sur des accords \u00ab\u00a0sud-sud\u00a0\u00bb. Dans ce sens, le Royaume a des atouts, dont une religion d&rsquo;\u00e9tat partag\u00e9e par la moiti\u00e9 de l&rsquo;Afrique de l&rsquo;Ouest. C&rsquo;est l\u00e0 un pas non n\u00e9gligeable vers un vrai leadership de c\u0153ur. Les grands patrons marocains sont de la partie depuis le d\u00e9but. En 2018, \u00e0 l&rsquo;occasion des 70 ans du Patronat marocain, la patronne de la CGEM (Conf\u00e9d\u00e9ration g\u00e9n\u00e9rale des entreprises du Maroc), Miriem Bensaleh-Chaqroun, nous confiait que <em>\u00a0\u00bb Le mot d&rsquo;ordre de la relation sud-sud demeure la d\u00e9couverte de partenaires locaux avec lesquels nous pouvons \u00e9tablir une cha\u00eene de valeurs continentales et une v\u00e9ritable diplomatie \u00e9conomique. Nous nous attachons \u00e0 d\u00e9velopper ces alliances, non en donneurs de le\u00e7ons, mais en partenaires r\u00e9els.\u00a0\u00bb<\/em><\/p>\n\n\n\n<h2 class=\"wp-block-heading\" id=\"h-un-braconnage-sur-les-terres-francaises\"><strong>Un braconnage sur les \u00ab\u00a0terres\u00a0\u00bb fran\u00e7aises ?<\/strong><\/h2>\n\n\n\n<p class=\"has-medium-font-size wp-block-paragraph\">Il est clair que la France est d\u00e9sormais en concurrence avec le Maroc sur les terres subsahariennes. L&rsquo;Elys\u00e9e pense que l&rsquo;alerte est suffisamment importante pour ouvrir avec le Maroc <em>\u00ab\u00a0un dialogue particulier sur les sujets africains\u00a0\u00bb.<\/em> Selon l&rsquo;imp\u00e9rissable principe qu&rsquo;il vaut mieux un partenaire qu&rsquo;un concurrent, la France soutient officiellement les entreprises marocaines dans leur conqu\u00eate du Continent, sachant qu&rsquo;il s&rsquo;agit pour le Royaume d&rsquo;un d\u00e9fi de taille quant \u00e0 sa capacit\u00e9 entrepreneuriale et financi\u00e8re plut\u00f4t limit\u00e9e face \u00e0 la redoutable Chine, l&rsquo;Afrique du sud, et l&rsquo;Alg\u00e9rie, qui n&rsquo;h\u00e9sitent pas, eux, \u00e0 mettre les moyens n\u00e9cessaires au ralentissement des efforts marocains.<\/p>\n\n\n\n<p class=\"has-medium-font-size wp-block-paragraph\">Malgr\u00e9 les difficult\u00e9s et selon le World Investment Report 2019, la progression des acteurs \u00e9conomiques du royaume sur le continent s&rsquo;intensifie : <em>\u00ab\u00a0Les entreprises marocaines poursuivent leur implantation en Afrique de l&rsquo;Ouest, avec en premi\u00e8re cible la c\u00f4te d&rsquo;ivoire, march\u00e9 fructueux d&rsquo;opportunit\u00e9s qui concentre le quart des investissements directs du Royaume hors fronti\u00e8re.\u00a0\u00bb<\/em> Les chiffres avanc\u00e9s int\u00e9ressent particuli\u00e8rement la France qui surveille de pr\u00e8s l&rsquo;offensive marocaine. D\u00e9j\u00e0 en 2015, celle-ci \u00e9tait significative. Cette ann\u00e9e-l\u00e0, le rapport de l&rsquo;Assembl\u00e9e nationale fran\u00e7aise sur la C\u00f4te d&rsquo;Ivoire, signalait que<em> \u00a0\u00bb le Maroc y avait d\u00e9croch\u00e9 le titre de premier investisseur \u00e9tranger avec 22 % des agr\u00e9ments d\u00e9livr\u00e9s par le Centre de promotion des investissements d&rsquo;Abidjan, contre 16% pour la France\u00a0\u00bb<\/em>. La nouvelle concurrence bat donc son plein. Une r\u00e9alit\u00e9 formul\u00e9e aujourd&rsquo;hui sans langue de bois par les patrons fran\u00e7ais qui reconnaissent une entr\u00e9e remarquable du royaume dans l\u2019\u00e9conomie ivoirienne. Pour ceux-ci, il est urgent de conserver la main mise tricolore sur les march\u00e9s importants et pr\u00e9server l&rsquo;influence exerc\u00e9e localement. Il leur faudra d\u00e9sormais compter sur les efforts de s\u00e9duction d\u00e9ploy\u00e9s par l&rsquo;Elys\u00e9e qui, aujourd&rsquo;hui, ne m\u00e9nage pas sa peine.<\/p>\n\n\n\n<h2 class=\"wp-block-heading\" id=\"h-tandis-que-la-presence-francaise-est-contestee-en-afrique\"><strong>Tandis que la pr\u00e9sence fran\u00e7aise est contest\u00e9e en Afrique\u2026<\/strong><\/h2>\n\n\n\n<p class=\"has-medium-font-size wp-block-paragraph\">Du c\u00f4t\u00e9 d&rsquo;Emmanuel Macron, apr\u00e8s plusieurs maladresses et un ton jug\u00e9 \u00ab\u00a0condescendant\u00a0\u00bb qui froissent les Africains, le Pr\u00e9sident a fort \u00e0 faire pour r\u00e9tablir la confiance. Il lui faut rapidement r\u00e9\u00e9valuer sa politique locale et changer sa perception de la r\u00e9gion. Les sp\u00e9cialistes insistent sur la volont\u00e9 de la France de s&rsquo;allier avec le Maroc sur cet \u00e9pineux dossier africain : <em>\u00ab\u00a0Une priorit\u00e9 strat\u00e9gique\u00a0\u00bb <\/em>confirmait \u00e0 Rabat le ministre fran\u00e7ais du Commerce ext\u00e9rieur, rappelant l&rsquo;ambition commune qui r\u00e9unit les deux \u00e9tats sur le sujet, sans oublier pour autant d&rsquo;\u00e9gratigner au passage les progr\u00e8s marocains. En effet, selon un rapport officiel fran\u00e7ais publi\u00e9 en 2020, <em>\u00a0\u00bb <\/em><em>Rabat a multipli\u00e9 ces derni\u00e8res ann\u00e9es les actions diplomatiques en vue de renforcer sa pr\u00e9sence \u00e9conomique en Afrique mais ses \u00e9changes avec les pays africains restent encore faibles.\u00a0\u00bb <\/em>Une fa\u00e7on comme une autre pour le pr\u00e9sident Macron de relativiser ses propres \u00e9checs politiques dans la r\u00e9gion. Mais il y a plus urgent : freiner la Chine sur le continent, titiller aussi la Russie qui gagne du terrain et qui sait si bien \u00e9viter les ing\u00e9rences dans les politiques nationales, contrairement \u00e0 la France qui se m\u00eale un peu trop souvent des affaires politiques locales. C&rsquo;est un fait : \u00e7a gronde sur le continent. L&rsquo;\u00e9ditorialiste Amyne Asmlal dans le quotidien Al Akhbar, confirme le malaise : <em>\u00ab\u00a0<\/em><em> Jour apr\u00e8s jour, la France perd progressivement ce qui lui reste encore en termes d\u2019influence en Afrique. L\u2019ancien colonisateur fait aujourd\u2019hui face \u00e0 un sentiment antifran\u00e7ais manifeste. L\u2019attitude hautaine, et c\u2019est le moins que l\u2019on puisse dire, de l\u2019actuel pr\u00e9sident Emmanuel Macron n\u2019arrange rien \u00e0 cette situation. Il ne fait qu\u2019attiser davantage les r\u00e9actions anti-fran\u00e7aises par ses actions provocatrices et son usage d\u2019un langage aux relents colonialistes aujourd\u2019hui d\u00e9suet\u00a0\u00bb. <\/em>Point de non retour ? Non, heureusement. Emmanuel Macron r\u00e9agit et appelle \u00e0 un radical changement de logiciel, plaidant&nbsp;pour le passage d&rsquo;une <em>\u00ab&nbsp;logique d&rsquo;aide \u00e0 celle d&rsquo;investissement solidaire et partenarial&nbsp;\u00bb<\/em>. La presse internationale rebondit alors sur le th\u00e8me : &nbsp;Macron a exhort\u00e9 les entreprises tricolores \u00e0 aller <em>\u00ab&nbsp;se battre&nbsp;\u00bb<\/em> pour cette \u00ab&nbsp;<em>terre de comp\u00e9tition&nbsp;<\/em>\u00bb qu&rsquo;est devenu le continent africain. <em>\u00ab&nbsp;Je ne d\u00e9fendrai plus les entreprises qui ne sont pas pr\u00eates \u00e0 se battre&nbsp;\u00bb<\/em>, a-t-il lanc\u00e9, appelant <em>\u00e0 \u00ab&nbsp;un r\u00e9veil du monde \u00e9conomique fran\u00e7ais&nbsp;\u00bb<\/em>. Puis, <em>\u00ab&nbsp;Si des nouveaux partenaires s&rsquo;installent et prennent des positions qui \u00e9taient avant les n\u00f4tres, c&rsquo;est justement parce qu&rsquo;ils prennent les pays africains au s\u00e9rieux&nbsp;\u00bb<\/em>, lance le pr\u00e9sident. Clin d&rsquo;\u0153il au Maroc ? Peut-\u00eatre. Difficile de trancher sur la r\u00e9alit\u00e9 des ambitions respectives. Concurrence ou alliance franco-marocaine en Afrique sub-saharienne ? Les deux, mon Capitaine\u2026<\/p>\n\n\n\n<p class=\"wp-block-paragraph\"><em>Val\u00e9rie Morales Attias est r\u00e9sidente au Maroc, journaliste et auteur, elle est enseignante \u00e0 l&rsquo;Ecole Sup\u00e9rieure de Journalisme de Paris.<\/em><\/p>","protected":false},"excerpt":{"rendered":"<p>Le Maroc n&rsquo;a jamais renonc\u00e9 \u00e0 son attirance s\u00e9culaire pour l&rsquo;Afrique. D\u00e9j\u00e0 au XVIe si\u00e8cle, Le sultan Ahmed Al-Mansour, surnomm\u00e9 Ad Dahbi,&hellip;<\/p>","protected":false},"author":14,"featured_media":2114,"comment_status":"open","ping_status":"open","sticky":false,"template":"","format":"standard","meta":{"_lmt_disableupdate":"","_lmt_disable":"","footnotes":""},"categories":[5],"tags":[],"class_list":["post-2113","post","type-post","status-publish","format-standard","has-post-thumbnail","hentry","category-international"],"yoast_head":"<!-- This site is optimized with the Yoast SEO Premium plugin v28.1 (Yoast SEO v28.1) - https:\/\/yoast.com\/product\/yoast-seo-premium-wordpress\/ -->\n<title>France-Maroc : alli\u00e9s ou concurrents en Afrique Subsaharienne? | Geopolitics.fr<\/title>\n<meta name=\"robots\" content=\"index, follow, max-snippet:-1, max-image-preview:large, max-video-preview:-1\" \/>\n<link rel=\"canonical\" href=\"https:\/\/www.geopolitics.fr\/en\/2024\/01\/23\/france-maroc-allies-ou-concurrents-en-afrique-subsaharienne\/\" \/>\n<meta property=\"og:locale\" content=\"en_GB\" \/>\n<meta property=\"og:type\" content=\"article\" \/>\n<meta property=\"og:title\" content=\"France-Maroc : alli\u00e9s ou concurrents en Afrique Subsaharienne?\" \/>\n<meta property=\"og:description\" content=\"Le Maroc n&rsquo;a jamais renonc\u00e9 \u00e0 son attirance s\u00e9culaire pour l&rsquo;Afrique. D\u00e9j\u00e0 au XVIe si\u00e8cle, Le sultan Ahmed Al-Mansour, surnomm\u00e9 Ad Dahbi,&hellip;\" \/>\n<meta property=\"og:url\" content=\"https:\/\/www.geopolitics.fr\/en\/2024\/01\/23\/france-maroc-allies-ou-concurrents-en-afrique-subsaharienne\/\" \/>\n<meta property=\"og:site_name\" content=\"Geopolitics.fr\" \/>\n<meta property=\"article:publisher\" content=\"https:\/\/www.facebook.com\/people\/Erwan-Davoux\/61557098968092\/\" \/>\n<meta property=\"article:published_time\" content=\"2024-01-23T17:35:00+00:00\" \/>\n<meta property=\"article:modified_time\" content=\"2024-03-26T21:28:59+00:00\" \/>\n<meta property=\"og:image\" content=\"https:\/\/www.geopolitics.fr\/wp-content\/uploads\/2024\/01\/UA-scaled.webp\" \/>\n\t<meta property=\"og:image:width\" content=\"1706\" \/>\n\t<meta property=\"og:image:height\" content=\"2560\" \/>\n\t<meta property=\"og:image:type\" content=\"image\/webp\" \/>\n<meta name=\"author\" content=\"Valerie Morales Attias\" \/>\n<meta name=\"twitter:card\" content=\"summary_large_image\" \/>\n<meta name=\"twitter:creator\" content=\"@Geopolitics_Fr\" \/>\n<meta name=\"twitter:site\" content=\"@Geopolitics_Fr\" \/>\n<meta name=\"twitter:label1\" content=\"Written by\" \/>\n\t<meta name=\"twitter:data1\" content=\"Valerie Morales Attias\" \/>\n\t<meta name=\"twitter:label2\" content=\"Estimated reading time\" \/>\n\t<meta name=\"twitter:data2\" content=\"6 minutes\" \/>\n<script type=\"application\/ld+json\" class=\"yoast-schema-graph\">{\"@context\":\"https:\\\/\\\/schema.org\",\"@graph\":[{\"@type\":\"Article\",\"@id\":\"https:\\\/\\\/www.geopolitics.fr\\\/2024\\\/01\\\/23\\\/france-maroc-allies-ou-concurrents-en-afrique-subsaharienne\\\/#article\",\"isPartOf\":{\"@id\":\"https:\\\/\\\/www.geopolitics.fr\\\/2024\\\/01\\\/23\\\/france-maroc-allies-ou-concurrents-en-afrique-subsaharienne\\\/\"},\"author\":{\"name\":\"Valerie Morales Attias\",\"@id\":\"https:\\\/\\\/www.geopolitics.fr\\\/#\\\/schema\\\/person\\\/2b73b2101df6ed1877dcb227a0be4a5d\"},\"headline\":\"France-Maroc : alli\u00e9s ou concurrents en Afrique Subsaharienne?\",\"datePublished\":\"2024-01-23T17:35:00+00:00\",\"dateModified\":\"2024-03-26T21:28:59+00:00\",\"mainEntityOfPage\":{\"@id\":\"https:\\\/\\\/www.geopolitics.fr\\\/2024\\\/01\\\/23\\\/france-maroc-allies-ou-concurrents-en-afrique-subsaharienne\\\/\"},\"wordCount\":1153,\"commentCount\":0,\"publisher\":{\"@id\":\"https:\\\/\\\/www.geopolitics.fr\\\/#organization\"},\"image\":{\"@id\":\"https:\\\/\\\/www.geopolitics.fr\\\/2024\\\/01\\\/23\\\/france-maroc-allies-ou-concurrents-en-afrique-subsaharienne\\\/#primaryimage\"},\"thumbnailUrl\":\"https:\\\/\\\/www.geopolitics.fr\\\/wp-content\\\/uploads\\\/2024\\\/01\\\/UA-scaled.webp\",\"articleSection\":[\"International\"],\"inLanguage\":\"en-GB\"},{\"@type\":\"WebPage\",\"@id\":\"https:\\\/\\\/www.geopolitics.fr\\\/2024\\\/01\\\/23\\\/france-maroc-allies-ou-concurrents-en-afrique-subsaharienne\\\/\",\"url\":\"https:\\\/\\\/www.geopolitics.fr\\\/2024\\\/01\\\/23\\\/france-maroc-allies-ou-concurrents-en-afrique-subsaharienne\\\/\",\"name\":\"France-Maroc : alli\u00e9s ou concurrents en Afrique Subsaharienne? | Geopolitics.fr\",\"isPartOf\":{\"@id\":\"https:\\\/\\\/www.geopolitics.fr\\\/#website\"},\"primaryImageOfPage\":{\"@id\":\"https:\\\/\\\/www.geopolitics.fr\\\/2024\\\/01\\\/23\\\/france-maroc-allies-ou-concurrents-en-afrique-subsaharienne\\\/#primaryimage\"},\"image\":{\"@id\":\"https:\\\/\\\/www.geopolitics.fr\\\/2024\\\/01\\\/23\\\/france-maroc-allies-ou-concurrents-en-afrique-subsaharienne\\\/#primaryimage\"},\"thumbnailUrl\":\"https:\\\/\\\/www.geopolitics.fr\\\/wp-content\\\/uploads\\\/2024\\\/01\\\/UA-scaled.webp\",\"datePublished\":\"2024-01-23T17:35:00+00:00\",\"dateModified\":\"2024-03-26T21:28:59+00:00\",\"breadcrumb\":{\"@id\":\"https:\\\/\\\/www.geopolitics.fr\\\/2024\\\/01\\\/23\\\/france-maroc-allies-ou-concurrents-en-afrique-subsaharienne\\\/#breadcrumb\"},\"inLanguage\":\"en-GB\",\"potentialAction\":[{\"@type\":\"ReadAction\",\"target\":[\"https:\\\/\\\/www.geopolitics.fr\\\/2024\\\/01\\\/23\\\/france-maroc-allies-ou-concurrents-en-afrique-subsaharienne\\\/\"]}]},{\"@type\":\"ImageObject\",\"inLanguage\":\"en-GB\",\"@id\":\"https:\\\/\\\/www.geopolitics.fr\\\/2024\\\/01\\\/23\\\/france-maroc-allies-ou-concurrents-en-afrique-subsaharienne\\\/#primaryimage\",\"url\":\"https:\\\/\\\/www.geopolitics.fr\\\/wp-content\\\/uploads\\\/2024\\\/01\\\/UA-scaled.webp\",\"contentUrl\":\"https:\\\/\\\/www.geopolitics.fr\\\/wp-content\\\/uploads\\\/2024\\\/01\\\/UA-scaled.webp\",\"width\":1706,\"height\":2560},{\"@type\":\"BreadcrumbList\",\"@id\":\"https:\\\/\\\/www.geopolitics.fr\\\/2024\\\/01\\\/23\\\/france-maroc-allies-ou-concurrents-en-afrique-subsaharienne\\\/#breadcrumb\",\"itemListElement\":[{\"@type\":\"ListItem\",\"position\":1,\"name\":\"Accueil\",\"item\":\"https:\\\/\\\/www.geopolitics.fr\\\/\"},{\"@type\":\"ListItem\",\"position\":2,\"name\":\"France-Maroc : alli\u00e9s ou concurrents en Afrique Subsaharienne?\"}]},{\"@type\":\"WebSite\",\"@id\":\"https:\\\/\\\/www.geopolitics.fr\\\/#website\",\"url\":\"https:\\\/\\\/www.geopolitics.fr\\\/\",\"name\":\"Geopolitics.fr\",\"description\":\"Geopolitics.fr Analyse politique, relations internationales, d\u00e9fense - ligne \u00e9ditoriale gaullo-chiraquienne\",\"publisher\":{\"@id\":\"https:\\\/\\\/www.geopolitics.fr\\\/#organization\"},\"potentialAction\":[{\"@type\":\"SearchAction\",\"target\":{\"@type\":\"EntryPoint\",\"urlTemplate\":\"https:\\\/\\\/www.geopolitics.fr\\\/?s={search_term_string}\"},\"query-input\":{\"@type\":\"PropertyValueSpecification\",\"valueRequired\":true,\"valueName\":\"search_term_string\"}}],\"inLanguage\":\"en-GB\"},{\"@type\":\"Organization\",\"@id\":\"https:\\\/\\\/www.geopolitics.fr\\\/#organization\",\"name\":\"Geopolitics.fr\",\"url\":\"https:\\\/\\\/www.geopolitics.fr\\\/\",\"logo\":{\"@type\":\"ImageObject\",\"inLanguage\":\"en-GB\",\"@id\":\"https:\\\/\\\/www.geopolitics.fr\\\/#\\\/schema\\\/logo\\\/image\\\/\",\"url\":\"https:\\\/\\\/www.geopolitics.fr\\\/wp-content\\\/uploads\\\/2024\\\/01\\\/logo.jpg\",\"contentUrl\":\"https:\\\/\\\/www.geopolitics.fr\\\/wp-content\\\/uploads\\\/2024\\\/01\\\/logo.jpg\",\"width\":500,\"height\":500,\"caption\":\"Geopolitics.fr\"},\"image\":{\"@id\":\"https:\\\/\\\/www.geopolitics.fr\\\/#\\\/schema\\\/logo\\\/image\\\/\"},\"sameAs\":[\"https:\\\/\\\/www.facebook.com\\\/people\\\/Erwan-Davoux\\\/61557098968092\\\/\",\"https:\\\/\\\/x.com\\\/Geopolitics_Fr\"]},{\"@type\":\"Person\",\"@id\":\"https:\\\/\\\/www.geopolitics.fr\\\/#\\\/schema\\\/person\\\/2b73b2101df6ed1877dcb227a0be4a5d\",\"name\":\"Valerie Morales Attias\",\"image\":{\"@type\":\"ImageObject\",\"inLanguage\":\"en-GB\",\"@id\":\"https:\\\/\\\/www.geopolitics.fr\\\/wp-content\\\/uploads\\\/2024\\\/04\\\/cropped-valerie-mora-96x96.jpg\",\"url\":\"https:\\\/\\\/www.geopolitics.fr\\\/wp-content\\\/uploads\\\/2024\\\/04\\\/cropped-valerie-mora-96x96.jpg\",\"contentUrl\":\"https:\\\/\\\/www.geopolitics.fr\\\/wp-content\\\/uploads\\\/2024\\\/04\\\/cropped-valerie-mora-96x96.jpg\",\"caption\":\"Valerie Morales Attias\"},\"description\":\"N\u00e9e \u00e0 Oran, elle est journaliste et \u00e9crivain. Enseignante \u00e0 l'Ecole Sup\u00e9rieure de Journalisme de Paris - Ex Directrice g\u00e9n\u00e9rale de Luxe Radio \u00e0 Casablanca. - Elle est l'auteur de plusieurs romans publi\u00e9s au Maroc, en France et en Belgique, ainsi que d'un essai sur le Royaume du Maroc, publi\u00e9 en France aux Editions Descartes.\",\"url\":\"https:\\\/\\\/www.geopolitics.fr\\\/en\\\/author\\\/valerie-morales-attias\\\/\"}]}<\/script>\n<!-- \/ Yoast SEO Premium plugin. -->","yoast_head_json":{"title":"France-Maroc : alli\u00e9s ou concurrents en Afrique Subsaharienne? | Geopolitics.fr","robots":{"index":"index","follow":"follow","max-snippet":"max-snippet:-1","max-image-preview":"max-image-preview:large","max-video-preview":"max-video-preview:-1"},"canonical":"https:\/\/www.geopolitics.fr\/en\/2024\/01\/23\/france-maroc-allies-ou-concurrents-en-afrique-subsaharienne\/","og_locale":"en_GB","og_type":"article","og_title":"France-Maroc : alli\u00e9s ou concurrents en Afrique Subsaharienne?","og_description":"Le Maroc n&rsquo;a jamais renonc\u00e9 \u00e0 son attirance s\u00e9culaire pour l&rsquo;Afrique. D\u00e9j\u00e0 au XVIe si\u00e8cle, Le sultan Ahmed Al-Mansour, surnomm\u00e9 Ad Dahbi,&hellip;","og_url":"https:\/\/www.geopolitics.fr\/en\/2024\/01\/23\/france-maroc-allies-ou-concurrents-en-afrique-subsaharienne\/","og_site_name":"Geopolitics.fr","article_publisher":"https:\/\/www.facebook.com\/people\/Erwan-Davoux\/61557098968092\/","article_published_time":"2024-01-23T17:35:00+00:00","article_modified_time":"2024-03-26T21:28:59+00:00","og_image":[{"width":1706,"height":2560,"url":"https:\/\/www.geopolitics.fr\/wp-content\/uploads\/2024\/01\/UA-scaled.webp","type":"image\/webp"}],"author":"Valerie Morales Attias","twitter_card":"summary_large_image","twitter_creator":"@Geopolitics_Fr","twitter_site":"@Geopolitics_Fr","twitter_misc":{"Written by":"Valerie Morales Attias","Estimated reading time":"6 minutes"},"schema":{"@context":"https:\/\/schema.org","@graph":[{"@type":"Article","@id":"https:\/\/www.geopolitics.fr\/2024\/01\/23\/france-maroc-allies-ou-concurrents-en-afrique-subsaharienne\/#article","isPartOf":{"@id":"https:\/\/www.geopolitics.fr\/2024\/01\/23\/france-maroc-allies-ou-concurrents-en-afrique-subsaharienne\/"},"author":{"name":"Valerie Morales Attias","@id":"https:\/\/www.geopolitics.fr\/#\/schema\/person\/2b73b2101df6ed1877dcb227a0be4a5d"},"headline":"France-Maroc : alli\u00e9s ou concurrents en Afrique Subsaharienne?","datePublished":"2024-01-23T17:35:00+00:00","dateModified":"2024-03-26T21:28:59+00:00","mainEntityOfPage":{"@id":"https:\/\/www.geopolitics.fr\/2024\/01\/23\/france-maroc-allies-ou-concurrents-en-afrique-subsaharienne\/"},"wordCount":1153,"commentCount":0,"publisher":{"@id":"https:\/\/www.geopolitics.fr\/#organization"},"image":{"@id":"https:\/\/www.geopolitics.fr\/2024\/01\/23\/france-maroc-allies-ou-concurrents-en-afrique-subsaharienne\/#primaryimage"},"thumbnailUrl":"https:\/\/www.geopolitics.fr\/wp-content\/uploads\/2024\/01\/UA-scaled.webp","articleSection":["International"],"inLanguage":"en-GB"},{"@type":"WebPage","@id":"https:\/\/www.geopolitics.fr\/2024\/01\/23\/france-maroc-allies-ou-concurrents-en-afrique-subsaharienne\/","url":"https:\/\/www.geopolitics.fr\/2024\/01\/23\/france-maroc-allies-ou-concurrents-en-afrique-subsaharienne\/","name":"France-Maroc : alli\u00e9s ou concurrents en Afrique Subsaharienne? | Geopolitics.fr","isPartOf":{"@id":"https:\/\/www.geopolitics.fr\/#website"},"primaryImageOfPage":{"@id":"https:\/\/www.geopolitics.fr\/2024\/01\/23\/france-maroc-allies-ou-concurrents-en-afrique-subsaharienne\/#primaryimage"},"image":{"@id":"https:\/\/www.geopolitics.fr\/2024\/01\/23\/france-maroc-allies-ou-concurrents-en-afrique-subsaharienne\/#primaryimage"},"thumbnailUrl":"https:\/\/www.geopolitics.fr\/wp-content\/uploads\/2024\/01\/UA-scaled.webp","datePublished":"2024-01-23T17:35:00+00:00","dateModified":"2024-03-26T21:28:59+00:00","breadcrumb":{"@id":"https:\/\/www.geopolitics.fr\/2024\/01\/23\/france-maroc-allies-ou-concurrents-en-afrique-subsaharienne\/#breadcrumb"},"inLanguage":"en-GB","potentialAction":[{"@type":"ReadAction","target":["https:\/\/www.geopolitics.fr\/2024\/01\/23\/france-maroc-allies-ou-concurrents-en-afrique-subsaharienne\/"]}]},{"@type":"ImageObject","inLanguage":"en-GB","@id":"https:\/\/www.geopolitics.fr\/2024\/01\/23\/france-maroc-allies-ou-concurrents-en-afrique-subsaharienne\/#primaryimage","url":"https:\/\/www.geopolitics.fr\/wp-content\/uploads\/2024\/01\/UA-scaled.webp","contentUrl":"https:\/\/www.geopolitics.fr\/wp-content\/uploads\/2024\/01\/UA-scaled.webp","width":1706,"height":2560},{"@type":"BreadcrumbList","@id":"https:\/\/www.geopolitics.fr\/2024\/01\/23\/france-maroc-allies-ou-concurrents-en-afrique-subsaharienne\/#breadcrumb","itemListElement":[{"@type":"ListItem","position":1,"name":"Accueil","item":"https:\/\/www.geopolitics.fr\/"},{"@type":"ListItem","position":2,"name":"France-Maroc : alli\u00e9s ou concurrents en Afrique Subsaharienne?"}]},{"@type":"WebSite","@id":"https:\/\/www.geopolitics.fr\/#website","url":"https:\/\/www.geopolitics.fr\/","name":"Geopolitics.fr","description":"Geopolitics.fr Analyse politique, relations internationales, d\u00e9fense - ligne \u00e9ditoriale gaullo-chiraquienne","publisher":{"@id":"https:\/\/www.geopolitics.fr\/#organization"},"potentialAction":[{"@type":"SearchAction","target":{"@type":"EntryPoint","urlTemplate":"https:\/\/www.geopolitics.fr\/?s={search_term_string}"},"query-input":{"@type":"PropertyValueSpecification","valueRequired":true,"valueName":"search_term_string"}}],"inLanguage":"en-GB"},{"@type":"Organization","@id":"https:\/\/www.geopolitics.fr\/#organization","name":"Geopolitics.fr","url":"https:\/\/www.geopolitics.fr\/","logo":{"@type":"ImageObject","inLanguage":"en-GB","@id":"https:\/\/www.geopolitics.fr\/#\/schema\/logo\/image\/","url":"https:\/\/www.geopolitics.fr\/wp-content\/uploads\/2024\/01\/logo.jpg","contentUrl":"https:\/\/www.geopolitics.fr\/wp-content\/uploads\/2024\/01\/logo.jpg","width":500,"height":500,"caption":"Geopolitics.fr"},"image":{"@id":"https:\/\/www.geopolitics.fr\/#\/schema\/logo\/image\/"},"sameAs":["https:\/\/www.facebook.com\/people\/Erwan-Davoux\/61557098968092\/","https:\/\/x.com\/Geopolitics_Fr"]},{"@type":"Person","@id":"https:\/\/www.geopolitics.fr\/#\/schema\/person\/2b73b2101df6ed1877dcb227a0be4a5d","name":"Valerie Morales Attias","image":{"@type":"ImageObject","inLanguage":"en-GB","@id":"https:\/\/www.geopolitics.fr\/wp-content\/uploads\/2024\/04\/cropped-valerie-mora-96x96.jpg","url":"https:\/\/www.geopolitics.fr\/wp-content\/uploads\/2024\/04\/cropped-valerie-mora-96x96.jpg","contentUrl":"https:\/\/www.geopolitics.fr\/wp-content\/uploads\/2024\/04\/cropped-valerie-mora-96x96.jpg","caption":"Valerie Morales Attias"},"description":"N\u00e9e \u00e0 Oran, elle est journaliste et \u00e9crivain. Enseignante \u00e0 l'Ecole Sup\u00e9rieure de Journalisme de Paris - Ex Directrice g\u00e9n\u00e9rale de Luxe Radio \u00e0 Casablanca. - Elle est l'auteur de plusieurs romans publi\u00e9s au Maroc, en France et en Belgique, ainsi que d'un essai sur le Royaume du Maroc, publi\u00e9 en France aux Editions Descartes.","url":"https:\/\/www.geopolitics.fr\/en\/author\/valerie-morales-attias\/"}]}},"_links":{"self":[{"href":"https:\/\/www.geopolitics.fr\/en\/wp-json\/wp\/v2\/posts\/2113","targetHints":{"allow":["GET"]}}],"collection":[{"href":"https:\/\/www.geopolitics.fr\/en\/wp-json\/wp\/v2\/posts"}],"about":[{"href":"https:\/\/www.geopolitics.fr\/en\/wp-json\/wp\/v2\/types\/post"}],"author":[{"embeddable":true,"href":"https:\/\/www.geopolitics.fr\/en\/wp-json\/wp\/v2\/users\/14"}],"replies":[{"embeddable":true,"href":"https:\/\/www.geopolitics.fr\/en\/wp-json\/wp\/v2\/comments?post=2113"}],"version-history":[{"count":0,"href":"https:\/\/www.geopolitics.fr\/en\/wp-json\/wp\/v2\/posts\/2113\/revisions"}],"wp:featuredmedia":[{"embeddable":true,"href":"https:\/\/www.geopolitics.fr\/en\/wp-json\/wp\/v2\/media\/2114"}],"wp:attachment":[{"href":"https:\/\/www.geopolitics.fr\/en\/wp-json\/wp\/v2\/media?parent=2113"}],"wp:term":[{"taxonomy":"category","embeddable":true,"href":"https:\/\/www.geopolitics.fr\/en\/wp-json\/wp\/v2\/categories?post=2113"},{"taxonomy":"post_tag","embeddable":true,"href":"https:\/\/www.geopolitics.fr\/en\/wp-json\/wp\/v2\/tags?post=2113"}],"curies":[{"name":"wp","href":"https:\/\/api.w.org\/{rel}","templated":true}]}}