{"id":2108,"date":"2024-01-21T19:30:00","date_gmt":"2024-01-21T18:30:00","guid":{"rendered":"https:\/\/www.geopolitics.fr\/?p=2108"},"modified":"2024-08-24T14:22:58","modified_gmt":"2024-08-24T12:22:58","slug":"pourquoi-lhydre-antisemite-prospere-t-elle-en-france-2-2","status":"publish","type":"post","link":"https:\/\/www.geopolitics.fr\/en\/2024\/01\/21\/pourquoi-lhydre-antisemite-prospere-t-elle-en-france-2-2\/","title":{"rendered":"Pourquoi l&rsquo;hydre antis\u00e9mite prosp\u00e8re-t-elle en France ? (2\/2)"},"content":{"rendered":"\n<h2 class=\"wp-block-heading\" id=\"h-l-assimilation-nbsp-judaisme-nbsp-nbsp-juif-nbsp-nbsp-israel-nbsp-nbsp-netanyahou-nbsp-est-simplificatrice-et-dangereuse\"><strong>L\u2019assimilation \u00ab&nbsp;Juda\u00efsme&nbsp;\u00bb &#8211; \u00ab&nbsp;Juif&nbsp;\u00bb &#8211; \u00ab&nbsp;Isra\u00ebl&nbsp;\u00bb &#8211; \u00ab&nbsp;Netanyahou&nbsp;\u00bb est simplificatrice et dangereuse<\/strong><\/h2>\n\n\n\n<p class=\"has-medium-font-size wp-block-paragraph\"><strong>C\u2019est la r\u00e9duction de la communaut\u00e9 juive fran\u00e7aise \u00e0 l\u2019Etat d\u2019Isra\u00ebl qui est un facteur important du d\u00e9veloppement de l\u2019antis\u00e9mitisme et qui est responsable de l\u2019importation du conflit isra\u00e9lo-palestinien sur notre sol<\/strong>. <strong>La France ira au bout de cette confusion lorsqu\u2019Emmanuel Macron invitera Benjamin Netanyahu \u00e0 comm\u00e9morer la Rafle du Vel d\u2019Hiv, le 16 juillet 2017 (avant m\u00eame la loi de 2018\u00a0!), la premi\u00e8re d\u2019une longue s\u00e9rie d\u2019erreurs diplomatiques. En effet, il faisait alors primer la qualit\u00e9 de \u00ab\u00a0Juif\u00a0\u00bb sur la nationalit\u00e9. \u00a0Il prenait le contre-pied absolu de Jacques Chirac<\/strong> grand protecteur de la communaut\u00e9 juive fran\u00e7aise mais ne la confondant pas avec l\u2019Etat d\u2019Isra\u00ebl, tenant une position \u00e9quilibr\u00e9e dans le conflit, la seule raisonnable\u00a0: le respect du droit international et des r\u00e9solutions de Conseil de S\u00e9curit\u00e9<strong>. Il n\u2019y a absolument aucune contradiction entre les deux attitudes, bien au contraire.<\/strong> <strong>Il est inadmissible qu\u2019une protection de l\u2019arm\u00e9e soit n\u00e9cessaire pour que les Juifs fran\u00e7ais puissent se rendre en relative s\u00e9curit\u00e9 \u00e0 la synagogue pour le Shabbat<\/strong>. Et encore, l\u2019\u00e9difice religieux est s\u00e9curis\u00e9 et la moindre intrusion d\u2019un fid\u00e8le est scrut\u00e9e, la peur au ventre, de crainte qu\u2019il ne s\u2019agisse d\u2019un terroriste. <strong>L\u2019antis\u00e9mitisme n\u2019est pas une option ou une opinion, il est un d\u00e9lit et parfois un crime.<\/strong> Mais, il est tout \u00e0 fait acceptable et l\u00e9gitime de d\u00e9noncer un Etat qui s&rsquo;estime au dessus des lois internationales, filant \u00e0 grande vitesse vers la qualification peu flatteuse mais m\u00e9rit\u00e9e d&rsquo;Etat-voyou.<\/p>\n\n\n\n<h2 class=\"wp-block-heading\" id=\"h-la-politique-ouvertement-provocatrice-et-segregationniste-menee-par-netanyahou-offre-un-terreau-fertile-a-l-antisemitisme\"><strong>La politique ouvertement provocatrice et s\u00e9gr\u00e9gationniste men\u00e9e par Netanyahou offre un terreau fertile \u00e0 l\u2019antis\u00e9mitisme<\/strong><\/h2>\n\n\n\n<p class=\"has-medium-font-size wp-block-paragraph\">Les actes d\u2019antis\u00e9mitisme sont aliment\u00e9s par les images qui arrivent de la bande de Gaza mais aussi de J\u00e9rusalem et de la Cisjordanie, depuis plusieurs ann\u00e9es, car <strong>ce n\u2019est pas la premi\u00e8re fois qu\u2019Isra\u00ebl commet des repr\u00e9sailles disproportionn\u00e9es.<\/strong> <strong>La Torah mentionne par trois fois le principe \u00ab&nbsp;\u0153il pour \u0153il, dent pour dent&nbsp;\u00bb, c\u2019est-\u00e0-dire le principe de proportionnalit\u00e9<\/strong>, tout en appelant \u00e0 une morale de d\u00e9passement quand cela est possible. \u00ab&nbsp;Ne dis pas&nbsp;: Comme il m\u2019a trait\u00e9, je le traiterai, je rends \u00e0 chacun selon ses \u0153uvres.&nbsp;\u00bb Et si la compassion a \u00e9t\u00e9, le 7 octobre, le premier mouvement naturel, il est en revanche devenu incompr\u00e9hensible de ne pas s\u2019opposer plus efficacement aux massacres perp\u00e9tr\u00e9s \u00e0 Gaza. <strong>C\u2019est la politique conduite par Benyamin Netanyahu, partisan d\u00e9complex\u00e9 du Grand Isra\u00ebl (son enrobage id\u00e9ologique), qui fabrique des antis\u00e9mites (et de futurs terroristes) \u00e0 la cha\u00eene. Il n\u2019en a que faire car son objectif ultime est de se maintenir ind\u00e9finiment au pouvoir, quitte \u00e0 massacrer des civils (pour faire oublier sa responsabilit\u00e9 initiale), quitte \u00e0 d\u00e9figurer l\u2019image d\u2019Isra\u00ebl dans le monde aupr\u00e8s de tous les peuples, non corrompus, contrairement \u00e0 nombre de leurs dirigeants. Netanyahou n\u2019est pas le juda\u00efsme, seulement un opportuniste \u00e0 tout crin sans aucune vision et pour lequel les vies humaines ne sont qu\u2019un des instruments pour conserver le pouvoir.<\/strong><\/p>\n\n\n\n<h2 class=\"wp-block-heading\" id=\"h-un-autre-antisemitisme-d-origine-islamiste-djihadiste\"><strong>Un autre antis\u00e9mitisme, d\u2019origine islamiste<\/strong>-djihadiste<\/h2>\n\n\n\n<p class=\"has-medium-font-size wp-block-paragraph\"><strong>L\u2019Islamisme-djihadiste est un autre vecteur de l\u2019antis\u00e9mitisme. Il ne vise pas seulement les Juifs mais aussi les Chr\u00e9tiens et les Musulmans qui n\u2019acceptent pas de se soumettre \u00e0 ses r\u00e8gles. Il vise \u00e0 saper tous les fondements de la R\u00e9publique, de la d\u00e9mocratie, de la s\u00e9cularisation. <\/strong>Une importante communaut\u00e9 arabo-musulmane vit en France et en Europe et dispose souvent de la nationalit\u00e9 de son Etat de r\u00e9sidence. <strong>Un retour au religieux de la seconde g\u00e9n\u00e9ration est palpable<\/strong> souvent sous une forme non ma\u00eetris\u00e9e ou radicale. En effet, ces jeunes des banlieues, en rupture sociale et priv\u00e9s de rep\u00e8res, consid\u00e9rant qu&rsquo;ils n&rsquo;ont pas grand-chose \u00e0 perdre, n&rsquo;ont re\u00e7u aucune \u00e9ducation religieuse de leurs parents qui se voulaient la\u00efcs pour s\u2019assimiler. Ils ne connaissent rien \u00e0 la langue arabe et peuvent \u00eatre sensibles \u00e0 des pr\u00e9dicateurs experts en manipulation, leur donnant le sentiment de redonner du sens \u00e0 une vie qui en a peu, et prompts \u00e0 d\u00e9noncer les \u00ab&nbsp;crois\u00e9s&nbsp;\u00bb (chr\u00e9tiens et juifs assimil\u00e9s) ainsi que les Musulmans s\u00e9cularis\u00e9s. <strong>Ce ph\u00e9nom\u00e8ne existe bel<\/strong> <strong>et bien<\/strong>, il est \u00e0 l\u2019origine d\u2019actes antis\u00e9mites (difficiles \u00e0 quantifier dans le compte global). Il est pr\u00e9occupant. <strong>Les d\u00e9mocraties europ\u00e9ennes ont fait preuve d\u2019une na\u00efvet\u00e9 coupable en le laissant prosp\u00e9rer<\/strong>, le \u00ab&nbsp;Londonistan&nbsp;\u00bb des ann\u00e9es 1990 refl\u00e9tant la quintessence de cet aveuglement. La France a r\u00e9agi plus vite que d\u2019autres mais trop tardivement, n\u00e9anmoins. Cela explique, en partie, que les pays du Maghreb refusent de r\u00e9admettre certains de leurs ressortissants ayant commis des crimes ou d\u00e9lits (qui ne disposent pas de la double-nationalit\u00e9) sur leur territoire, consid\u00e9rant que <strong>c\u2019est en Europe qu\u2019ils se sont fanatis\u00e9s<\/strong> et que ce n\u2019est pas \u00e0 eux, luttant contre ce fl\u00e9au, de payer une radicalisation \u00e0 ciel ouvert intervenue ailleurs. <strong>Cet aveuglement coupable, les d\u00e9mocraties europ\u00e9ennes n\u2019ont pas fini de le payer.<\/strong><\/p>\n\n\n\n<p class=\"has-medium-font-size wp-block-paragraph\">Les Europ\u00e9ens ont fait preuve <strong>d\u2019une ignorance impardonnable lorsqu\u2019ils ont confondu et D\u00e9mocratie Chr\u00e9tienne et Fr\u00e8res Musulmans<\/strong>. Dans un cas, il s\u2019agit de donner une connotation morale \u00e0 la politique dans un cadre s\u00e9culaire, dans l\u2019autre d\u2019une islamisation de la soci\u00e9t\u00e9 par le bas avant d\u2019investir le champ politique pour y imposer des r\u00e8gles religieuses. Ainsi, je fus fort surpris et m\u00eame constern\u00e9 alors que j\u2019assistais, en tant que conseiller diplomatique, \u00e0 plusieurs sommets du <strong>Parti Populaire Europ\u00e9en<\/strong> (PPE droite et centre-droit, de tendance chr\u00e9tienne d\u00e9mocrate), dans les ann\u00e9es 2010, de constater que <strong>de hauts-dirigeants d\u2019Ennahda y \u00e9taient invit\u00e9s d\u2019honneur<\/strong>. Ceux-l\u00e0 m\u00eame que j&rsquo;avais vus condamn\u00e9s lourdement par le r\u00e9gime bourguibien, dans les ann\u00e9es 80, pour leurs exactions \u00e0 l&rsquo;encontre des femmes qui refusaient de porter le voile (jet de vitriol au visage).<\/p>\n\n\n\n<h2 class=\"wp-block-heading\" id=\"h-pour-sortir-ce-cette-situation-intenable-il-existe-plusieurs-voies\"><strong>Pour sortir ce cette situation intenable, il existe plusieurs voies<\/strong>.<\/h2>\n\n\n\n<p class=\"has-medium-font-size wp-block-paragraph\"><strong>La premi\u00e8re est de sortir du concept absurde du choc des civilisation, d\u2019Isra\u00ebl avant-garde de l\u2019Occident ou de la Chr\u00e9tient\u00e9 dans la lutte contre le terrorisme ou dans un conflit majeur \u00e0 venir<\/strong>. <strong>Le conflit isra\u00e9lo-palestinien n\u2019\u00e9tait pas une guerre de religion, c\u2019est un conflit nationaliste sur des terres disput\u00e9es<a id=\"_ftnref1\" href=\"#_ftn1\"><strong>[1]<\/strong><\/a><\/strong> (cf Tribune du 24 novembre dans www. Marianne.net) Est-il besoin de rappeler que beaucoup de \u00ab&nbsp;terroristes&nbsp;\u00bb palestiniens des ann\u00e9es 70 \u00e9taient de confession chr\u00e9tienne&nbsp;? Que <strong>c\u2019est Isra\u00ebl qui a pris l\u2019initiative de donner une dimension religieuse \u00e0 ce conflit<\/strong> \u00e0 la foi parce que le gouvernement isra\u00e9lien actuel est soutenu par des parti ultrareligieux, mais bien avant<strong>, Isra\u00ebl a d\u00e9lib\u00e9r\u00e9ment favoris\u00e9 le Hamas <\/strong>et favoriser son financement, pour affaiblir l\u2019Autorit\u00e9 Palestinienne. Ehoud Barak \u00e9voquait dans une interview au www.point.fr<a id=\"_ftnref2\" href=\"#_ftn2\">[2]<\/a>, le 7 d\u00e9cembre 2023, les \u00e9changes des sms entre Netanyahou et Yahya Sinwar<a id=\"_ftnref3\" href=\"#_ftn3\">[3]<\/a> et la fiert\u00e9 que le premier en retirait<strong>. Le Hamas a \u00e9t\u00e9 l\u2019idiot utile de Netanyahou comme Netanyahou a \u00e9t\u00e9 l\u2019idiot utile du Hamas. Pour Netanyahu, il s&rsquo;agissait de rendre impossible la cr\u00e9ation d\u2019un Etat palestinien en fabriquant une vitrine palestinienne infr\u00e9quentable. Pour le Hamas, prendre le leadership de la cause palestinienne et susciter des r\u00e9actions hostiles \u00e0 Isra\u00ebl. C&rsquo;est ce pacte qui a vol\u00e9 en \u00e9clat le 7 octobre. Puisque les dirigeants internationaux ne sont pas \u00e0 la hauteur (c\u2019est un euph\u00e9misme) de ce qui se joue actuellement, il faut esp\u00e9rer et croire que le peuple isra\u00e9lien finira par contraindre cet individu qui a tant de sang arabe et de sang juif sur les mains de quitter d\u00e9finitivement le pouvoir.<\/strong><\/p>\n\n\n\n<p class=\"has-medium-font-size wp-block-paragraph\"><strong>La deuxi\u00e8me est de normaliser l\u2019appr\u00e9hension que l\u2019on peut avoir de l\u2019Etat d\u2019Isra\u00ebl comptable de ses actes comme tout autre Etat<\/strong>. L\u2019Holocauste est une trag\u00e9die qui marquera \u00e0 jamais la conscience de l\u2019humanit\u00e9. Il est venu d\u2019Europe et non du monde arabe. <strong>La Shoah ne justifie pas un traitement d\u00e9rogatoire accord\u00e9 \u00e0 l\u2019Etat d\u2019Isra\u00ebl par ceux l\u00e0-m\u00eame qui ont provoqu\u00e9 le malheur des Juifs.<\/strong> Le soutien aveugle aux agissements criminels \u00e0 Gaza les rend coupable de complaisance face \u00e0 des pratiques dont personne peut s\u2019exon\u00e9rer en plaidant l\u2019ignorance.<\/p>\n\n\n\n<p class=\"has-medium-font-size wp-block-paragraph\"><strong>Enfin, une prise de distance de la communaut\u00e9 juive fran\u00e7aise vis-\u00e0-vis des agissements de Netanyahou<\/strong> serait bienvenue m\u00eame si une sympathie et une bienveillance pour Isra\u00ebl sont naturelles. &nbsp;De m\u00eame <strong>la pr\u00e9sence de dignitaires de la communaut\u00e9 musulmane \u00e0 \u00ab&nbsp;la marche contre l\u2019antis\u00e9mitisme&nbsp;\u00bb aurait \u00e9t\u00e9, elle aussi, bienvenue. <\/strong>Beaucoup de voix extr\u00e9mistes ont \u00e9t\u00e9 entendues, tr\u00e8s peu appelant au respect du droit international et \u00e0 la Paix. <strong>Aux Etats-Unis, la donne \u00e9volue, les \u00e9tudiants am\u00e9ricains de confession isra\u00e9lite, la communaut\u00e9 juive am\u00e9ricaine font entendre une voix forte et prennent leur distance avec l\u2019an\u00e9antissement de la bande de Gaza. La France serait-elle devenue m\u00e9diatiquement le dernier bastion n\u00e9oconservateur&nbsp;?<\/strong><\/p>\n\n\n\n<p class=\"has-medium-font-size wp-block-paragraph\">Dans la R\u00e9publique Fran\u00e7aise, il n\u2019existe que des citoyens qui ont le droit d\u2019avoir (ou pas) une religion de leur choix qui ressort de la sph\u00e8re priv\u00e9e.&nbsp;<strong>En France, on est Fran\u00e7ais avant d\u2019\u00eatre juif, musulman ou chr\u00e9tien. Faire pr\u00e9valoir sa solidarit\u00e9 avec un Etat \u00e9tranger ou sa religion sur sa qualit\u00e9 de citoyen, revient \u00e0 se livrer \u00e0 du s\u00e9paratisme ou au mieux \u00e0 du communautarisme<\/strong>.<\/p>\n\n\n\n<hr class=\"wp-block-separator has-alpha-channel-opacity\"\/>\n\n\n\n<p class=\"has-black-color has-text-color has-link-color wp-elements-1 wp-block-paragraph\"><a href=\"#_ftnref1\" id=\"_ftn1\">[1]<\/a>&nbsp; Erwan Davoux \u00ab&nbsp;le 7 octobre, choc g\u00e9opolitique plus que choc de civilisations&nbsp;\u00bb, (marianne.net)<\/p>\n\n\n\n<p class=\"has-black-color has-text-color has-link-color wp-elements-2 wp-block-paragraph\"><a id=\"_ftn2\" href=\"#_ftnref2\">[2]<\/a> <a href=\"https:\/\/www.lepoint.fr\/monde\/exclusif-ehoud-barak-le-defi-pour-israel-est-xxl-nos-dirigeants-sont-de-taille-m-07-12-2023-2546106_24.php\">Ehoud Barak&nbsp;: \u00ab&nbsp;Le d\u00e9fi pour Isra\u00ebl est XXL, nos dirigeants sont de taille&nbsp;M&nbsp;\u00bb (lepoint.fr)<\/a><\/p>\n\n\n\n<p class=\"has-black-color has-text-color has-link-color wp-elements-3 wp-block-paragraph\"><a href=\"#_ftnref3\" id=\"_ftn3\">[3]<\/a>Yahya Sinwar est consid\u00e9r\u00e9 comme le principal responsable du 7 octobre.<\/p>\n\n\n\n<p class=\"wp-block-paragraph\">Erwan Davoux est dipl\u00f4m\u00e9 de l&rsquo;IEP de Paris et de l&rsquo;INALCO<\/p>\n\n\n\n<p class=\"wp-block-paragraph\"><em>Ancien charg\u00e9 de mission \u00e0 la Pr\u00e9sidence de la R\u00e9publique, il a conseill\u00e9 \u00e0 l&rsquo;International de nombreuses personnalit\u00e9s politiques de droite.<\/em><\/p>\n","protected":false},"excerpt":{"rendered":"<p>L\u2019assimilation \u00ab&nbsp;Juda\u00efsme&nbsp;\u00bb &#8211; \u00ab&nbsp;Juif&nbsp;\u00bb &#8211; \u00ab&nbsp;Isra\u00ebl&nbsp;\u00bb &#8211; \u00ab&nbsp;Netanyahou&nbsp;\u00bb est simplificatrice et dangereuse C\u2019est la r\u00e9duction de la communaut\u00e9 juive fran\u00e7aise \u00e0 l\u2019Etat&hellip;<\/p>","protected":false},"author":16,"featured_media":2109,"comment_status":"open","ping_status":"open","sticky":false,"template":"","format":"standard","meta":{"_lmt_disableupdate":"","_lmt_disable":"","footnotes":""},"categories":[5,3],"tags":[],"class_list":["post-2108","post","type-post","status-publish","format-standard","has-post-thumbnail","hentry","category-international","category-politique"],"yoast_head":"<!-- This site is optimized with the Yoast SEO Premium plugin v28.1 (Yoast SEO v28.1) - https:\/\/yoast.com\/product\/yoast-seo-premium-wordpress\/ -->\n<title>Pourquoi l&#039;hydre antis\u00e9mite prosp\u00e8re-t-elle en France ? (2\/2) | Geopolitics.fr<\/title>\n<meta name=\"robots\" content=\"index, follow, max-snippet:-1, max-image-preview:large, max-video-preview:-1\" \/>\n<link rel=\"canonical\" href=\"https:\/\/www.geopolitics.fr\/en\/2024\/01\/21\/pourquoi-lhydre-antisemite-prospere-t-elle-en-france-2-2\/\" \/>\n<meta property=\"og:locale\" content=\"en_GB\" \/>\n<meta property=\"og:type\" content=\"article\" \/>\n<meta property=\"og:title\" content=\"Pourquoi l&#039;hydre antis\u00e9mite prosp\u00e8re-t-elle en France ? (2\/2)\" \/>\n<meta property=\"og:description\" content=\"L\u2019assimilation \u00ab&nbsp;Juda\u00efsme&nbsp;\u00bb &#8211; \u00ab&nbsp;Juif&nbsp;\u00bb &#8211; \u00ab&nbsp;Isra\u00ebl&nbsp;\u00bb &#8211; \u00ab&nbsp;Netanyahou&nbsp;\u00bb est simplificatrice et dangereuse C\u2019est la r\u00e9duction de la communaut\u00e9 juive fran\u00e7aise \u00e0 l\u2019Etat&hellip;\" \/>\n<meta property=\"og:url\" content=\"https:\/\/www.geopolitics.fr\/en\/2024\/01\/21\/pourquoi-lhydre-antisemite-prospere-t-elle-en-france-2-2\/\" \/>\n<meta property=\"og:site_name\" content=\"Geopolitics.fr\" \/>\n<meta property=\"article:publisher\" content=\"https:\/\/www.facebook.com\/people\/Erwan-Davoux\/61557098968092\/\" \/>\n<meta property=\"article:author\" content=\"Erwan Davoux\" \/>\n<meta property=\"article:published_time\" content=\"2024-01-21T18:30:00+00:00\" \/>\n<meta property=\"article:modified_time\" content=\"2024-08-24T12:22:58+00:00\" \/>\n<meta property=\"og:image\" content=\"https:\/\/www.geopolitics.fr\/wp-content\/uploads\/2024\/01\/antisem-2.webp\" \/>\n\t<meta property=\"og:image:width\" content=\"1770\" \/>\n\t<meta property=\"og:image:height\" content=\"1180\" \/>\n\t<meta property=\"og:image:type\" content=\"image\/webp\" \/>\n<meta name=\"author\" content=\"Erwan Davoux\" \/>\n<meta name=\"twitter:card\" content=\"summary_large_image\" \/>\n<meta name=\"twitter:creator\" content=\"@erwandavoux @Geo_politicsfr\" \/>\n<meta name=\"twitter:site\" content=\"@Geopolitics_Fr\" \/>\n<meta name=\"twitter:label1\" content=\"Written by\" \/>\n\t<meta name=\"twitter:data1\" content=\"Erwan Davoux\" \/>\n\t<meta name=\"twitter:label2\" content=\"Estimated reading time\" \/>\n\t<meta name=\"twitter:data2\" content=\"9 minutes\" \/>\n<script type=\"application\/ld+json\" class=\"yoast-schema-graph\">{\"@context\":\"https:\\\/\\\/schema.org\",\"@graph\":[{\"@type\":\"Article\",\"@id\":\"https:\\\/\\\/www.geopolitics.fr\\\/2024\\\/01\\\/21\\\/pourquoi-lhydre-antisemite-prospere-t-elle-en-france-2-2\\\/#article\",\"isPartOf\":{\"@id\":\"https:\\\/\\\/www.geopolitics.fr\\\/2024\\\/01\\\/21\\\/pourquoi-lhydre-antisemite-prospere-t-elle-en-france-2-2\\\/\"},\"author\":{\"name\":\"Erwan Davoux\",\"@id\":\"https:\\\/\\\/www.geopolitics.fr\\\/#\\\/schema\\\/person\\\/a487273e91313e368925717400fa1b11\"},\"headline\":\"Pourquoi l&rsquo;hydre antis\u00e9mite prosp\u00e8re-t-elle en France ? (2\\\/2)\",\"datePublished\":\"2024-01-21T18:30:00+00:00\",\"dateModified\":\"2024-08-24T12:22:58+00:00\",\"mainEntityOfPage\":{\"@id\":\"https:\\\/\\\/www.geopolitics.fr\\\/2024\\\/01\\\/21\\\/pourquoi-lhydre-antisemite-prospere-t-elle-en-france-2-2\\\/\"},\"wordCount\":1790,\"commentCount\":0,\"publisher\":{\"@id\":\"https:\\\/\\\/www.geopolitics.fr\\\/#organization\"},\"image\":{\"@id\":\"https:\\\/\\\/www.geopolitics.fr\\\/2024\\\/01\\\/21\\\/pourquoi-lhydre-antisemite-prospere-t-elle-en-france-2-2\\\/#primaryimage\"},\"thumbnailUrl\":\"https:\\\/\\\/www.geopolitics.fr\\\/wp-content\\\/uploads\\\/2024\\\/01\\\/antisem-2.webp\",\"articleSection\":[\"International\",\"Politique\"],\"inLanguage\":\"en-GB\"},{\"@type\":\"WebPage\",\"@id\":\"https:\\\/\\\/www.geopolitics.fr\\\/2024\\\/01\\\/21\\\/pourquoi-lhydre-antisemite-prospere-t-elle-en-france-2-2\\\/\",\"url\":\"https:\\\/\\\/www.geopolitics.fr\\\/2024\\\/01\\\/21\\\/pourquoi-lhydre-antisemite-prospere-t-elle-en-france-2-2\\\/\",\"name\":\"Pourquoi l'hydre antis\u00e9mite prosp\u00e8re-t-elle en France ? (2\\\/2) | Geopolitics.fr\",\"isPartOf\":{\"@id\":\"https:\\\/\\\/www.geopolitics.fr\\\/#website\"},\"primaryImageOfPage\":{\"@id\":\"https:\\\/\\\/www.geopolitics.fr\\\/2024\\\/01\\\/21\\\/pourquoi-lhydre-antisemite-prospere-t-elle-en-france-2-2\\\/#primaryimage\"},\"image\":{\"@id\":\"https:\\\/\\\/www.geopolitics.fr\\\/2024\\\/01\\\/21\\\/pourquoi-lhydre-antisemite-prospere-t-elle-en-france-2-2\\\/#primaryimage\"},\"thumbnailUrl\":\"https:\\\/\\\/www.geopolitics.fr\\\/wp-content\\\/uploads\\\/2024\\\/01\\\/antisem-2.webp\",\"datePublished\":\"2024-01-21T18:30:00+00:00\",\"dateModified\":\"2024-08-24T12:22:58+00:00\",\"breadcrumb\":{\"@id\":\"https:\\\/\\\/www.geopolitics.fr\\\/2024\\\/01\\\/21\\\/pourquoi-lhydre-antisemite-prospere-t-elle-en-france-2-2\\\/#breadcrumb\"},\"inLanguage\":\"en-GB\",\"potentialAction\":[{\"@type\":\"ReadAction\",\"target\":[\"https:\\\/\\\/www.geopolitics.fr\\\/2024\\\/01\\\/21\\\/pourquoi-lhydre-antisemite-prospere-t-elle-en-france-2-2\\\/\"]}]},{\"@type\":\"ImageObject\",\"inLanguage\":\"en-GB\",\"@id\":\"https:\\\/\\\/www.geopolitics.fr\\\/2024\\\/01\\\/21\\\/pourquoi-lhydre-antisemite-prospere-t-elle-en-france-2-2\\\/#primaryimage\",\"url\":\"https:\\\/\\\/www.geopolitics.fr\\\/wp-content\\\/uploads\\\/2024\\\/01\\\/antisem-2.webp\",\"contentUrl\":\"https:\\\/\\\/www.geopolitics.fr\\\/wp-content\\\/uploads\\\/2024\\\/01\\\/antisem-2.webp\",\"width\":1770,\"height\":1180},{\"@type\":\"BreadcrumbList\",\"@id\":\"https:\\\/\\\/www.geopolitics.fr\\\/2024\\\/01\\\/21\\\/pourquoi-lhydre-antisemite-prospere-t-elle-en-france-2-2\\\/#breadcrumb\",\"itemListElement\":[{\"@type\":\"ListItem\",\"position\":1,\"name\":\"Accueil\",\"item\":\"https:\\\/\\\/www.geopolitics.fr\\\/\"},{\"@type\":\"ListItem\",\"position\":2,\"name\":\"Pourquoi l&#8217;hydre antis\u00e9mite prosp\u00e8re-t-elle en France ? (2\\\/2)\"}]},{\"@type\":\"WebSite\",\"@id\":\"https:\\\/\\\/www.geopolitics.fr\\\/#website\",\"url\":\"https:\\\/\\\/www.geopolitics.fr\\\/\",\"name\":\"Geopolitics.fr\",\"description\":\"Geopolitics.fr Analyse politique, relations internationales, d\u00e9fense - ligne \u00e9ditoriale gaullo-chiraquienne\",\"publisher\":{\"@id\":\"https:\\\/\\\/www.geopolitics.fr\\\/#organization\"},\"potentialAction\":[{\"@type\":\"SearchAction\",\"target\":{\"@type\":\"EntryPoint\",\"urlTemplate\":\"https:\\\/\\\/www.geopolitics.fr\\\/?s={search_term_string}\"},\"query-input\":{\"@type\":\"PropertyValueSpecification\",\"valueRequired\":true,\"valueName\":\"search_term_string\"}}],\"inLanguage\":\"en-GB\"},{\"@type\":\"Organization\",\"@id\":\"https:\\\/\\\/www.geopolitics.fr\\\/#organization\",\"name\":\"Geopolitics.fr\",\"url\":\"https:\\\/\\\/www.geopolitics.fr\\\/\",\"logo\":{\"@type\":\"ImageObject\",\"inLanguage\":\"en-GB\",\"@id\":\"https:\\\/\\\/www.geopolitics.fr\\\/#\\\/schema\\\/logo\\\/image\\\/\",\"url\":\"https:\\\/\\\/www.geopolitics.fr\\\/wp-content\\\/uploads\\\/2024\\\/01\\\/logo.jpg\",\"contentUrl\":\"https:\\\/\\\/www.geopolitics.fr\\\/wp-content\\\/uploads\\\/2024\\\/01\\\/logo.jpg\",\"width\":500,\"height\":500,\"caption\":\"Geopolitics.fr\"},\"image\":{\"@id\":\"https:\\\/\\\/www.geopolitics.fr\\\/#\\\/schema\\\/logo\\\/image\\\/\"},\"sameAs\":[\"https:\\\/\\\/www.facebook.com\\\/people\\\/Erwan-Davoux\\\/61557098968092\\\/\",\"https:\\\/\\\/x.com\\\/Geopolitics_Fr\"]},{\"@type\":\"Person\",\"@id\":\"https:\\\/\\\/www.geopolitics.fr\\\/#\\\/schema\\\/person\\\/a487273e91313e368925717400fa1b11\",\"name\":\"Erwan Davoux\",\"image\":{\"@type\":\"ImageObject\",\"inLanguage\":\"en-GB\",\"@id\":\"https:\\\/\\\/www.geopolitics.fr\\\/wp-content\\\/uploads\\\/2026\\\/05\\\/moi-96x96.jpg\",\"url\":\"https:\\\/\\\/www.geopolitics.fr\\\/wp-content\\\/uploads\\\/2026\\\/05\\\/moi-96x96.jpg\",\"contentUrl\":\"https:\\\/\\\/www.geopolitics.fr\\\/wp-content\\\/uploads\\\/2026\\\/05\\\/moi-96x96.jpg\",\"caption\":\"Erwan Davoux\"},\"description\":\"Erwan DAVOUX est Pr\u00e9sident de LMD CONSEIL, (conseil strat\u00e9gique, intelligence \u00e9conomique, risque g\u00e9opolitique, influence politique, diplomatie \u00e9conomique). Dipl\u00f4m\u00e9 de l'IEP de Paris et de l'INALCO (d\u00e9partement d'\u00e9tudes arabes), il est directeur de la publication de geopolitics.fr. Ancien fonctionnaire au Minist\u00e8re de l'Int\u00e9rieur et de la D\u00e9fense (DGSE) Ancien charg\u00e9 de Mission \u00e0 la Pr\u00e9sidence de la R\u00e9publique (cellule diplomatique) Conseil de nombreuses personnalit\u00e9s politiques \u00e0 l'International (dont deux anciens Premiers ministres).\",\"sameAs\":[\"Erwan Davoux\",\"@erwandavoux\",\"https:\\\/\\\/www.linkedin.com\\\/in\\\/erwan-davoux-6800b289\\\/\",\"https:\\\/\\\/x.com\\\/@erwandavoux @Geo_politicsfr\"],\"url\":\"https:\\\/\\\/www.geopolitics.fr\\\/en\\\/author\\\/erwan-davoux\\\/\"}]}<\/script>\n<!-- \/ Yoast SEO Premium plugin. -->","yoast_head_json":{"title":"Pourquoi l'hydre antis\u00e9mite prosp\u00e8re-t-elle en France ? (2\/2) | Geopolitics.fr","robots":{"index":"index","follow":"follow","max-snippet":"max-snippet:-1","max-image-preview":"max-image-preview:large","max-video-preview":"max-video-preview:-1"},"canonical":"https:\/\/www.geopolitics.fr\/en\/2024\/01\/21\/pourquoi-lhydre-antisemite-prospere-t-elle-en-france-2-2\/","og_locale":"en_GB","og_type":"article","og_title":"Pourquoi l'hydre antis\u00e9mite prosp\u00e8re-t-elle en France ? (2\/2)","og_description":"L\u2019assimilation \u00ab&nbsp;Juda\u00efsme&nbsp;\u00bb &#8211; \u00ab&nbsp;Juif&nbsp;\u00bb &#8211; \u00ab&nbsp;Isra\u00ebl&nbsp;\u00bb &#8211; \u00ab&nbsp;Netanyahou&nbsp;\u00bb est simplificatrice et dangereuse C\u2019est la r\u00e9duction de la communaut\u00e9 juive fran\u00e7aise \u00e0 l\u2019Etat&hellip;","og_url":"https:\/\/www.geopolitics.fr\/en\/2024\/01\/21\/pourquoi-lhydre-antisemite-prospere-t-elle-en-france-2-2\/","og_site_name":"Geopolitics.fr","article_publisher":"https:\/\/www.facebook.com\/people\/Erwan-Davoux\/61557098968092\/","article_author":"Erwan Davoux","article_published_time":"2024-01-21T18:30:00+00:00","article_modified_time":"2024-08-24T12:22:58+00:00","og_image":[{"width":1770,"height":1180,"url":"https:\/\/www.geopolitics.fr\/wp-content\/uploads\/2024\/01\/antisem-2.webp","type":"image\/webp"}],"author":"Erwan Davoux","twitter_card":"summary_large_image","twitter_creator":"@erwandavoux @Geo_politicsfr","twitter_site":"@Geopolitics_Fr","twitter_misc":{"Written by":"Erwan Davoux","Estimated reading time":"9 minutes"},"schema":{"@context":"https:\/\/schema.org","@graph":[{"@type":"Article","@id":"https:\/\/www.geopolitics.fr\/2024\/01\/21\/pourquoi-lhydre-antisemite-prospere-t-elle-en-france-2-2\/#article","isPartOf":{"@id":"https:\/\/www.geopolitics.fr\/2024\/01\/21\/pourquoi-lhydre-antisemite-prospere-t-elle-en-france-2-2\/"},"author":{"name":"Erwan Davoux","@id":"https:\/\/www.geopolitics.fr\/#\/schema\/person\/a487273e91313e368925717400fa1b11"},"headline":"Pourquoi l&rsquo;hydre antis\u00e9mite prosp\u00e8re-t-elle en France ? (2\/2)","datePublished":"2024-01-21T18:30:00+00:00","dateModified":"2024-08-24T12:22:58+00:00","mainEntityOfPage":{"@id":"https:\/\/www.geopolitics.fr\/2024\/01\/21\/pourquoi-lhydre-antisemite-prospere-t-elle-en-france-2-2\/"},"wordCount":1790,"commentCount":0,"publisher":{"@id":"https:\/\/www.geopolitics.fr\/#organization"},"image":{"@id":"https:\/\/www.geopolitics.fr\/2024\/01\/21\/pourquoi-lhydre-antisemite-prospere-t-elle-en-france-2-2\/#primaryimage"},"thumbnailUrl":"https:\/\/www.geopolitics.fr\/wp-content\/uploads\/2024\/01\/antisem-2.webp","articleSection":["International","Politique"],"inLanguage":"en-GB"},{"@type":"WebPage","@id":"https:\/\/www.geopolitics.fr\/2024\/01\/21\/pourquoi-lhydre-antisemite-prospere-t-elle-en-france-2-2\/","url":"https:\/\/www.geopolitics.fr\/2024\/01\/21\/pourquoi-lhydre-antisemite-prospere-t-elle-en-france-2-2\/","name":"Pourquoi l'hydre antis\u00e9mite prosp\u00e8re-t-elle en France ? (2\/2) | Geopolitics.fr","isPartOf":{"@id":"https:\/\/www.geopolitics.fr\/#website"},"primaryImageOfPage":{"@id":"https:\/\/www.geopolitics.fr\/2024\/01\/21\/pourquoi-lhydre-antisemite-prospere-t-elle-en-france-2-2\/#primaryimage"},"image":{"@id":"https:\/\/www.geopolitics.fr\/2024\/01\/21\/pourquoi-lhydre-antisemite-prospere-t-elle-en-france-2-2\/#primaryimage"},"thumbnailUrl":"https:\/\/www.geopolitics.fr\/wp-content\/uploads\/2024\/01\/antisem-2.webp","datePublished":"2024-01-21T18:30:00+00:00","dateModified":"2024-08-24T12:22:58+00:00","breadcrumb":{"@id":"https:\/\/www.geopolitics.fr\/2024\/01\/21\/pourquoi-lhydre-antisemite-prospere-t-elle-en-france-2-2\/#breadcrumb"},"inLanguage":"en-GB","potentialAction":[{"@type":"ReadAction","target":["https:\/\/www.geopolitics.fr\/2024\/01\/21\/pourquoi-lhydre-antisemite-prospere-t-elle-en-france-2-2\/"]}]},{"@type":"ImageObject","inLanguage":"en-GB","@id":"https:\/\/www.geopolitics.fr\/2024\/01\/21\/pourquoi-lhydre-antisemite-prospere-t-elle-en-france-2-2\/#primaryimage","url":"https:\/\/www.geopolitics.fr\/wp-content\/uploads\/2024\/01\/antisem-2.webp","contentUrl":"https:\/\/www.geopolitics.fr\/wp-content\/uploads\/2024\/01\/antisem-2.webp","width":1770,"height":1180},{"@type":"BreadcrumbList","@id":"https:\/\/www.geopolitics.fr\/2024\/01\/21\/pourquoi-lhydre-antisemite-prospere-t-elle-en-france-2-2\/#breadcrumb","itemListElement":[{"@type":"ListItem","position":1,"name":"Accueil","item":"https:\/\/www.geopolitics.fr\/"},{"@type":"ListItem","position":2,"name":"Pourquoi l&#8217;hydre antis\u00e9mite prosp\u00e8re-t-elle en France ? (2\/2)"}]},{"@type":"WebSite","@id":"https:\/\/www.geopolitics.fr\/#website","url":"https:\/\/www.geopolitics.fr\/","name":"Geopolitics.fr","description":"Geopolitics.fr Analyse politique, relations internationales, d\u00e9fense - ligne \u00e9ditoriale gaullo-chiraquienne","publisher":{"@id":"https:\/\/www.geopolitics.fr\/#organization"},"potentialAction":[{"@type":"SearchAction","target":{"@type":"EntryPoint","urlTemplate":"https:\/\/www.geopolitics.fr\/?s={search_term_string}"},"query-input":{"@type":"PropertyValueSpecification","valueRequired":true,"valueName":"search_term_string"}}],"inLanguage":"en-GB"},{"@type":"Organization","@id":"https:\/\/www.geopolitics.fr\/#organization","name":"Geopolitics.fr","url":"https:\/\/www.geopolitics.fr\/","logo":{"@type":"ImageObject","inLanguage":"en-GB","@id":"https:\/\/www.geopolitics.fr\/#\/schema\/logo\/image\/","url":"https:\/\/www.geopolitics.fr\/wp-content\/uploads\/2024\/01\/logo.jpg","contentUrl":"https:\/\/www.geopolitics.fr\/wp-content\/uploads\/2024\/01\/logo.jpg","width":500,"height":500,"caption":"Geopolitics.fr"},"image":{"@id":"https:\/\/www.geopolitics.fr\/#\/schema\/logo\/image\/"},"sameAs":["https:\/\/www.facebook.com\/people\/Erwan-Davoux\/61557098968092\/","https:\/\/x.com\/Geopolitics_Fr"]},{"@type":"Person","@id":"https:\/\/www.geopolitics.fr\/#\/schema\/person\/a487273e91313e368925717400fa1b11","name":"Erwan Davoux","image":{"@type":"ImageObject","inLanguage":"en-GB","@id":"https:\/\/www.geopolitics.fr\/wp-content\/uploads\/2026\/05\/moi-96x96.jpg","url":"https:\/\/www.geopolitics.fr\/wp-content\/uploads\/2026\/05\/moi-96x96.jpg","contentUrl":"https:\/\/www.geopolitics.fr\/wp-content\/uploads\/2026\/05\/moi-96x96.jpg","caption":"Erwan Davoux"},"description":"Erwan DAVOUX est Pr\u00e9sident de LMD CONSEIL, (conseil strat\u00e9gique, intelligence \u00e9conomique, risque g\u00e9opolitique, influence politique, diplomatie \u00e9conomique). Dipl\u00f4m\u00e9 de l'IEP de Paris et de l'INALCO (d\u00e9partement d'\u00e9tudes arabes), il est directeur de la publication de geopolitics.fr. Ancien fonctionnaire au Minist\u00e8re de l'Int\u00e9rieur et de la D\u00e9fense (DGSE) Ancien charg\u00e9 de Mission \u00e0 la Pr\u00e9sidence de la R\u00e9publique (cellule diplomatique) Conseil de nombreuses personnalit\u00e9s politiques \u00e0 l'International (dont deux anciens Premiers ministres).","sameAs":["Erwan Davoux","@erwandavoux","https:\/\/www.linkedin.com\/in\/erwan-davoux-6800b289\/","https:\/\/x.com\/@erwandavoux @Geo_politicsfr"],"url":"https:\/\/www.geopolitics.fr\/en\/author\/erwan-davoux\/"}]}},"_links":{"self":[{"href":"https:\/\/www.geopolitics.fr\/en\/wp-json\/wp\/v2\/posts\/2108","targetHints":{"allow":["GET"]}}],"collection":[{"href":"https:\/\/www.geopolitics.fr\/en\/wp-json\/wp\/v2\/posts"}],"about":[{"href":"https:\/\/www.geopolitics.fr\/en\/wp-json\/wp\/v2\/types\/post"}],"author":[{"embeddable":true,"href":"https:\/\/www.geopolitics.fr\/en\/wp-json\/wp\/v2\/users\/16"}],"replies":[{"embeddable":true,"href":"https:\/\/www.geopolitics.fr\/en\/wp-json\/wp\/v2\/comments?post=2108"}],"version-history":[{"count":0,"href":"https:\/\/www.geopolitics.fr\/en\/wp-json\/wp\/v2\/posts\/2108\/revisions"}],"wp:featuredmedia":[{"embeddable":true,"href":"https:\/\/www.geopolitics.fr\/en\/wp-json\/wp\/v2\/media\/2109"}],"wp:attachment":[{"href":"https:\/\/www.geopolitics.fr\/en\/wp-json\/wp\/v2\/media?parent=2108"}],"wp:term":[{"taxonomy":"category","embeddable":true,"href":"https:\/\/www.geopolitics.fr\/en\/wp-json\/wp\/v2\/categories?post=2108"},{"taxonomy":"post_tag","embeddable":true,"href":"https:\/\/www.geopolitics.fr\/en\/wp-json\/wp\/v2\/tags?post=2108"}],"curies":[{"name":"wp","href":"https:\/\/api.w.org\/{rel}","templated":true}]}}