{"id":2095,"date":"2024-01-20T19:40:00","date_gmt":"2024-01-20T18:40:00","guid":{"rendered":"https:\/\/www.geopolitics.fr\/?p=2095"},"modified":"2024-08-24T14:21:34","modified_gmt":"2024-08-24T12:21:34","slug":"pourquoi-lhydre-antisemite-prospere-t-elle-en-france-1-2","status":"publish","type":"post","link":"https:\/\/www.geopolitics.fr\/en\/2024\/01\/20\/pourquoi-lhydre-antisemite-prospere-t-elle-en-france-1-2\/","title":{"rendered":"Pourquoi l&rsquo;hydre antis\u00e9mite prosp\u00e8re-t-elle en France (et ailleurs&#8230;) ?"},"content":{"rendered":"<p class=\"has-medium-font-size wp-block-paragraph\">Les actes antis\u00e9mites connaissent une recrudescence importante en France. Un mois apr\u00e8s le 7 octobre, 1159 actes antis\u00e9mites avaient \u00e9t\u00e9 relev\u00e9s \u00ab <em>trois fois plus <\/em>qu\u2019en 2022\u00a0\u00bb, selon G\u00e9rald Darmanin. Il convient naturellement de retirer du total ceux perp\u00e9tr\u00e9s par des provocateurs afin de d\u00e9lib\u00e9r\u00e9ment mettre en cause les \u00ab\u00a0Arabes\u00a0\u00bb ou les \u00ab\u00a0Musulmans\u00a0\u00bb ou encore ceux organis\u00e9s par une puissance imp\u00e9riale en guerre qui souhaite voir la soci\u00e9t\u00e9 fran\u00e7aise se disloquer.<\/p>\n\n\n\n<h2 class=\"wp-block-heading has-black-color has-text-color has-link-color has-medium-font-size wp-elements-1\" id=\"h-l-antisemitisme-est-une-creation-de-l-extreme-droite-europeenne-importee-tardivement-dans-le-monde-arabe-et-qui-a-suscite-une-reaction-vive-des-sionistes-religieux-ou-reformistes\" style=\"font-style:normal;font-weight:400;text-transform:uppercase\"><strong>L\u2019antis\u00e9mitisme Est une cr\u00e9ation de l\u2019extr\u00eame droite europ\u00e9enne, import\u00e9e tardivement dans le monde arabe et qui a suscit\u00e9 une r\u00e9action vive des sionistes religieux ou r\u00e9formistes.<\/strong><\/h2>\n\n\n\n<p class=\"has-medium-font-size wp-block-paragraph\">L\u2019antis\u00e9mitisme est n\u00e9 en Europe et a \u00e9t\u00e9 th\u00e9oris\u00e9 par des Europ\u00e9ens, entre le milieu et la fin du XIX\u00e8me si\u00e8cle. Ce n\u2019est que par la suite qu\u2019il a \u00e9t\u00e9 import\u00e9 dans le monde arabe. Chacun reconna\u00eet que les Juifs vivant sous domination arabe puis ottomane ont b\u00e9n\u00e9fici\u00e9 d\u2019un statut plus enviable que ceux vivant dans nombres d\u2019Etats europ\u00e9ens. L\u2019antis\u00e9mitisme \u00e9tait l\u2019apanage de l\u2019extr\u00eame droite europ\u00e9enne et fran\u00e7aise et simultan\u00e9ment, moins connue, existait une haine des sionistes extr\u00e9mistes ou r\u00e9visionnistes vis-\u00e0-vis de cette m\u00eame extr\u00eame droite. Cette d\u00e9testation r\u00e9ciproque \u00e9tait vivace en France il y a quelques ann\u00e9es encore.<\/p>\n\n\n\n<p class=\"has-medium-font-size wp-block-paragraph\"><strong>Les multiples condamnations de Jean-Marie Le Pen<\/strong> pour antis\u00e9mitisme et ses propos r\u00e9currents sur le Shoah en sont la preuve intangible. La r\u00e9ciproque est vraie. Ainsi, le Betar se livra \u00e0 une action d\u2019une extr\u00eame violence, le&nbsp;8 mai 1988 \u00e0 Paris, \u00e0 l\u2019encontre de la manifestation traditionnelle d&rsquo;hommage \u00e0 Jeanne d&rsquo;Arc. Plusieurs personnes (y compris des enfants) furent frapp\u00e9es \u00e0 coups de barre de fer, parfois au visage. Une dizaine de militants sionistes sont alors interpell\u00e9s les armes \u00e0 la main, parmi lesquels <strong>Meyer Habib.<\/strong> Ce dernier sera condamn\u00e9 \u00e0 deux ans d&#8217;emprisonnement avec sursis et trois ans de mise \u00e0 l&rsquo;\u00e9preuve pour coups, violences volontaires et r\u00e9bellion contre les forces de l&rsquo;ordre. Une peine ramen\u00e9e \u00e0 un an avec sursis par la cour d\u2019appel de Paris et confirm\u00e9e en Cassation en 1992. Les huit victimes seront indemnis\u00e9es par le fonds de garantie contre les actes de terrorisme.<\/p>\n\n\n\n<h3 class=\"wp-block-heading has-medium-font-size\" id=\"h-l-influence-des-neoconservateurs-americains-et-evangelistes-a-radicalement-change-la-donne-au-debut-des-annees-2000-nbsp\" style=\"text-transform:uppercase\"><strong>L\u2019influence des n\u00e9oconservateurs am\u00e9ricains et \u00e9vang\u00e9listes a radicalement chang\u00e9 la donne au d\u00e9but des ann\u00e9es 2000<\/strong>&nbsp;<\/h3>\n\n\n\n<p class=\"has-medium-font-size wp-block-paragraph\">Un mouvement profond s\u2019est produit au d\u00e9but des ann\u00e9es 2000. Le rapprochement entre l\u2019internationale des extr\u00eames droites et des droites extr\u00eames sur le conflit au Proche-Orient a \u00e9t\u00e9 entam\u00e9 au tournant des ann\u00e9es 2000 sous l\u2019impulsion n\u00e9oconservateurs et des \u00e9vang\u00e9listes am\u00e9ricains&nbsp;: tous se sont unis dans une mouvance pro-juive et hostile \u00e0 tout ce qui est arabe. <strong>L\u2019Arabe a d\u00e9sormais remplac\u00e9 le Juif (pour combien de temps&nbsp;?) comme source de tous les maux. <\/strong>&nbsp;Ainsi, ce m\u00eame Meyer Habib, devenu d\u00e9put\u00e9, se f\u00e9licite aujourd\u2019hui de voir son ennemi d\u2019hier, le Rassemblement National (certes pas r\u00e9ductible au FN de l\u2019\u00e9poque) participer \u00e0 \u00ab&nbsp;La marche contre l\u2019antis\u00e9mitisme&nbsp;\u00bb.<\/p>\n\n\n\n<p class=\"has-medium-font-size wp-block-paragraph\">Meyer Habib et d\u2019autres ayant tous comme priorit\u00e9 la d\u00e9fense des int\u00e9r\u00eats d\u2019Isra\u00ebl ont trouv\u00e9 <strong>une oreille plus que bienveillante aupr\u00e8s de nombreux politiques fran\u00e7ais<\/strong> (y compris la diplomatie fran\u00e7aise au sein de laquelle s\u00e9vit une frange issue du PS, tendance atlantiste-n\u00e9oconservatrice, qui ne cesse de ridiculiser la politique \u00e9trang\u00e8re de la France). D\u2019autant que beaucoup se contentent, pour se faire leur id\u00e9e sur la question, de voyages de propagande, cl\u00e9s en mains. Beaucoup moins fastidieux, il est vrai que la lecture d\u2019historiens reconnus et de se plonger dans la complexit\u00e9 du conflit isra\u00e9lo-palestinien. Isra\u00ebl a gagn\u00e9 la bataille de la communication aupr\u00e8s des dirigeants.<\/p>\n\n\n\n<p class=\"has-medium-font-size wp-block-paragraph\"><strong>Ils se sont faits les VRP d\u2019Isra\u00ebl \u00ab&nbsp;Etat d\u00e9mocratique, avant-garde de l\u2019Occident&nbsp;\u00bb contre la \u00ab&nbsp;barbarie islamiste&nbsp;\u00bb, avant-garde de la \u00ab&nbsp;D\u00e9mocratie&nbsp;\u00bb contre les \u00ab r\u00e9gimes autoritaires&nbsp;\u00bb.<\/strong> <strong>Une erreur<\/strong> dans laquelle seuls peuvent tomber ceux qui n\u2019ont pas remarqu\u00e9 l\u2019\u00e9volution pr\u00e9occupante de l\u2019Etat d\u2019Isra\u00ebl depuis une trentaine d\u2019ann\u00e9es.<\/p>\n\n\n\n<h3 class=\"wp-block-heading\" id=\"h-la-denaturation-de-l-etat-d-israel-par-les-gouvernements-netanyahou\" style=\"text-transform:uppercase\">LA DENATURATION DE L&rsquo;ETAT D&rsquo;ISRA\u00cbL PAR LES GOUVERNEMENTS NETANYAHOU<\/h3>\n\n\n\n<p class=\"has-medium-font-size wp-block-paragraph\">L\u2019immigration russe massive pour d\u00e9velopper les colonies et tuer le processus de paix, l\u2019\u00e9mancipation assum\u00e9e des r\u00e8gles du droit international, la volont\u00e9 de rabaisser des institutions telles que la Cour Supr\u00eame ou les journaux d&rsquo;opposition tels que Haaretz.com, la disparation d\u2019une vie politique bipartisane, la relation privil\u00e9gi\u00e9e de Benyamin Netanyahu avec Vladimir Poutine, l\u2019alliance am\u00e9ricaine devenue plus strat\u00e9gique qu\u2019affective, le soutien politique et militaire massif apport\u00e9 au dictateur azerbaidjanais Aliyev dans le nettoyage ethnique au Haut-Karabagh alors que l\u2019Arm\u00e9nie, berceau du christianisme, est menac\u00e9e elle-m\u00eame. A J\u00e9rusalem, les  menaces r\u00e9p\u00e9t\u00e9es et les assauts des colons (avec le concours des forces de s\u00e9curit\u00e9) \u00e0 l&rsquo;encontre du Patriarcat Arm\u00e9nien t\u00e9moignent du caract\u00e8re global de cette politique scandaleuse  (par une sorte de schizophr\u00e9nie, ceux parfois les m\u00eames qui soutiennent \u00e0 la fois la cause arm\u00e9nienne et Isra\u00ebl sans s\u2019apercevoir de la contradiction). Conna\u00eet-on une d\u00e9mocratie ou le dirigeant est au pouvoir depuis 27 ans avec, certes, quelques p\u00e9riodes d\u2019interruption&nbsp;? <strong>L\u2019Etat h\u00e9breu ne garde des attributs d\u2019un Etat d\u00e9mocratique \u00e0 l\u2019occidentale que l\u2019\u00e9lection.<\/strong> Il y a fort \u00e0 parier que la solidarit\u00e9 d\u2019Isra\u00ebl avec les Europ\u00e9ens serait sujette \u00e0 caution, en cas de confrontation avec les \u00ab&nbsp;empires&nbsp;autoritaires&nbsp;\u00bb.<\/p>\n\n\n\n<p class=\"has-medium-font-size wp-block-paragraph\">La mort du parti travailliste, celui des Fondateurs de l\u2019Etat d\u2019Isra\u00ebl, troqu\u00e9 contre une place au gouvernement par Ehud Barak et <strong>la volont\u00e9 revendiqu\u00e9e, dans le m\u00eame temps, par la droite et l\u2019extr\u00eame droite isra\u00e9lienne qui lui a succ\u00e9d\u00e9 au pouvoir de faire d\u2019Isra\u00ebl non plus un Etat-Nation isra\u00e9lien mais un \u00abEtat-Nation du peuple Juif&nbsp;\u00bb (loi du 19 juillet 2018), l&rsquo;influence ultrareligieuse au gouvernement, a favoris\u00e9 l\u2019antis\u00e9mitisme<\/strong>. En effet, l\u2019assimilation totale entre \u00ab&nbsp;Isra\u00ebl&nbsp;\u00bb et \u00ab&nbsp;Juif&nbsp;\u00bb qui en r\u00e9sulte fait que les agissements de l\u2019Etat d\u2019Isra\u00ebl sont consid\u00e9r\u00e9s <strong>non plus comme imputables \u00e0 un Etat \u00e9tranger mais aux communaut\u00e9s juives de par le monde.<\/strong><\/p>\n\n\n\n<h3 class=\"wp-block-heading has-medium-font-size\" id=\"h-l-assimilation-simplificatrice-judaisme-juif-israel-netanyahou-sionisme-religieux-revisonniste-est-dangereuse\"><strong>L&rsquo;ASSIMILATION SIMPLIFICATRICE \u00ab\u00a0JUDAISME\u00a0\u00bb &#8211; JUIF\u00a0\u00bb &#8211; \u00ab\u00a0ISRAEL\u00a0\u00bb &#8211; \u00ab\u00a0NETANYAHOU\u00a0\u00bb- SIONISME RELIGIEUX\/REVISONNISTE EST DANGEREUSE<\/strong><\/h3>\n\n\n\n<p class=\"has-medium-font-size wp-block-paragraph\"><strong>Cette d\u00e9naturation de l\u2019Etat d\u2019Isra\u00ebl, contraire au projet de ses p\u00e8res fondateurs<\/strong>, ent\u00e9rin\u00e9e par la plupart des membres de la communaut\u00e9 internationale revient \u00e0 rendre responsables les communaut\u00e9s juives, dans leurs pays respectifs, responsables des agissements de l\u2019Etat d\u2019Isra\u00ebl, sans y prendre la moindre part. <strong>Or, si l\u2019antis\u00e9mitisme ne saurait \u00eatre tol\u00e9r\u00e9, condamner ou s&rsquo;opposer \u00e0 la politique de l\u2019Etat d\u2019Isra\u00ebl, venue celle de Netanyahou, celle du sionisme religieux ou r\u00e9visionniste, est bien entendu tout \u00e0 fait acceptable<\/strong> et, pour certains, un devoir moral, tant elle viole le droit international et le droit humanitaire constamment consid\u00e9rant les Arabes comme des humains de seconde cat\u00e9gorie dont la vie n\u2019a en r\u00e9alit\u00e9 qu\u2019une importance relative.<\/p>\n\n\n\n<p class=\"has-medium-font-size wp-block-paragraph\">A SUIVRE&#8230;.<\/p>\n\n\n\n<p class=\"has-normal-font-size wp-block-paragraph\"><em>Erwan Davoux est dipl\u00f4m\u00e9 de l&rsquo;IEP de Paris et de l&rsquo;INALCO<\/em><\/p>\n\n\n\n<p class=\"has-normal-font-size wp-block-paragraph\"><em>Ancien charg\u00e9 de mission \u00e0 la Pr\u00e9sidence de la R\u00e9publique, il a conseill\u00e9 de nombreuses personnalit\u00e9s politiques de droite \u00e0 l&rsquo;International<\/em><\/p>","protected":false},"excerpt":{"rendered":"<p>Les actes antis\u00e9mites connaissent une recrudescence importante en France. Un mois apr\u00e8s le 7 octobre, 1159 actes antis\u00e9mites avaient \u00e9t\u00e9 relev\u00e9s \u00ab&hellip;<\/p>","protected":false},"author":16,"featured_media":2103,"comment_status":"open","ping_status":"open","sticky":false,"template":"","format":"standard","meta":{"_lmt_disableupdate":"","_lmt_disable":"","footnotes":""},"categories":[5,3],"tags":[],"class_list":["post-2095","post","type-post","status-publish","format-standard","has-post-thumbnail","hentry","category-international","category-politique"],"yoast_head":"<!-- This site is optimized with the Yoast SEO Premium plugin v28.1 (Yoast SEO v28.1) - https:\/\/yoast.com\/product\/yoast-seo-premium-wordpress\/ -->\n<title>Pourquoi l&#039;hydre antis\u00e9mite prosp\u00e8re-t-elle en France (et ailleurs...) ? | Geopolitics.fr<\/title>\n<meta name=\"robots\" content=\"index, follow, max-snippet:-1, max-image-preview:large, max-video-preview:-1\" \/>\n<link rel=\"canonical\" href=\"https:\/\/www.geopolitics.fr\/en\/2024\/01\/20\/pourquoi-lhydre-antisemite-prospere-t-elle-en-france-1-2\/\" \/>\n<meta property=\"og:locale\" content=\"en_GB\" \/>\n<meta property=\"og:type\" content=\"article\" \/>\n<meta property=\"og:title\" content=\"Pourquoi l&#039;hydre antis\u00e9mite prosp\u00e8re-t-elle en France (et ailleurs...) ?\" \/>\n<meta property=\"og:description\" content=\"Les actes antis\u00e9mites connaissent une recrudescence importante en France. Un mois apr\u00e8s le 7 octobre, 1159 actes antis\u00e9mites avaient \u00e9t\u00e9 relev\u00e9s \u00ab&hellip;\" \/>\n<meta property=\"og:url\" content=\"https:\/\/www.geopolitics.fr\/en\/2024\/01\/20\/pourquoi-lhydre-antisemite-prospere-t-elle-en-france-1-2\/\" \/>\n<meta property=\"og:site_name\" content=\"Geopolitics.fr\" \/>\n<meta property=\"article:publisher\" content=\"https:\/\/www.facebook.com\/people\/Erwan-Davoux\/61557098968092\/\" \/>\n<meta property=\"article:author\" content=\"Erwan Davoux\" \/>\n<meta property=\"article:published_time\" content=\"2024-01-20T18:40:00+00:00\" \/>\n<meta property=\"article:modified_time\" content=\"2024-08-24T12:21:34+00:00\" \/>\n<meta property=\"og:image\" content=\"https:\/\/www.geopolitics.fr\/wp-content\/uploads\/2024\/01\/photo-1646995894538-5d7ff3bffdc4.webp\" \/>\n\t<meta property=\"og:image:width\" content=\"1770\" \/>\n\t<meta property=\"og:image:height\" content=\"1180\" \/>\n\t<meta property=\"og:image:type\" content=\"image\/webp\" \/>\n<meta name=\"author\" content=\"Erwan Davoux\" \/>\n<meta name=\"twitter:card\" content=\"summary_large_image\" \/>\n<meta name=\"twitter:creator\" content=\"@erwandavoux @Geo_politicsfr\" \/>\n<meta name=\"twitter:site\" content=\"@Geopolitics_Fr\" \/>\n<meta name=\"twitter:label1\" content=\"Written by\" \/>\n\t<meta name=\"twitter:data1\" content=\"Erwan Davoux\" \/>\n\t<meta name=\"twitter:label2\" content=\"Estimated reading time\" \/>\n\t<meta name=\"twitter:data2\" content=\"6 minutes\" \/>\n<script type=\"application\/ld+json\" class=\"yoast-schema-graph\">{\"@context\":\"https:\\\/\\\/schema.org\",\"@graph\":[{\"@type\":\"Article\",\"@id\":\"https:\\\/\\\/www.geopolitics.fr\\\/2024\\\/01\\\/20\\\/pourquoi-lhydre-antisemite-prospere-t-elle-en-france-1-2\\\/#article\",\"isPartOf\":{\"@id\":\"https:\\\/\\\/www.geopolitics.fr\\\/2024\\\/01\\\/20\\\/pourquoi-lhydre-antisemite-prospere-t-elle-en-france-1-2\\\/\"},\"author\":{\"name\":\"Erwan Davoux\",\"@id\":\"https:\\\/\\\/www.geopolitics.fr\\\/#\\\/schema\\\/person\\\/a487273e91313e368925717400fa1b11\"},\"headline\":\"Pourquoi l&rsquo;hydre antis\u00e9mite prosp\u00e8re-t-elle en France (et ailleurs&#8230;) ?\",\"datePublished\":\"2024-01-20T18:40:00+00:00\",\"dateModified\":\"2024-08-24T12:21:34+00:00\",\"mainEntityOfPage\":{\"@id\":\"https:\\\/\\\/www.geopolitics.fr\\\/2024\\\/01\\\/20\\\/pourquoi-lhydre-antisemite-prospere-t-elle-en-france-1-2\\\/\"},\"wordCount\":1320,\"commentCount\":0,\"publisher\":{\"@id\":\"https:\\\/\\\/www.geopolitics.fr\\\/#organization\"},\"image\":{\"@id\":\"https:\\\/\\\/www.geopolitics.fr\\\/2024\\\/01\\\/20\\\/pourquoi-lhydre-antisemite-prospere-t-elle-en-france-1-2\\\/#primaryimage\"},\"thumbnailUrl\":\"https:\\\/\\\/www.geopolitics.fr\\\/wp-content\\\/uploads\\\/2024\\\/01\\\/photo-1646995894538-5d7ff3bffdc4.webp\",\"articleSection\":[\"International\",\"Politique\"],\"inLanguage\":\"en-GB\"},{\"@type\":\"WebPage\",\"@id\":\"https:\\\/\\\/www.geopolitics.fr\\\/2024\\\/01\\\/20\\\/pourquoi-lhydre-antisemite-prospere-t-elle-en-france-1-2\\\/\",\"url\":\"https:\\\/\\\/www.geopolitics.fr\\\/2024\\\/01\\\/20\\\/pourquoi-lhydre-antisemite-prospere-t-elle-en-france-1-2\\\/\",\"name\":\"Pourquoi l'hydre antis\u00e9mite prosp\u00e8re-t-elle en France (et ailleurs...) ? | Geopolitics.fr\",\"isPartOf\":{\"@id\":\"https:\\\/\\\/www.geopolitics.fr\\\/#website\"},\"primaryImageOfPage\":{\"@id\":\"https:\\\/\\\/www.geopolitics.fr\\\/2024\\\/01\\\/20\\\/pourquoi-lhydre-antisemite-prospere-t-elle-en-france-1-2\\\/#primaryimage\"},\"image\":{\"@id\":\"https:\\\/\\\/www.geopolitics.fr\\\/2024\\\/01\\\/20\\\/pourquoi-lhydre-antisemite-prospere-t-elle-en-france-1-2\\\/#primaryimage\"},\"thumbnailUrl\":\"https:\\\/\\\/www.geopolitics.fr\\\/wp-content\\\/uploads\\\/2024\\\/01\\\/photo-1646995894538-5d7ff3bffdc4.webp\",\"datePublished\":\"2024-01-20T18:40:00+00:00\",\"dateModified\":\"2024-08-24T12:21:34+00:00\",\"breadcrumb\":{\"@id\":\"https:\\\/\\\/www.geopolitics.fr\\\/2024\\\/01\\\/20\\\/pourquoi-lhydre-antisemite-prospere-t-elle-en-france-1-2\\\/#breadcrumb\"},\"inLanguage\":\"en-GB\",\"potentialAction\":[{\"@type\":\"ReadAction\",\"target\":[\"https:\\\/\\\/www.geopolitics.fr\\\/2024\\\/01\\\/20\\\/pourquoi-lhydre-antisemite-prospere-t-elle-en-france-1-2\\\/\"]}]},{\"@type\":\"ImageObject\",\"inLanguage\":\"en-GB\",\"@id\":\"https:\\\/\\\/www.geopolitics.fr\\\/2024\\\/01\\\/20\\\/pourquoi-lhydre-antisemite-prospere-t-elle-en-france-1-2\\\/#primaryimage\",\"url\":\"https:\\\/\\\/www.geopolitics.fr\\\/wp-content\\\/uploads\\\/2024\\\/01\\\/photo-1646995894538-5d7ff3bffdc4.webp\",\"contentUrl\":\"https:\\\/\\\/www.geopolitics.fr\\\/wp-content\\\/uploads\\\/2024\\\/01\\\/photo-1646995894538-5d7ff3bffdc4.webp\",\"width\":1770,\"height\":1180},{\"@type\":\"BreadcrumbList\",\"@id\":\"https:\\\/\\\/www.geopolitics.fr\\\/2024\\\/01\\\/20\\\/pourquoi-lhydre-antisemite-prospere-t-elle-en-france-1-2\\\/#breadcrumb\",\"itemListElement\":[{\"@type\":\"ListItem\",\"position\":1,\"name\":\"Accueil\",\"item\":\"https:\\\/\\\/www.geopolitics.fr\\\/\"},{\"@type\":\"ListItem\",\"position\":2,\"name\":\"Pourquoi l&#8217;hydre antis\u00e9mite prosp\u00e8re-t-elle en France (et ailleurs&#8230;) ?\"}]},{\"@type\":\"WebSite\",\"@id\":\"https:\\\/\\\/www.geopolitics.fr\\\/#website\",\"url\":\"https:\\\/\\\/www.geopolitics.fr\\\/\",\"name\":\"Geopolitics.fr\",\"description\":\"Geopolitics.fr Analyse politique, relations internationales, d\u00e9fense - ligne \u00e9ditoriale gaullo-chiraquienne\",\"publisher\":{\"@id\":\"https:\\\/\\\/www.geopolitics.fr\\\/#organization\"},\"potentialAction\":[{\"@type\":\"SearchAction\",\"target\":{\"@type\":\"EntryPoint\",\"urlTemplate\":\"https:\\\/\\\/www.geopolitics.fr\\\/?s={search_term_string}\"},\"query-input\":{\"@type\":\"PropertyValueSpecification\",\"valueRequired\":true,\"valueName\":\"search_term_string\"}}],\"inLanguage\":\"en-GB\"},{\"@type\":\"Organization\",\"@id\":\"https:\\\/\\\/www.geopolitics.fr\\\/#organization\",\"name\":\"Geopolitics.fr\",\"url\":\"https:\\\/\\\/www.geopolitics.fr\\\/\",\"logo\":{\"@type\":\"ImageObject\",\"inLanguage\":\"en-GB\",\"@id\":\"https:\\\/\\\/www.geopolitics.fr\\\/#\\\/schema\\\/logo\\\/image\\\/\",\"url\":\"https:\\\/\\\/www.geopolitics.fr\\\/wp-content\\\/uploads\\\/2024\\\/01\\\/logo.jpg\",\"contentUrl\":\"https:\\\/\\\/www.geopolitics.fr\\\/wp-content\\\/uploads\\\/2024\\\/01\\\/logo.jpg\",\"width\":500,\"height\":500,\"caption\":\"Geopolitics.fr\"},\"image\":{\"@id\":\"https:\\\/\\\/www.geopolitics.fr\\\/#\\\/schema\\\/logo\\\/image\\\/\"},\"sameAs\":[\"https:\\\/\\\/www.facebook.com\\\/people\\\/Erwan-Davoux\\\/61557098968092\\\/\",\"https:\\\/\\\/x.com\\\/Geopolitics_Fr\"]},{\"@type\":\"Person\",\"@id\":\"https:\\\/\\\/www.geopolitics.fr\\\/#\\\/schema\\\/person\\\/a487273e91313e368925717400fa1b11\",\"name\":\"Erwan Davoux\",\"image\":{\"@type\":\"ImageObject\",\"inLanguage\":\"en-GB\",\"@id\":\"https:\\\/\\\/www.geopolitics.fr\\\/wp-content\\\/uploads\\\/2026\\\/05\\\/moi-96x96.jpg\",\"url\":\"https:\\\/\\\/www.geopolitics.fr\\\/wp-content\\\/uploads\\\/2026\\\/05\\\/moi-96x96.jpg\",\"contentUrl\":\"https:\\\/\\\/www.geopolitics.fr\\\/wp-content\\\/uploads\\\/2026\\\/05\\\/moi-96x96.jpg\",\"caption\":\"Erwan Davoux\"},\"description\":\"Erwan DAVOUX est Pr\u00e9sident de LMD CONSEIL, (conseil strat\u00e9gique, intelligence \u00e9conomique, risque g\u00e9opolitique, influence politique, diplomatie \u00e9conomique). Dipl\u00f4m\u00e9 de l'IEP de Paris et de l'INALCO (d\u00e9partement d'\u00e9tudes arabes), il est directeur de la publication de geopolitics.fr. Ancien fonctionnaire au Minist\u00e8re de l'Int\u00e9rieur et de la D\u00e9fense (DGSE) Ancien charg\u00e9 de Mission \u00e0 la Pr\u00e9sidence de la R\u00e9publique (cellule diplomatique) Conseil de nombreuses personnalit\u00e9s politiques \u00e0 l'International (dont deux anciens Premiers ministres).\",\"sameAs\":[\"Erwan Davoux\",\"@erwandavoux\",\"https:\\\/\\\/www.linkedin.com\\\/in\\\/erwan-davoux-6800b289\\\/\",\"https:\\\/\\\/x.com\\\/@erwandavoux @Geo_politicsfr\"],\"url\":\"https:\\\/\\\/www.geopolitics.fr\\\/en\\\/author\\\/erwan-davoux\\\/\"}]}<\/script>\n<!-- \/ Yoast SEO Premium plugin. -->","yoast_head_json":{"title":"Pourquoi l'hydre antis\u00e9mite prosp\u00e8re-t-elle en France (et ailleurs...) ? | Geopolitics.fr","robots":{"index":"index","follow":"follow","max-snippet":"max-snippet:-1","max-image-preview":"max-image-preview:large","max-video-preview":"max-video-preview:-1"},"canonical":"https:\/\/www.geopolitics.fr\/en\/2024\/01\/20\/pourquoi-lhydre-antisemite-prospere-t-elle-en-france-1-2\/","og_locale":"en_GB","og_type":"article","og_title":"Pourquoi l'hydre antis\u00e9mite prosp\u00e8re-t-elle en France (et ailleurs...) ?","og_description":"Les actes antis\u00e9mites connaissent une recrudescence importante en France. Un mois apr\u00e8s le 7 octobre, 1159 actes antis\u00e9mites avaient \u00e9t\u00e9 relev\u00e9s \u00ab&hellip;","og_url":"https:\/\/www.geopolitics.fr\/en\/2024\/01\/20\/pourquoi-lhydre-antisemite-prospere-t-elle-en-france-1-2\/","og_site_name":"Geopolitics.fr","article_publisher":"https:\/\/www.facebook.com\/people\/Erwan-Davoux\/61557098968092\/","article_author":"Erwan Davoux","article_published_time":"2024-01-20T18:40:00+00:00","article_modified_time":"2024-08-24T12:21:34+00:00","og_image":[{"width":1770,"height":1180,"url":"https:\/\/www.geopolitics.fr\/wp-content\/uploads\/2024\/01\/photo-1646995894538-5d7ff3bffdc4.webp","type":"image\/webp"}],"author":"Erwan Davoux","twitter_card":"summary_large_image","twitter_creator":"@erwandavoux @Geo_politicsfr","twitter_site":"@Geopolitics_Fr","twitter_misc":{"Written by":"Erwan Davoux","Estimated reading time":"6 minutes"},"schema":{"@context":"https:\/\/schema.org","@graph":[{"@type":"Article","@id":"https:\/\/www.geopolitics.fr\/2024\/01\/20\/pourquoi-lhydre-antisemite-prospere-t-elle-en-france-1-2\/#article","isPartOf":{"@id":"https:\/\/www.geopolitics.fr\/2024\/01\/20\/pourquoi-lhydre-antisemite-prospere-t-elle-en-france-1-2\/"},"author":{"name":"Erwan Davoux","@id":"https:\/\/www.geopolitics.fr\/#\/schema\/person\/a487273e91313e368925717400fa1b11"},"headline":"Pourquoi l&rsquo;hydre antis\u00e9mite prosp\u00e8re-t-elle en France (et ailleurs&#8230;) ?","datePublished":"2024-01-20T18:40:00+00:00","dateModified":"2024-08-24T12:21:34+00:00","mainEntityOfPage":{"@id":"https:\/\/www.geopolitics.fr\/2024\/01\/20\/pourquoi-lhydre-antisemite-prospere-t-elle-en-france-1-2\/"},"wordCount":1320,"commentCount":0,"publisher":{"@id":"https:\/\/www.geopolitics.fr\/#organization"},"image":{"@id":"https:\/\/www.geopolitics.fr\/2024\/01\/20\/pourquoi-lhydre-antisemite-prospere-t-elle-en-france-1-2\/#primaryimage"},"thumbnailUrl":"https:\/\/www.geopolitics.fr\/wp-content\/uploads\/2024\/01\/photo-1646995894538-5d7ff3bffdc4.webp","articleSection":["International","Politique"],"inLanguage":"en-GB"},{"@type":"WebPage","@id":"https:\/\/www.geopolitics.fr\/2024\/01\/20\/pourquoi-lhydre-antisemite-prospere-t-elle-en-france-1-2\/","url":"https:\/\/www.geopolitics.fr\/2024\/01\/20\/pourquoi-lhydre-antisemite-prospere-t-elle-en-france-1-2\/","name":"Pourquoi l'hydre antis\u00e9mite prosp\u00e8re-t-elle en France (et ailleurs...) ? | Geopolitics.fr","isPartOf":{"@id":"https:\/\/www.geopolitics.fr\/#website"},"primaryImageOfPage":{"@id":"https:\/\/www.geopolitics.fr\/2024\/01\/20\/pourquoi-lhydre-antisemite-prospere-t-elle-en-france-1-2\/#primaryimage"},"image":{"@id":"https:\/\/www.geopolitics.fr\/2024\/01\/20\/pourquoi-lhydre-antisemite-prospere-t-elle-en-france-1-2\/#primaryimage"},"thumbnailUrl":"https:\/\/www.geopolitics.fr\/wp-content\/uploads\/2024\/01\/photo-1646995894538-5d7ff3bffdc4.webp","datePublished":"2024-01-20T18:40:00+00:00","dateModified":"2024-08-24T12:21:34+00:00","breadcrumb":{"@id":"https:\/\/www.geopolitics.fr\/2024\/01\/20\/pourquoi-lhydre-antisemite-prospere-t-elle-en-france-1-2\/#breadcrumb"},"inLanguage":"en-GB","potentialAction":[{"@type":"ReadAction","target":["https:\/\/www.geopolitics.fr\/2024\/01\/20\/pourquoi-lhydre-antisemite-prospere-t-elle-en-france-1-2\/"]}]},{"@type":"ImageObject","inLanguage":"en-GB","@id":"https:\/\/www.geopolitics.fr\/2024\/01\/20\/pourquoi-lhydre-antisemite-prospere-t-elle-en-france-1-2\/#primaryimage","url":"https:\/\/www.geopolitics.fr\/wp-content\/uploads\/2024\/01\/photo-1646995894538-5d7ff3bffdc4.webp","contentUrl":"https:\/\/www.geopolitics.fr\/wp-content\/uploads\/2024\/01\/photo-1646995894538-5d7ff3bffdc4.webp","width":1770,"height":1180},{"@type":"BreadcrumbList","@id":"https:\/\/www.geopolitics.fr\/2024\/01\/20\/pourquoi-lhydre-antisemite-prospere-t-elle-en-france-1-2\/#breadcrumb","itemListElement":[{"@type":"ListItem","position":1,"name":"Accueil","item":"https:\/\/www.geopolitics.fr\/"},{"@type":"ListItem","position":2,"name":"Pourquoi l&#8217;hydre antis\u00e9mite prosp\u00e8re-t-elle en France (et ailleurs&#8230;) ?"}]},{"@type":"WebSite","@id":"https:\/\/www.geopolitics.fr\/#website","url":"https:\/\/www.geopolitics.fr\/","name":"Geopolitics.fr","description":"Geopolitics.fr Analyse politique, relations internationales, d\u00e9fense - ligne \u00e9ditoriale gaullo-chiraquienne","publisher":{"@id":"https:\/\/www.geopolitics.fr\/#organization"},"potentialAction":[{"@type":"SearchAction","target":{"@type":"EntryPoint","urlTemplate":"https:\/\/www.geopolitics.fr\/?s={search_term_string}"},"query-input":{"@type":"PropertyValueSpecification","valueRequired":true,"valueName":"search_term_string"}}],"inLanguage":"en-GB"},{"@type":"Organization","@id":"https:\/\/www.geopolitics.fr\/#organization","name":"Geopolitics.fr","url":"https:\/\/www.geopolitics.fr\/","logo":{"@type":"ImageObject","inLanguage":"en-GB","@id":"https:\/\/www.geopolitics.fr\/#\/schema\/logo\/image\/","url":"https:\/\/www.geopolitics.fr\/wp-content\/uploads\/2024\/01\/logo.jpg","contentUrl":"https:\/\/www.geopolitics.fr\/wp-content\/uploads\/2024\/01\/logo.jpg","width":500,"height":500,"caption":"Geopolitics.fr"},"image":{"@id":"https:\/\/www.geopolitics.fr\/#\/schema\/logo\/image\/"},"sameAs":["https:\/\/www.facebook.com\/people\/Erwan-Davoux\/61557098968092\/","https:\/\/x.com\/Geopolitics_Fr"]},{"@type":"Person","@id":"https:\/\/www.geopolitics.fr\/#\/schema\/person\/a487273e91313e368925717400fa1b11","name":"Erwan Davoux","image":{"@type":"ImageObject","inLanguage":"en-GB","@id":"https:\/\/www.geopolitics.fr\/wp-content\/uploads\/2026\/05\/moi-96x96.jpg","url":"https:\/\/www.geopolitics.fr\/wp-content\/uploads\/2026\/05\/moi-96x96.jpg","contentUrl":"https:\/\/www.geopolitics.fr\/wp-content\/uploads\/2026\/05\/moi-96x96.jpg","caption":"Erwan Davoux"},"description":"Erwan DAVOUX est Pr\u00e9sident de LMD CONSEIL, (conseil strat\u00e9gique, intelligence \u00e9conomique, risque g\u00e9opolitique, influence politique, diplomatie \u00e9conomique). Dipl\u00f4m\u00e9 de l'IEP de Paris et de l'INALCO (d\u00e9partement d'\u00e9tudes arabes), il est directeur de la publication de geopolitics.fr. Ancien fonctionnaire au Minist\u00e8re de l'Int\u00e9rieur et de la D\u00e9fense (DGSE) Ancien charg\u00e9 de Mission \u00e0 la Pr\u00e9sidence de la R\u00e9publique (cellule diplomatique) Conseil de nombreuses personnalit\u00e9s politiques \u00e0 l'International (dont deux anciens Premiers ministres).","sameAs":["Erwan Davoux","@erwandavoux","https:\/\/www.linkedin.com\/in\/erwan-davoux-6800b289\/","https:\/\/x.com\/@erwandavoux @Geo_politicsfr"],"url":"https:\/\/www.geopolitics.fr\/en\/author\/erwan-davoux\/"}]}},"_links":{"self":[{"href":"https:\/\/www.geopolitics.fr\/en\/wp-json\/wp\/v2\/posts\/2095","targetHints":{"allow":["GET"]}}],"collection":[{"href":"https:\/\/www.geopolitics.fr\/en\/wp-json\/wp\/v2\/posts"}],"about":[{"href":"https:\/\/www.geopolitics.fr\/en\/wp-json\/wp\/v2\/types\/post"}],"author":[{"embeddable":true,"href":"https:\/\/www.geopolitics.fr\/en\/wp-json\/wp\/v2\/users\/16"}],"replies":[{"embeddable":true,"href":"https:\/\/www.geopolitics.fr\/en\/wp-json\/wp\/v2\/comments?post=2095"}],"version-history":[{"count":0,"href":"https:\/\/www.geopolitics.fr\/en\/wp-json\/wp\/v2\/posts\/2095\/revisions"}],"wp:featuredmedia":[{"embeddable":true,"href":"https:\/\/www.geopolitics.fr\/en\/wp-json\/wp\/v2\/media\/2103"}],"wp:attachment":[{"href":"https:\/\/www.geopolitics.fr\/en\/wp-json\/wp\/v2\/media?parent=2095"}],"wp:term":[{"taxonomy":"category","embeddable":true,"href":"https:\/\/www.geopolitics.fr\/en\/wp-json\/wp\/v2\/categories?post=2095"},{"taxonomy":"post_tag","embeddable":true,"href":"https:\/\/www.geopolitics.fr\/en\/wp-json\/wp\/v2\/tags?post=2095"}],"curies":[{"name":"wp","href":"https:\/\/api.w.org\/{rel}","templated":true}]}}