{"id":2086,"date":"2024-01-18T20:10:00","date_gmt":"2024-01-18T19:10:00","guid":{"rendered":"https:\/\/www.geopolitics.fr\/?p=2086"},"modified":"2024-03-26T22:37:16","modified_gmt":"2024-03-26T21:37:16","slug":"la-classe-moyenne-expliquee-aux-enfants-qui-nous-gouvernent","status":"publish","type":"post","link":"https:\/\/www.geopolitics.fr\/en\/2024\/01\/18\/la-classe-moyenne-expliquee-aux-enfants-qui-nous-gouvernent\/","title":{"rendered":"La classe moyenne expliqu\u00e9e aux enfants qui nous gouvernent"},"content":{"rendered":"<h3 class=\"wp-block-heading\" id=\"h-clemenceau-disait-de-la-france-qu-elle-est-une-terre-fertile-car-la-ou-l-on-plante-un-fonctionnaire-on-recolte-un-impot-la-france-de-ces-dernieres-annees-ou-tout-s-est-degrade-a-une-vitesse-absolument-stupefiante-lui-donne-helas-cruellement-raison\">Cl\u00e9menceau disait de la France qu\u2019elle est une terre fertile, car l\u00e0 o\u00f9 l\u2019on plante un fonctionnaire on r\u00e9colte un imp\u00f4t. La France de ces derni\u00e8res ann\u00e9es o\u00f9 tout s\u2019est d\u00e9grad\u00e9 \u00e0 une vitesse absolument stup\u00e9fiante lui donne, h\u00e9las, cruellement raison.<\/h3>\n\n\n\n<p class=\"has-medium-font-size wp-block-paragraph\">Depuis la mont\u00e9e en puissance du Rassemblement National, Emmanuel Macron qui de 2017 \u00e0 2022 \u00e9tait En Marche avant d\u2019entamer une Renaissance, \u00e0 la faveur de son second quinquennat, a d\u00e9couvert la classe moyenne.<\/p>\n\n\n\n<p class=\"has-medium-font-size wp-block-paragraph\">De la France \u00ab\u2009<em>qui se l\u00e8ve t\u00f4t\u2009<\/em>\u00bb \u00e0 celle <em>\u00ab\u2009qui travaille<\/em>\u2009\u00bb, tous les poncifs de la communication politique pour les nuls sont dans les \u00e9l\u00e9ments de langage de l\u2019Ex\u00e9cutif et des suppl\u00e9tifs de la majorit\u00e9 relative, pour s\u2019attirer les faveurs de plus d\u2019un Fran\u00e7ais sur deux. <strong>Une strat\u00e9gie \u00e9lectorale aussi sens\u00e9e que respectable, quand on court apr\u00e8s le couple Le Pen-Bardella<\/strong>. \u00c0 travers cette course \u00e0 l\u2019\u00e9chalote, c\u2019est \u00e0 la peur du d\u00e9classement social que le Pr\u00e9sident, comme celle qui aspire \u00e0 le remplacer, tentent de r\u00e9pondre.<\/p>\n\n\n\n<p class=\"has-medium-font-size wp-block-paragraph\">Pour autant s\u2019ils ont le m\u00eame objectif, la perception de leurs attentions qu\u2019en ont les concern\u00e9s, elle, n\u2019est pas la m\u00eame et le d\u00e9calage dans les intentions de vote qui tombent \u00e0 6&nbsp;mois des Europ\u00e9ennes en est l\u2019illustration criante.<\/p>\n\n\n\n<p class=\"has-medium-font-size wp-block-paragraph\">Le camp pr\u00e9sidentiel a enfin compris que le Fran\u00e7ais moyen est celui qui \u00ab\u2009<em>gagne trop pour \u00eatre aid\u00e9<\/em>\u2009\u00bb. Ils en d\u00e9duisent, encourag\u00e9 en cela par tous les moutons du cirque m\u00e9diatique, qu\u2019il suffit \u00ab\u2009<em>de poser le diagnostic<\/em>\u2009\u00bb pour \u00eatre compris. H\u00e9las, la \u00ab\u2009<em>classe moyenne<\/em>\u2009\u00bb n\u2019a pas attendu la prise de conscience de son existence par Emmanuel Macron, pour sentir que tout n\u2019allait pas bien dans la <em>Startup nation<\/em>.<\/p>\n\n\n\n<p class=\"has-medium-font-size wp-block-paragraph\"><strong>Cette France qui gagne donc trop pour \u00eatre aid\u00e9e est aussi celle qui est la plus pressur\u00e9e de pr\u00e9l\u00e8vements en tous genres<\/strong>. L\u2019imp\u00f4t sur le revenu qu\u2019elle est bien souvent la seule \u00e0 payer puisque simplement une petite moiti\u00e9 des Fran\u00e7ais sont \u00ab\u2009<em>\u00e9ligibles<\/em>\u2009\u00bb \u00e0 cette ponction, n\u2019est que la partie \u00e9merg\u00e9e de l\u2019iceberg. Il convient aussi de lui ajouter les 35&nbsp;milliards de taxes sur les carburants n\u00e9cessaires pour aller travailler quand on n\u2019a pas la chance de b\u00e9n\u00e9ficier d\u2019un RER pour ce faire en ayant, au passage, le privil\u00e8ge de pouvoir \u00eatre joyeusement contamin\u00e9 par les virus saisonniers.<\/p>\n\n\n\n<p class=\"has-medium-font-size wp-block-paragraph\">Une fois au travail, c\u2019est pr\u00e8s de 60&nbsp;% des sommes que d\u00e9bourse l\u2019employeur du Fran\u00e7ais moyen qui sont retenues par l\u2019\u00c9tat pour payer les \u00ab\u2009<em>services publics et le bouclier social que le monde entier nous envie<\/em>\u2009\u00bb (mais pas trop quand m\u00eame). Et c\u2019est justement l\u00e0 que commence le gros hiatus avec la France qui gagne trop pour \u00eatre aid\u00e9e. <strong>Le \u00ab&nbsp;<em>consentement \u00e0 l\u2019imp\u00f4t<\/em>&nbsp;\u00bb l\u2019un des piliers de la d\u00e9mocratie est devenu un concept fictif. <\/strong>O\u00f9 l\u2019on constate que l\u2019abus de 49.3 est dangereux pour la sant\u00e9 d\u2019un Peuple qui se cherche et dont les repr\u00e9sentants ne sont plus \u00e9cout\u00e9s\u2026<\/p>\n\n\n\n<p class=\"has-medium-font-size wp-block-paragraph\"><strong>Elle ne demande pas \u00e0 \u00eatre assist\u00e9e, cette France, elle a m\u00eame, assez majoritairement, ce concept en horreur. Elle veut juste en avoir pour son argent et le compte n\u2019y est pas, mais alors pas du tout\u2009!<\/strong><\/p>\n\n\n\n<p class=\"has-medium-font-size wp-block-paragraph\">Plus de 12&nbsp;millions de nos compatriotes n\u2019ont pas de m\u00e9decin traitant, dont 2&nbsp;millions de malades chroniques, ceux que la po\u00e9sie propre aux rapports des ARS d\u00e9signe sous le vocable de \u00ab\u2009<em>personnes atteintes d\u2019affections longue dur\u00e9e<\/em>\u2009\u00bb. Quand, faute d\u2019autre option, ils se rendent \u00e0 l\u2019h\u00f4pital, ils entrent dans la Cour des Miracles, patientent des heures en se voyant reproch\u00e9, par un personnel, \u00e0 raison \u00e9puis\u00e9, ou des politiciens qui ont r\u00e9ponse \u00e0 tout, sans jamais avoir \u00e9t\u00e9 dans leur situation, d\u2019\u00eatre venu pour rien engorger les Urgences, car leur pathologie \u00e9tait b\u00e9nigne et aurait d\u00fb \u00eatre soign\u00e9e par un m\u00e9decin \u00ab\u2009de ville\u2009\u00bb (comprendre un g\u00e9n\u00e9raliste) qui n\u2019existe plus, puisque l\u2019on refuse depuis 40&nbsp;ans d\u2019en former en nombre suffisant\u2026<\/p>\n\n\n\n<p class=\"has-medium-font-size wp-block-paragraph\">Si par hasard son cas rel\u00e8ve de l\u2019hospitalisation, s\u2019il s\u2019agit, par exemple d\u2019extraire un calcul r\u00e9nal, le d\u00e9lai d\u2019intervention est de trois mois, mais l\u2019h\u00f4pital public \u00ab\u2009<em>comprend parfaitement<\/em>\u2009\u00bb que son patient se tourne vers le priv\u00e9 (trop aimable) qui, lui, pourra r\u00e9soudre le probl\u00e8me moyennant de co\u00fbteux d\u00e9passement d\u2019honoraires. Moralit\u00e9, le Fran\u00e7ais moyen a pay\u00e9 par des pr\u00e9l\u00e8vements colossaux et obligatoires sur son salaire, un service qui ne lui a pas \u00e9t\u00e9 rendu et a d\u00fb s\u2019acquitter, sur ses \u00e9conomies apr\u00e8s imp\u00f4ts, d\u2019une intervention qui, si elle n\u2019\u00e9tait pas vitale, ne pouvait \u00eatre diff\u00e9r\u00e9e. On comprend dans ces conditions que tout concoure \u00e0 ce que le Fran\u00e7ais moyen trouve le Pr\u00e9sident Macron irr\u00e9sistible quand il lui explique que son forfait m\u00e9dicament va doubler.<\/p>\n\n\n\n<p class=\"has-medium-font-size wp-block-paragraph\"><strong>Ces aberrations se retrouvent dans tous les domaines&nbsp;: \u00e9cole, s\u00e9curit\u00e9, justice, transports, audiovisuel<\/strong>\u2026 Le citoyen contribuable est essor\u00e9 pour des services qui ne lui sont rendus, au mieux, que tr\u00e8s partiellement et tr\u00e8s rarement avec le sourire, car ceux qui, en bout de cha\u00eene sont suppos\u00e9s le d\u00e9livrer sont trop peu nombreux pour le faire, la bureaucratie ayant multipli\u00e9, au passage, les comptables interm\u00e9diaires destin\u00e9s \u00e0 s\u2019assurer que ces \u00ab\u2009<em>services<\/em>\u2009\u00bb restent \u00ab\u2009<em>cadr\u00e9s<\/em>\u2009\u00bb\u2026 Nous vivons dans le royaume d\u2019Ubu. <strong>Cl\u00e9menceau disait de la France qu\u2019elle est une terre fertile, car l\u00e0 o\u00f9 l\u2019on plante un fonctionnaire on r\u00e9colte un imp\u00f4t. La France de ces derni\u00e8res ann\u00e9es o\u00f9 tout s\u2019est d\u00e9grad\u00e9 \u00e0 une vitesse absolument stup\u00e9fiante lui donne, h\u00e9las, cruellement raison.<\/strong><\/p>\n\n\n\n<p class=\"has-medium-font-size wp-block-paragraph\"><strong>Toujours plus d\u2019imp\u00f4ts pour toujours moins de services rendus au public, voil\u00e0 ce qui exasp\u00e8re \u00ab\u2009<em>la France qui se l\u00e8ve t\u00f4t<\/em><\/strong><em>\u2009\u00bb<\/em>, au grand \u00e9tonnement des marcheurs d\u2019hier et \u00ab\u2009Born again\u2009\u00bb du jour. <strong>Le RN a senti cette exasp\u00e9ration et surfe all\u00e9grement sur cette lame de fond <\/strong>du m\u00e9contentement populaire, en instillant le fait que les plus aid\u00e9s \u2014 ceux pour lesquels cette majorit\u00e9 de moins en moins silencieuse paye \u2014 n\u2019ont rejoint que trop r\u00e9cemment le pays et qu\u2019il suffirait de restreindre leurs droits pour que tout s\u2019arrange. <strong>C\u2019est aussi simpliste que faux, tant le mal est profond, mais en attendant c\u2019est diablement efficace pour un parti qui aspire \u00e0 sa d\u00e9diabolisation<\/strong>. <strong>Et il faudra plus que les indignations convenues du Pr\u00e9sident de la R\u00e9publique (comme s\u2019il n\u2019avait pas lui-m\u00eame une responsabilit\u00e9 \u00e9crasante) en conf\u00e9rence de presse pour enrayer cette dynamique.<\/strong><\/p>\n\n\n\n<p class=\"has-medium-font-size wp-block-paragraph\"><em>Aggripa\u201d est titulaire d\u2019un troisi\u00e8me cycle en g\u00e9opolitique de l\u2019ENS. Il exerce depuis plus de trente ans des fonctions de direction au service des \u00e9lus, ce qui en fait un observateur averti de la&nbsp;vie&nbsp;politique fran\u00e7aise et de la marche du monde.&nbsp;&nbsp;<\/em><\/p>","protected":false},"excerpt":{"rendered":"<p>Cl\u00e9menceau disait de la France qu\u2019elle est une terre fertile, car l\u00e0 o\u00f9 l\u2019on plante un fonctionnaire on r\u00e9colte un imp\u00f4t. La&hellip;<\/p>","protected":false},"author":15,"featured_media":2087,"comment_status":"open","ping_status":"open","sticky":false,"template":"","format":"standard","meta":{"_lmt_disableupdate":"","_lmt_disable":"","footnotes":""},"categories":[41,3],"tags":[],"class_list":["post-2086","post","type-post","status-publish","format-standard","has-post-thumbnail","hentry","category-actualite","category-politique"],"yoast_head":"<!-- This site is optimized with the Yoast SEO Premium plugin v28.1 (Yoast SEO v28.1) - https:\/\/yoast.com\/product\/yoast-seo-premium-wordpress\/ -->\n<title>La classe moyenne expliqu\u00e9e aux enfants qui nous gouvernent | Geopolitics.fr<\/title>\n<meta name=\"robots\" content=\"index, follow, max-snippet:-1, max-image-preview:large, max-video-preview:-1\" \/>\n<link rel=\"canonical\" href=\"https:\/\/www.geopolitics.fr\/en\/2024\/01\/18\/la-classe-moyenne-expliquee-aux-enfants-qui-nous-gouvernent\/\" \/>\n<meta property=\"og:locale\" content=\"en_GB\" \/>\n<meta property=\"og:type\" content=\"article\" \/>\n<meta property=\"og:title\" content=\"La classe moyenne expliqu\u00e9e aux enfants qui nous gouvernent\" \/>\n<meta property=\"og:description\" content=\"Cl\u00e9menceau disait de la France qu\u2019elle est une terre fertile, car l\u00e0 o\u00f9 l\u2019on plante un fonctionnaire on r\u00e9colte un imp\u00f4t. La&hellip;\" \/>\n<meta property=\"og:url\" content=\"https:\/\/www.geopolitics.fr\/en\/2024\/01\/18\/la-classe-moyenne-expliquee-aux-enfants-qui-nous-gouvernent\/\" \/>\n<meta property=\"og:site_name\" content=\"Geopolitics.fr\" \/>\n<meta property=\"article:publisher\" content=\"https:\/\/www.facebook.com\/people\/Erwan-Davoux\/61557098968092\/\" \/>\n<meta property=\"article:published_time\" content=\"2024-01-18T19:10:00+00:00\" \/>\n<meta property=\"article:modified_time\" content=\"2024-03-26T21:37:16+00:00\" \/>\n<meta property=\"og:image\" content=\"https:\/\/www.geopolitics.fr\/wp-content\/uploads\/2024\/01\/taxes-copie-1_page-0001.jpg\" \/>\n\t<meta property=\"og:image:width\" content=\"1754\" \/>\n\t<meta property=\"og:image:height\" content=\"1241\" \/>\n\t<meta property=\"og:image:type\" content=\"image\/jpeg\" \/>\n<meta name=\"author\" content=\"Agrippa\" \/>\n<meta name=\"twitter:card\" content=\"summary_large_image\" \/>\n<meta name=\"twitter:creator\" content=\"@Geopolitics_Fr\" \/>\n<meta name=\"twitter:site\" content=\"@Geopolitics_Fr\" \/>\n<meta name=\"twitter:label1\" content=\"Written by\" \/>\n\t<meta name=\"twitter:data1\" content=\"Agrippa\" \/>\n\t<meta name=\"twitter:label2\" content=\"Estimated reading time\" \/>\n\t<meta name=\"twitter:data2\" content=\"6 minutes\" \/>\n<script type=\"application\/ld+json\" class=\"yoast-schema-graph\">{\"@context\":\"https:\\\/\\\/schema.org\",\"@graph\":[{\"@type\":\"Article\",\"@id\":\"https:\\\/\\\/www.geopolitics.fr\\\/2024\\\/01\\\/18\\\/la-classe-moyenne-expliquee-aux-enfants-qui-nous-gouvernent\\\/#article\",\"isPartOf\":{\"@id\":\"https:\\\/\\\/www.geopolitics.fr\\\/2024\\\/01\\\/18\\\/la-classe-moyenne-expliquee-aux-enfants-qui-nous-gouvernent\\\/\"},\"author\":{\"name\":\"Agrippa\",\"@id\":\"https:\\\/\\\/www.geopolitics.fr\\\/#\\\/schema\\\/person\\\/9b03d2659c9026d41af2759a55d48505\"},\"headline\":\"La classe moyenne expliqu\u00e9e aux enfants qui nous gouvernent\",\"datePublished\":\"2024-01-18T19:10:00+00:00\",\"dateModified\":\"2024-03-26T21:37:16+00:00\",\"mainEntityOfPage\":{\"@id\":\"https:\\\/\\\/www.geopolitics.fr\\\/2024\\\/01\\\/18\\\/la-classe-moyenne-expliquee-aux-enfants-qui-nous-gouvernent\\\/\"},\"wordCount\":1227,\"commentCount\":0,\"publisher\":{\"@id\":\"https:\\\/\\\/www.geopolitics.fr\\\/#organization\"},\"image\":{\"@id\":\"https:\\\/\\\/www.geopolitics.fr\\\/2024\\\/01\\\/18\\\/la-classe-moyenne-expliquee-aux-enfants-qui-nous-gouvernent\\\/#primaryimage\"},\"thumbnailUrl\":\"https:\\\/\\\/www.geopolitics.fr\\\/wp-content\\\/uploads\\\/2024\\\/01\\\/taxes-copie-1_page-0001.jpg\",\"articleSection\":[\"Actualit\u00e9\",\"Politique\"],\"inLanguage\":\"en-GB\"},{\"@type\":\"WebPage\",\"@id\":\"https:\\\/\\\/www.geopolitics.fr\\\/2024\\\/01\\\/18\\\/la-classe-moyenne-expliquee-aux-enfants-qui-nous-gouvernent\\\/\",\"url\":\"https:\\\/\\\/www.geopolitics.fr\\\/2024\\\/01\\\/18\\\/la-classe-moyenne-expliquee-aux-enfants-qui-nous-gouvernent\\\/\",\"name\":\"La classe moyenne expliqu\u00e9e aux enfants qui nous gouvernent | Geopolitics.fr\",\"isPartOf\":{\"@id\":\"https:\\\/\\\/www.geopolitics.fr\\\/#website\"},\"primaryImageOfPage\":{\"@id\":\"https:\\\/\\\/www.geopolitics.fr\\\/2024\\\/01\\\/18\\\/la-classe-moyenne-expliquee-aux-enfants-qui-nous-gouvernent\\\/#primaryimage\"},\"image\":{\"@id\":\"https:\\\/\\\/www.geopolitics.fr\\\/2024\\\/01\\\/18\\\/la-classe-moyenne-expliquee-aux-enfants-qui-nous-gouvernent\\\/#primaryimage\"},\"thumbnailUrl\":\"https:\\\/\\\/www.geopolitics.fr\\\/wp-content\\\/uploads\\\/2024\\\/01\\\/taxes-copie-1_page-0001.jpg\",\"datePublished\":\"2024-01-18T19:10:00+00:00\",\"dateModified\":\"2024-03-26T21:37:16+00:00\",\"breadcrumb\":{\"@id\":\"https:\\\/\\\/www.geopolitics.fr\\\/2024\\\/01\\\/18\\\/la-classe-moyenne-expliquee-aux-enfants-qui-nous-gouvernent\\\/#breadcrumb\"},\"inLanguage\":\"en-GB\",\"potentialAction\":[{\"@type\":\"ReadAction\",\"target\":[\"https:\\\/\\\/www.geopolitics.fr\\\/2024\\\/01\\\/18\\\/la-classe-moyenne-expliquee-aux-enfants-qui-nous-gouvernent\\\/\"]}]},{\"@type\":\"ImageObject\",\"inLanguage\":\"en-GB\",\"@id\":\"https:\\\/\\\/www.geopolitics.fr\\\/2024\\\/01\\\/18\\\/la-classe-moyenne-expliquee-aux-enfants-qui-nous-gouvernent\\\/#primaryimage\",\"url\":\"https:\\\/\\\/www.geopolitics.fr\\\/wp-content\\\/uploads\\\/2024\\\/01\\\/taxes-copie-1_page-0001.jpg\",\"contentUrl\":\"https:\\\/\\\/www.geopolitics.fr\\\/wp-content\\\/uploads\\\/2024\\\/01\\\/taxes-copie-1_page-0001.jpg\",\"width\":1754,\"height\":1241},{\"@type\":\"BreadcrumbList\",\"@id\":\"https:\\\/\\\/www.geopolitics.fr\\\/2024\\\/01\\\/18\\\/la-classe-moyenne-expliquee-aux-enfants-qui-nous-gouvernent\\\/#breadcrumb\",\"itemListElement\":[{\"@type\":\"ListItem\",\"position\":1,\"name\":\"Accueil\",\"item\":\"https:\\\/\\\/www.geopolitics.fr\\\/\"},{\"@type\":\"ListItem\",\"position\":2,\"name\":\"La classe moyenne expliqu\u00e9e aux enfants qui nous gouvernent\"}]},{\"@type\":\"WebSite\",\"@id\":\"https:\\\/\\\/www.geopolitics.fr\\\/#website\",\"url\":\"https:\\\/\\\/www.geopolitics.fr\\\/\",\"name\":\"Geopolitics.fr\",\"description\":\"Geopolitics.fr Analyse politique, relations internationales, d\u00e9fense - ligne \u00e9ditoriale gaullo-chiraquienne\",\"publisher\":{\"@id\":\"https:\\\/\\\/www.geopolitics.fr\\\/#organization\"},\"potentialAction\":[{\"@type\":\"SearchAction\",\"target\":{\"@type\":\"EntryPoint\",\"urlTemplate\":\"https:\\\/\\\/www.geopolitics.fr\\\/?s={search_term_string}\"},\"query-input\":{\"@type\":\"PropertyValueSpecification\",\"valueRequired\":true,\"valueName\":\"search_term_string\"}}],\"inLanguage\":\"en-GB\"},{\"@type\":\"Organization\",\"@id\":\"https:\\\/\\\/www.geopolitics.fr\\\/#organization\",\"name\":\"Geopolitics.fr\",\"url\":\"https:\\\/\\\/www.geopolitics.fr\\\/\",\"logo\":{\"@type\":\"ImageObject\",\"inLanguage\":\"en-GB\",\"@id\":\"https:\\\/\\\/www.geopolitics.fr\\\/#\\\/schema\\\/logo\\\/image\\\/\",\"url\":\"https:\\\/\\\/www.geopolitics.fr\\\/wp-content\\\/uploads\\\/2024\\\/01\\\/logo.jpg\",\"contentUrl\":\"https:\\\/\\\/www.geopolitics.fr\\\/wp-content\\\/uploads\\\/2024\\\/01\\\/logo.jpg\",\"width\":500,\"height\":500,\"caption\":\"Geopolitics.fr\"},\"image\":{\"@id\":\"https:\\\/\\\/www.geopolitics.fr\\\/#\\\/schema\\\/logo\\\/image\\\/\"},\"sameAs\":[\"https:\\\/\\\/www.facebook.com\\\/people\\\/Erwan-Davoux\\\/61557098968092\\\/\",\"https:\\\/\\\/x.com\\\/Geopolitics_Fr\"]},{\"@type\":\"Person\",\"@id\":\"https:\\\/\\\/www.geopolitics.fr\\\/#\\\/schema\\\/person\\\/9b03d2659c9026d41af2759a55d48505\",\"name\":\"Agrippa\",\"image\":{\"@type\":\"ImageObject\",\"inLanguage\":\"en-GB\",\"@id\":\"https:\\\/\\\/secure.gravatar.com\\\/avatar\\\/acb4af5382290dc3bfde67eb3179621b8e948197f5b9a5ad2c4f001ec1996e56?s=96&d=mm&r=g\",\"url\":\"https:\\\/\\\/secure.gravatar.com\\\/avatar\\\/acb4af5382290dc3bfde67eb3179621b8e948197f5b9a5ad2c4f001ec1996e56?s=96&d=mm&r=g\",\"contentUrl\":\"https:\\\/\\\/secure.gravatar.com\\\/avatar\\\/acb4af5382290dc3bfde67eb3179621b8e948197f5b9a5ad2c4f001ec1996e56?s=96&d=mm&r=g\",\"caption\":\"Agrippa\"},\"url\":\"https:\\\/\\\/www.geopolitics.fr\\\/en\\\/author\\\/agrippa\\\/\"}]}<\/script>\n<!-- \/ Yoast SEO Premium plugin. -->","yoast_head_json":{"title":"La classe moyenne expliqu\u00e9e aux enfants qui nous gouvernent | Geopolitics.fr","robots":{"index":"index","follow":"follow","max-snippet":"max-snippet:-1","max-image-preview":"max-image-preview:large","max-video-preview":"max-video-preview:-1"},"canonical":"https:\/\/www.geopolitics.fr\/en\/2024\/01\/18\/la-classe-moyenne-expliquee-aux-enfants-qui-nous-gouvernent\/","og_locale":"en_GB","og_type":"article","og_title":"La classe moyenne expliqu\u00e9e aux enfants qui nous gouvernent","og_description":"Cl\u00e9menceau disait de la France qu\u2019elle est une terre fertile, car l\u00e0 o\u00f9 l\u2019on plante un fonctionnaire on r\u00e9colte un imp\u00f4t. La&hellip;","og_url":"https:\/\/www.geopolitics.fr\/en\/2024\/01\/18\/la-classe-moyenne-expliquee-aux-enfants-qui-nous-gouvernent\/","og_site_name":"Geopolitics.fr","article_publisher":"https:\/\/www.facebook.com\/people\/Erwan-Davoux\/61557098968092\/","article_published_time":"2024-01-18T19:10:00+00:00","article_modified_time":"2024-03-26T21:37:16+00:00","og_image":[{"width":1754,"height":1241,"url":"https:\/\/www.geopolitics.fr\/wp-content\/uploads\/2024\/01\/taxes-copie-1_page-0001.jpg","type":"image\/jpeg"}],"author":"Agrippa","twitter_card":"summary_large_image","twitter_creator":"@Geopolitics_Fr","twitter_site":"@Geopolitics_Fr","twitter_misc":{"Written by":"Agrippa","Estimated reading time":"6 minutes"},"schema":{"@context":"https:\/\/schema.org","@graph":[{"@type":"Article","@id":"https:\/\/www.geopolitics.fr\/2024\/01\/18\/la-classe-moyenne-expliquee-aux-enfants-qui-nous-gouvernent\/#article","isPartOf":{"@id":"https:\/\/www.geopolitics.fr\/2024\/01\/18\/la-classe-moyenne-expliquee-aux-enfants-qui-nous-gouvernent\/"},"author":{"name":"Agrippa","@id":"https:\/\/www.geopolitics.fr\/#\/schema\/person\/9b03d2659c9026d41af2759a55d48505"},"headline":"La classe moyenne expliqu\u00e9e aux enfants qui nous gouvernent","datePublished":"2024-01-18T19:10:00+00:00","dateModified":"2024-03-26T21:37:16+00:00","mainEntityOfPage":{"@id":"https:\/\/www.geopolitics.fr\/2024\/01\/18\/la-classe-moyenne-expliquee-aux-enfants-qui-nous-gouvernent\/"},"wordCount":1227,"commentCount":0,"publisher":{"@id":"https:\/\/www.geopolitics.fr\/#organization"},"image":{"@id":"https:\/\/www.geopolitics.fr\/2024\/01\/18\/la-classe-moyenne-expliquee-aux-enfants-qui-nous-gouvernent\/#primaryimage"},"thumbnailUrl":"https:\/\/www.geopolitics.fr\/wp-content\/uploads\/2024\/01\/taxes-copie-1_page-0001.jpg","articleSection":["Actualit\u00e9","Politique"],"inLanguage":"en-GB"},{"@type":"WebPage","@id":"https:\/\/www.geopolitics.fr\/2024\/01\/18\/la-classe-moyenne-expliquee-aux-enfants-qui-nous-gouvernent\/","url":"https:\/\/www.geopolitics.fr\/2024\/01\/18\/la-classe-moyenne-expliquee-aux-enfants-qui-nous-gouvernent\/","name":"La classe moyenne expliqu\u00e9e aux enfants qui nous gouvernent | Geopolitics.fr","isPartOf":{"@id":"https:\/\/www.geopolitics.fr\/#website"},"primaryImageOfPage":{"@id":"https:\/\/www.geopolitics.fr\/2024\/01\/18\/la-classe-moyenne-expliquee-aux-enfants-qui-nous-gouvernent\/#primaryimage"},"image":{"@id":"https:\/\/www.geopolitics.fr\/2024\/01\/18\/la-classe-moyenne-expliquee-aux-enfants-qui-nous-gouvernent\/#primaryimage"},"thumbnailUrl":"https:\/\/www.geopolitics.fr\/wp-content\/uploads\/2024\/01\/taxes-copie-1_page-0001.jpg","datePublished":"2024-01-18T19:10:00+00:00","dateModified":"2024-03-26T21:37:16+00:00","breadcrumb":{"@id":"https:\/\/www.geopolitics.fr\/2024\/01\/18\/la-classe-moyenne-expliquee-aux-enfants-qui-nous-gouvernent\/#breadcrumb"},"inLanguage":"en-GB","potentialAction":[{"@type":"ReadAction","target":["https:\/\/www.geopolitics.fr\/2024\/01\/18\/la-classe-moyenne-expliquee-aux-enfants-qui-nous-gouvernent\/"]}]},{"@type":"ImageObject","inLanguage":"en-GB","@id":"https:\/\/www.geopolitics.fr\/2024\/01\/18\/la-classe-moyenne-expliquee-aux-enfants-qui-nous-gouvernent\/#primaryimage","url":"https:\/\/www.geopolitics.fr\/wp-content\/uploads\/2024\/01\/taxes-copie-1_page-0001.jpg","contentUrl":"https:\/\/www.geopolitics.fr\/wp-content\/uploads\/2024\/01\/taxes-copie-1_page-0001.jpg","width":1754,"height":1241},{"@type":"BreadcrumbList","@id":"https:\/\/www.geopolitics.fr\/2024\/01\/18\/la-classe-moyenne-expliquee-aux-enfants-qui-nous-gouvernent\/#breadcrumb","itemListElement":[{"@type":"ListItem","position":1,"name":"Accueil","item":"https:\/\/www.geopolitics.fr\/"},{"@type":"ListItem","position":2,"name":"La classe moyenne expliqu\u00e9e aux enfants qui nous gouvernent"}]},{"@type":"WebSite","@id":"https:\/\/www.geopolitics.fr\/#website","url":"https:\/\/www.geopolitics.fr\/","name":"Geopolitics.fr","description":"Geopolitics.fr Analyse politique, relations internationales, d\u00e9fense - ligne \u00e9ditoriale gaullo-chiraquienne","publisher":{"@id":"https:\/\/www.geopolitics.fr\/#organization"},"potentialAction":[{"@type":"SearchAction","target":{"@type":"EntryPoint","urlTemplate":"https:\/\/www.geopolitics.fr\/?s={search_term_string}"},"query-input":{"@type":"PropertyValueSpecification","valueRequired":true,"valueName":"search_term_string"}}],"inLanguage":"en-GB"},{"@type":"Organization","@id":"https:\/\/www.geopolitics.fr\/#organization","name":"Geopolitics.fr","url":"https:\/\/www.geopolitics.fr\/","logo":{"@type":"ImageObject","inLanguage":"en-GB","@id":"https:\/\/www.geopolitics.fr\/#\/schema\/logo\/image\/","url":"https:\/\/www.geopolitics.fr\/wp-content\/uploads\/2024\/01\/logo.jpg","contentUrl":"https:\/\/www.geopolitics.fr\/wp-content\/uploads\/2024\/01\/logo.jpg","width":500,"height":500,"caption":"Geopolitics.fr"},"image":{"@id":"https:\/\/www.geopolitics.fr\/#\/schema\/logo\/image\/"},"sameAs":["https:\/\/www.facebook.com\/people\/Erwan-Davoux\/61557098968092\/","https:\/\/x.com\/Geopolitics_Fr"]},{"@type":"Person","@id":"https:\/\/www.geopolitics.fr\/#\/schema\/person\/9b03d2659c9026d41af2759a55d48505","name":"Agrippa","image":{"@type":"ImageObject","inLanguage":"en-GB","@id":"https:\/\/secure.gravatar.com\/avatar\/acb4af5382290dc3bfde67eb3179621b8e948197f5b9a5ad2c4f001ec1996e56?s=96&d=mm&r=g","url":"https:\/\/secure.gravatar.com\/avatar\/acb4af5382290dc3bfde67eb3179621b8e948197f5b9a5ad2c4f001ec1996e56?s=96&d=mm&r=g","contentUrl":"https:\/\/secure.gravatar.com\/avatar\/acb4af5382290dc3bfde67eb3179621b8e948197f5b9a5ad2c4f001ec1996e56?s=96&d=mm&r=g","caption":"Agrippa"},"url":"https:\/\/www.geopolitics.fr\/en\/author\/agrippa\/"}]}},"_links":{"self":[{"href":"https:\/\/www.geopolitics.fr\/en\/wp-json\/wp\/v2\/posts\/2086","targetHints":{"allow":["GET"]}}],"collection":[{"href":"https:\/\/www.geopolitics.fr\/en\/wp-json\/wp\/v2\/posts"}],"about":[{"href":"https:\/\/www.geopolitics.fr\/en\/wp-json\/wp\/v2\/types\/post"}],"author":[{"embeddable":true,"href":"https:\/\/www.geopolitics.fr\/en\/wp-json\/wp\/v2\/users\/15"}],"replies":[{"embeddable":true,"href":"https:\/\/www.geopolitics.fr\/en\/wp-json\/wp\/v2\/comments?post=2086"}],"version-history":[{"count":0,"href":"https:\/\/www.geopolitics.fr\/en\/wp-json\/wp\/v2\/posts\/2086\/revisions"}],"wp:featuredmedia":[{"embeddable":true,"href":"https:\/\/www.geopolitics.fr\/en\/wp-json\/wp\/v2\/media\/2087"}],"wp:attachment":[{"href":"https:\/\/www.geopolitics.fr\/en\/wp-json\/wp\/v2\/media?parent=2086"}],"wp:term":[{"taxonomy":"category","embeddable":true,"href":"https:\/\/www.geopolitics.fr\/en\/wp-json\/wp\/v2\/categories?post=2086"},{"taxonomy":"post_tag","embeddable":true,"href":"https:\/\/www.geopolitics.fr\/en\/wp-json\/wp\/v2\/tags?post=2086"}],"curies":[{"name":"wp","href":"https:\/\/api.w.org\/{rel}","templated":true}]}}