{"id":2082,"date":"2024-01-17T18:06:23","date_gmt":"2024-01-17T17:06:23","guid":{"rendered":"https:\/\/www.geopolitics.fr\/?p=2082"},"modified":"2024-03-26T22:41:26","modified_gmt":"2024-03-26T21:41:26","slug":"que-faut-il-en-penser","status":"publish","type":"post","link":"https:\/\/www.geopolitics.fr\/en\/2024\/01\/17\/que-faut-il-en-penser\/","title":{"rendered":"Remaniement minist\u00e9riel ou nouveau gouvernement ?"},"content":{"rendered":"<figure class=\"wp-block-image size-full\"><img fetchpriority=\"high\" decoding=\"async\" width=\"600\" height=\"600\" src=\"https:\/\/www.geopolitics.fr\/wp-content\/uploads\/2024\/01\/backlogo.jpg\" alt=\"\" class=\"wp-image-1963\" srcset=\"https:\/\/www.geopolitics.fr\/wp-content\/uploads\/2024\/01\/backlogo.jpg 600w, https:\/\/www.geopolitics.fr\/wp-content\/uploads\/2024\/01\/backlogo-300x300.jpg 300w, https:\/\/www.geopolitics.fr\/wp-content\/uploads\/2024\/01\/backlogo-100x100.jpg 100w, https:\/\/www.geopolitics.fr\/wp-content\/uploads\/2024\/01\/backlogo-150x150.jpg 150w, https:\/\/www.geopolitics.fr\/wp-content\/uploads\/2024\/01\/backlogo-585x585.jpg 585w\" sizes=\"(max-width: 600px) 100vw, 600px\" \/><\/figure>\n\n\n\n<p class=\"wp-block-paragraph\">&nbsp;Dans mes souvenirs de sciences politiques et de droit constitutionnel, il me semblait que l\u2019on utilisait l\u2019expression de \u00ab&nbsp;remaniement minist\u00e9riel&nbsp;\u00bb lorsqu\u2019on modifiait la structure du gouvernement sans toutefois en toucher la t\u00eate et celle de \u00ab&nbsp;nouveau gouvernement&nbsp;\u00bb pour la nouvelle \u00e9quipe form\u00e9e \u00e0 la suite de la d\u00e9mission du Premier ministre, m\u00eame dans l\u2019hypoth\u00e8se o\u00f9 il serait reconduit dans ses fonctions.<\/p>\n\n\n\n<p class=\"wp-block-paragraph\">Qu\u2019on ait qualifi\u00e9 de remaniement l\u2019op\u00e9ration \u00e0 laquelle on vient d\u2019assister n\u2019est pas sans signification. En effet, que la presse se laisse aller \u00e0 des approximations est bien pardonnable, mais qu\u2019\u00e0 aucun moment, il n\u2019y ait eu de correction s\u00e9mantique officielle, est surprenant. On ne peut croire que c\u2019est par ignorance. Sans doute est-ce parce qu\u2019en v\u00e9rit\u00e9, pas grand-chose n\u2019a chang\u00e9. Nous avons assist\u00e9 \u00e0 un simple jeu des chaises musicales destin\u00e9 \u00e0 se s\u00e9parer d\u2019inconnus ou de f\u00e9lons.<\/p>\n\n\n\n<p class=\"wp-block-paragraph\">En fait on a tout bonnement nomm\u00e9 un nouveau \u00ab&nbsp;faisant fonction&nbsp;\u00bb de Premier ministre puisqu\u2019on sait depuis longtemps que toutes l\u2019essence de l\u2019autorit\u00e9 gouvernementale est concentr\u00e9e entre les mains du grand marionnettiste auquel tous les ministres sont reli\u00e9s par des fils, qu\u2019il raccourcit ou coupe \u00e0 sa guise, pr\u00e9cipitant dans le n\u00e9ant de la disgr\u00e2ce ceux qui ont d\u00e9plu.<\/p>\n\n\n\n<p class=\"wp-block-paragraph\">Tout ceci traduit moins le changement dans la continuit\u00e9 que le dynamisme dans l\u2019immobilit\u00e9 Ce n\u2019est plus la politique du tango mais celle du Madison (puisqu\u2019une touche anglosaxonne est de bon aloi)&nbsp;: quelques pas en avant, en arri\u00e8re, de c\u00f4t\u00e9, on tape dans les mains et on recommence pour revenir au point de d\u00e9part en ayant eu la sensation d\u2019avoir avanc\u00e9 alors qu\u2019on est rest\u00e9 quasiment sur place.<\/p>\n\n\n\n<p class=\"wp-block-paragraph\">Pourtant ce n\u2019est pas faute de s\u2019\u00eatre donn\u00e9 le temps de la r\u00e9flexion. Voil\u00e0 des semaines qu\u2019on nous met sous pression, que nous sommes en haleine \u00e0 l\u2019attente d\u2019un \u00e9v\u00e9nement de port\u00e9e majeure. A d\u00e9faut de la renverser, on s\u2019est born\u00e9 \u00e0 r\u00e9tr\u00e9cir la table du conseil des ministres&nbsp;: tous les membres du Gouvernement \u00e9tant physiquement \u00ab&nbsp;\u00e0 port\u00e9e de baffe&nbsp;\u00bb. C\u2019est dire que dans cet entre-soi, on continuera \u00e0 faire de la petite politique \u00e9triqu\u00e9e, sans grandeur, sans envergure, de la petite soupe qui mijotera \u00e0 petit bouillon.<\/p>\n\n\n\n<p class=\"wp-block-paragraph\">PAR CYRANO<\/p>","protected":false},"excerpt":{"rendered":"<p>&nbsp;Dans mes souvenirs de sciences politiques et de droit constitutionnel, il me semblait que l\u2019on utilisait l\u2019expression de \u00ab&nbsp;remaniement minist\u00e9riel&nbsp;\u00bb lorsqu\u2019on modifiait&hellip;<\/p>","protected":false},"author":9,"featured_media":2176,"comment_status":"open","ping_status":"open","sticky":false,"template":"","format":"standard","meta":{"_lmt_disableupdate":"","_lmt_disable":"","footnotes":""},"categories":[41,3],"tags":[],"class_list":["post-2082","post","type-post","status-publish","format-standard","has-post-thumbnail","hentry","category-actualite","category-politique"],"yoast_head":"<!-- This site is optimized with the Yoast SEO Premium plugin v28.1 (Yoast SEO v28.1) - https:\/\/yoast.com\/product\/yoast-seo-premium-wordpress\/ -->\n<title>Remaniement minist\u00e9riel ou nouveau gouvernement ? | Geopolitics.fr<\/title>\n<meta name=\"robots\" content=\"index, follow, max-snippet:-1, max-image-preview:large, max-video-preview:-1\" \/>\n<link rel=\"canonical\" href=\"https:\/\/www.geopolitics.fr\/en\/2024\/01\/17\/que-faut-il-en-penser\/\" \/>\n<meta property=\"og:locale\" content=\"en_GB\" \/>\n<meta property=\"og:type\" content=\"article\" \/>\n<meta property=\"og:title\" content=\"Remaniement minist\u00e9riel ou nouveau gouvernement ?\" \/>\n<meta property=\"og:description\" content=\"&nbsp;Dans mes souvenirs de sciences politiques et de droit constitutionnel, il me semblait que l\u2019on utilisait l\u2019expression de \u00ab&nbsp;remaniement minist\u00e9riel&nbsp;\u00bb lorsqu\u2019on modifiait&hellip;\" \/>\n<meta property=\"og:url\" content=\"https:\/\/www.geopolitics.fr\/en\/2024\/01\/17\/que-faut-il-en-penser\/\" \/>\n<meta property=\"og:site_name\" content=\"Geopolitics.fr\" \/>\n<meta property=\"article:publisher\" content=\"https:\/\/www.facebook.com\/people\/Erwan-Davoux\/61557098968092\/\" \/>\n<meta property=\"article:published_time\" content=\"2024-01-17T17:06:23+00:00\" \/>\n<meta property=\"article:modified_time\" content=\"2024-03-26T21:41:26+00:00\" \/>\n<meta property=\"og:image\" content=\"https:\/\/www.geopolitics.fr\/wp-content\/uploads\/2024\/01\/edito-bonne-banniere.jpg\" \/>\n\t<meta property=\"og:image:width\" content=\"600\" \/>\n\t<meta property=\"og:image:height\" content=\"600\" \/>\n\t<meta property=\"og:image:type\" content=\"image\/jpeg\" \/>\n<meta name=\"author\" content=\"contact@geopolitics.fr\" \/>\n<meta name=\"twitter:card\" content=\"summary_large_image\" \/>\n<meta name=\"twitter:creator\" content=\"@Geopolitics_Fr\" \/>\n<meta name=\"twitter:site\" content=\"@Geopolitics_Fr\" \/>\n<meta name=\"twitter:label1\" content=\"Written by\" \/>\n\t<meta name=\"twitter:data1\" content=\"contact@geopolitics.fr\" \/>\n\t<meta name=\"twitter:label2\" content=\"Estimated reading time\" \/>\n\t<meta name=\"twitter:data2\" content=\"3 minutes\" \/>\n<script type=\"application\/ld+json\" class=\"yoast-schema-graph\">{\"@context\":\"https:\\\/\\\/schema.org\",\"@graph\":[{\"@type\":\"Article\",\"@id\":\"https:\\\/\\\/www.geopolitics.fr\\\/2024\\\/01\\\/17\\\/que-faut-il-en-penser\\\/#article\",\"isPartOf\":{\"@id\":\"https:\\\/\\\/www.geopolitics.fr\\\/2024\\\/01\\\/17\\\/que-faut-il-en-penser\\\/\"},\"author\":{\"name\":\"contact@geopolitics.fr\",\"@id\":\"https:\\\/\\\/www.geopolitics.fr\\\/#\\\/schema\\\/person\\\/69dde260ad11805e2aa68f0d9e9128da\"},\"headline\":\"Remaniement minist\u00e9riel ou nouveau gouvernement ?\",\"datePublished\":\"2024-01-17T17:06:23+00:00\",\"dateModified\":\"2024-03-26T21:41:26+00:00\",\"mainEntityOfPage\":{\"@id\":\"https:\\\/\\\/www.geopolitics.fr\\\/2024\\\/01\\\/17\\\/que-faut-il-en-penser\\\/\"},\"wordCount\":420,\"commentCount\":0,\"publisher\":{\"@id\":\"https:\\\/\\\/www.geopolitics.fr\\\/#organization\"},\"image\":{\"@id\":\"https:\\\/\\\/www.geopolitics.fr\\\/2024\\\/01\\\/17\\\/que-faut-il-en-penser\\\/#primaryimage\"},\"thumbnailUrl\":\"https:\\\/\\\/www.geopolitics.fr\\\/wp-content\\\/uploads\\\/2024\\\/01\\\/edito-bonne-banniere.jpg\",\"articleSection\":[\"Actualit\u00e9\",\"Politique\"],\"inLanguage\":\"en-GB\"},{\"@type\":\"WebPage\",\"@id\":\"https:\\\/\\\/www.geopolitics.fr\\\/2024\\\/01\\\/17\\\/que-faut-il-en-penser\\\/\",\"url\":\"https:\\\/\\\/www.geopolitics.fr\\\/2024\\\/01\\\/17\\\/que-faut-il-en-penser\\\/\",\"name\":\"Remaniement minist\u00e9riel ou nouveau gouvernement ? | Geopolitics.fr\",\"isPartOf\":{\"@id\":\"https:\\\/\\\/www.geopolitics.fr\\\/#website\"},\"primaryImageOfPage\":{\"@id\":\"https:\\\/\\\/www.geopolitics.fr\\\/2024\\\/01\\\/17\\\/que-faut-il-en-penser\\\/#primaryimage\"},\"image\":{\"@id\":\"https:\\\/\\\/www.geopolitics.fr\\\/2024\\\/01\\\/17\\\/que-faut-il-en-penser\\\/#primaryimage\"},\"thumbnailUrl\":\"https:\\\/\\\/www.geopolitics.fr\\\/wp-content\\\/uploads\\\/2024\\\/01\\\/edito-bonne-banniere.jpg\",\"datePublished\":\"2024-01-17T17:06:23+00:00\",\"dateModified\":\"2024-03-26T21:41:26+00:00\",\"breadcrumb\":{\"@id\":\"https:\\\/\\\/www.geopolitics.fr\\\/2024\\\/01\\\/17\\\/que-faut-il-en-penser\\\/#breadcrumb\"},\"inLanguage\":\"en-GB\",\"potentialAction\":[{\"@type\":\"ReadAction\",\"target\":[\"https:\\\/\\\/www.geopolitics.fr\\\/2024\\\/01\\\/17\\\/que-faut-il-en-penser\\\/\"]}]},{\"@type\":\"ImageObject\",\"inLanguage\":\"en-GB\",\"@id\":\"https:\\\/\\\/www.geopolitics.fr\\\/2024\\\/01\\\/17\\\/que-faut-il-en-penser\\\/#primaryimage\",\"url\":\"https:\\\/\\\/www.geopolitics.fr\\\/wp-content\\\/uploads\\\/2024\\\/01\\\/edito-bonne-banniere.jpg\",\"contentUrl\":\"https:\\\/\\\/www.geopolitics.fr\\\/wp-content\\\/uploads\\\/2024\\\/01\\\/edito-bonne-banniere.jpg\",\"width\":600,\"height\":600},{\"@type\":\"BreadcrumbList\",\"@id\":\"https:\\\/\\\/www.geopolitics.fr\\\/2024\\\/01\\\/17\\\/que-faut-il-en-penser\\\/#breadcrumb\",\"itemListElement\":[{\"@type\":\"ListItem\",\"position\":1,\"name\":\"Accueil\",\"item\":\"https:\\\/\\\/www.geopolitics.fr\\\/\"},{\"@type\":\"ListItem\",\"position\":2,\"name\":\"Remaniement minist\u00e9riel ou nouveau gouvernement ?\"}]},{\"@type\":\"WebSite\",\"@id\":\"https:\\\/\\\/www.geopolitics.fr\\\/#website\",\"url\":\"https:\\\/\\\/www.geopolitics.fr\\\/\",\"name\":\"Geopolitics.fr\",\"description\":\"Geopolitics.fr Analyse politique, relations internationales, d\u00e9fense - ligne \u00e9ditoriale gaullo-chiraquienne\",\"publisher\":{\"@id\":\"https:\\\/\\\/www.geopolitics.fr\\\/#organization\"},\"potentialAction\":[{\"@type\":\"SearchAction\",\"target\":{\"@type\":\"EntryPoint\",\"urlTemplate\":\"https:\\\/\\\/www.geopolitics.fr\\\/?s={search_term_string}\"},\"query-input\":{\"@type\":\"PropertyValueSpecification\",\"valueRequired\":true,\"valueName\":\"search_term_string\"}}],\"inLanguage\":\"en-GB\"},{\"@type\":\"Organization\",\"@id\":\"https:\\\/\\\/www.geopolitics.fr\\\/#organization\",\"name\":\"Geopolitics.fr\",\"url\":\"https:\\\/\\\/www.geopolitics.fr\\\/\",\"logo\":{\"@type\":\"ImageObject\",\"inLanguage\":\"en-GB\",\"@id\":\"https:\\\/\\\/www.geopolitics.fr\\\/#\\\/schema\\\/logo\\\/image\\\/\",\"url\":\"https:\\\/\\\/www.geopolitics.fr\\\/wp-content\\\/uploads\\\/2024\\\/01\\\/logo.jpg\",\"contentUrl\":\"https:\\\/\\\/www.geopolitics.fr\\\/wp-content\\\/uploads\\\/2024\\\/01\\\/logo.jpg\",\"width\":500,\"height\":500,\"caption\":\"Geopolitics.fr\"},\"image\":{\"@id\":\"https:\\\/\\\/www.geopolitics.fr\\\/#\\\/schema\\\/logo\\\/image\\\/\"},\"sameAs\":[\"https:\\\/\\\/www.facebook.com\\\/people\\\/Erwan-Davoux\\\/61557098968092\\\/\",\"https:\\\/\\\/x.com\\\/Geopolitics_Fr\"]},{\"@type\":\"Person\",\"@id\":\"https:\\\/\\\/www.geopolitics.fr\\\/#\\\/schema\\\/person\\\/69dde260ad11805e2aa68f0d9e9128da\",\"name\":\"contact@geopolitics.fr\",\"image\":{\"@type\":\"ImageObject\",\"inLanguage\":\"en-GB\",\"@id\":\"https:\\\/\\\/www.geopolitics.fr\\\/wp-content\\\/uploads\\\/2024\\\/01\\\/edito-bonne-banniere-96x96.jpg\",\"url\":\"https:\\\/\\\/www.geopolitics.fr\\\/wp-content\\\/uploads\\\/2024\\\/01\\\/edito-bonne-banniere-96x96.jpg\",\"contentUrl\":\"https:\\\/\\\/www.geopolitics.fr\\\/wp-content\\\/uploads\\\/2024\\\/01\\\/edito-bonne-banniere-96x96.jpg\",\"caption\":\"contact@geopolitics.fr\"},\"url\":\"https:\\\/\\\/www.geopolitics.fr\\\/en\\\/author\\\/contactgeopolitics-fr\\\/\"}]}<\/script>\n<!-- \/ Yoast SEO Premium plugin. -->","yoast_head_json":{"title":"Remaniement minist\u00e9riel ou nouveau gouvernement ? | Geopolitics.fr","robots":{"index":"index","follow":"follow","max-snippet":"max-snippet:-1","max-image-preview":"max-image-preview:large","max-video-preview":"max-video-preview:-1"},"canonical":"https:\/\/www.geopolitics.fr\/en\/2024\/01\/17\/que-faut-il-en-penser\/","og_locale":"en_GB","og_type":"article","og_title":"Remaniement minist\u00e9riel ou nouveau gouvernement ?","og_description":"&nbsp;Dans mes souvenirs de sciences politiques et de droit constitutionnel, il me semblait que l\u2019on utilisait l\u2019expression de \u00ab&nbsp;remaniement minist\u00e9riel&nbsp;\u00bb lorsqu\u2019on modifiait&hellip;","og_url":"https:\/\/www.geopolitics.fr\/en\/2024\/01\/17\/que-faut-il-en-penser\/","og_site_name":"Geopolitics.fr","article_publisher":"https:\/\/www.facebook.com\/people\/Erwan-Davoux\/61557098968092\/","article_published_time":"2024-01-17T17:06:23+00:00","article_modified_time":"2024-03-26T21:41:26+00:00","og_image":[{"width":600,"height":600,"url":"https:\/\/www.geopolitics.fr\/wp-content\/uploads\/2024\/01\/edito-bonne-banniere.jpg","type":"image\/jpeg"}],"author":"contact@geopolitics.fr","twitter_card":"summary_large_image","twitter_creator":"@Geopolitics_Fr","twitter_site":"@Geopolitics_Fr","twitter_misc":{"Written by":"contact@geopolitics.fr","Estimated reading time":"3 minutes"},"schema":{"@context":"https:\/\/schema.org","@graph":[{"@type":"Article","@id":"https:\/\/www.geopolitics.fr\/2024\/01\/17\/que-faut-il-en-penser\/#article","isPartOf":{"@id":"https:\/\/www.geopolitics.fr\/2024\/01\/17\/que-faut-il-en-penser\/"},"author":{"name":"contact@geopolitics.fr","@id":"https:\/\/www.geopolitics.fr\/#\/schema\/person\/69dde260ad11805e2aa68f0d9e9128da"},"headline":"Remaniement minist\u00e9riel ou nouveau gouvernement ?","datePublished":"2024-01-17T17:06:23+00:00","dateModified":"2024-03-26T21:41:26+00:00","mainEntityOfPage":{"@id":"https:\/\/www.geopolitics.fr\/2024\/01\/17\/que-faut-il-en-penser\/"},"wordCount":420,"commentCount":0,"publisher":{"@id":"https:\/\/www.geopolitics.fr\/#organization"},"image":{"@id":"https:\/\/www.geopolitics.fr\/2024\/01\/17\/que-faut-il-en-penser\/#primaryimage"},"thumbnailUrl":"https:\/\/www.geopolitics.fr\/wp-content\/uploads\/2024\/01\/edito-bonne-banniere.jpg","articleSection":["Actualit\u00e9","Politique"],"inLanguage":"en-GB"},{"@type":"WebPage","@id":"https:\/\/www.geopolitics.fr\/2024\/01\/17\/que-faut-il-en-penser\/","url":"https:\/\/www.geopolitics.fr\/2024\/01\/17\/que-faut-il-en-penser\/","name":"Remaniement minist\u00e9riel ou nouveau gouvernement ? | Geopolitics.fr","isPartOf":{"@id":"https:\/\/www.geopolitics.fr\/#website"},"primaryImageOfPage":{"@id":"https:\/\/www.geopolitics.fr\/2024\/01\/17\/que-faut-il-en-penser\/#primaryimage"},"image":{"@id":"https:\/\/www.geopolitics.fr\/2024\/01\/17\/que-faut-il-en-penser\/#primaryimage"},"thumbnailUrl":"https:\/\/www.geopolitics.fr\/wp-content\/uploads\/2024\/01\/edito-bonne-banniere.jpg","datePublished":"2024-01-17T17:06:23+00:00","dateModified":"2024-03-26T21:41:26+00:00","breadcrumb":{"@id":"https:\/\/www.geopolitics.fr\/2024\/01\/17\/que-faut-il-en-penser\/#breadcrumb"},"inLanguage":"en-GB","potentialAction":[{"@type":"ReadAction","target":["https:\/\/www.geopolitics.fr\/2024\/01\/17\/que-faut-il-en-penser\/"]}]},{"@type":"ImageObject","inLanguage":"en-GB","@id":"https:\/\/www.geopolitics.fr\/2024\/01\/17\/que-faut-il-en-penser\/#primaryimage","url":"https:\/\/www.geopolitics.fr\/wp-content\/uploads\/2024\/01\/edito-bonne-banniere.jpg","contentUrl":"https:\/\/www.geopolitics.fr\/wp-content\/uploads\/2024\/01\/edito-bonne-banniere.jpg","width":600,"height":600},{"@type":"BreadcrumbList","@id":"https:\/\/www.geopolitics.fr\/2024\/01\/17\/que-faut-il-en-penser\/#breadcrumb","itemListElement":[{"@type":"ListItem","position":1,"name":"Accueil","item":"https:\/\/www.geopolitics.fr\/"},{"@type":"ListItem","position":2,"name":"Remaniement minist\u00e9riel ou nouveau gouvernement ?"}]},{"@type":"WebSite","@id":"https:\/\/www.geopolitics.fr\/#website","url":"https:\/\/www.geopolitics.fr\/","name":"Geopolitics.fr","description":"Geopolitics.fr Analyse politique, relations internationales, d\u00e9fense - ligne \u00e9ditoriale gaullo-chiraquienne","publisher":{"@id":"https:\/\/www.geopolitics.fr\/#organization"},"potentialAction":[{"@type":"SearchAction","target":{"@type":"EntryPoint","urlTemplate":"https:\/\/www.geopolitics.fr\/?s={search_term_string}"},"query-input":{"@type":"PropertyValueSpecification","valueRequired":true,"valueName":"search_term_string"}}],"inLanguage":"en-GB"},{"@type":"Organization","@id":"https:\/\/www.geopolitics.fr\/#organization","name":"Geopolitics.fr","url":"https:\/\/www.geopolitics.fr\/","logo":{"@type":"ImageObject","inLanguage":"en-GB","@id":"https:\/\/www.geopolitics.fr\/#\/schema\/logo\/image\/","url":"https:\/\/www.geopolitics.fr\/wp-content\/uploads\/2024\/01\/logo.jpg","contentUrl":"https:\/\/www.geopolitics.fr\/wp-content\/uploads\/2024\/01\/logo.jpg","width":500,"height":500,"caption":"Geopolitics.fr"},"image":{"@id":"https:\/\/www.geopolitics.fr\/#\/schema\/logo\/image\/"},"sameAs":["https:\/\/www.facebook.com\/people\/Erwan-Davoux\/61557098968092\/","https:\/\/x.com\/Geopolitics_Fr"]},{"@type":"Person","@id":"https:\/\/www.geopolitics.fr\/#\/schema\/person\/69dde260ad11805e2aa68f0d9e9128da","name":"contact@geopolitics.fr","image":{"@type":"ImageObject","inLanguage":"en-GB","@id":"https:\/\/www.geopolitics.fr\/wp-content\/uploads\/2024\/01\/edito-bonne-banniere-96x96.jpg","url":"https:\/\/www.geopolitics.fr\/wp-content\/uploads\/2024\/01\/edito-bonne-banniere-96x96.jpg","contentUrl":"https:\/\/www.geopolitics.fr\/wp-content\/uploads\/2024\/01\/edito-bonne-banniere-96x96.jpg","caption":"contact@geopolitics.fr"},"url":"https:\/\/www.geopolitics.fr\/en\/author\/contactgeopolitics-fr\/"}]}},"_links":{"self":[{"href":"https:\/\/www.geopolitics.fr\/en\/wp-json\/wp\/v2\/posts\/2082","targetHints":{"allow":["GET"]}}],"collection":[{"href":"https:\/\/www.geopolitics.fr\/en\/wp-json\/wp\/v2\/posts"}],"about":[{"href":"https:\/\/www.geopolitics.fr\/en\/wp-json\/wp\/v2\/types\/post"}],"author":[{"embeddable":true,"href":"https:\/\/www.geopolitics.fr\/en\/wp-json\/wp\/v2\/users\/9"}],"replies":[{"embeddable":true,"href":"https:\/\/www.geopolitics.fr\/en\/wp-json\/wp\/v2\/comments?post=2082"}],"version-history":[{"count":0,"href":"https:\/\/www.geopolitics.fr\/en\/wp-json\/wp\/v2\/posts\/2082\/revisions"}],"wp:featuredmedia":[{"embeddable":true,"href":"https:\/\/www.geopolitics.fr\/en\/wp-json\/wp\/v2\/media\/2176"}],"wp:attachment":[{"href":"https:\/\/www.geopolitics.fr\/en\/wp-json\/wp\/v2\/media?parent=2082"}],"wp:term":[{"taxonomy":"category","embeddable":true,"href":"https:\/\/www.geopolitics.fr\/en\/wp-json\/wp\/v2\/categories?post=2082"},{"taxonomy":"post_tag","embeddable":true,"href":"https:\/\/www.geopolitics.fr\/en\/wp-json\/wp\/v2\/tags?post=2082"}],"curies":[{"name":"wp","href":"https:\/\/api.w.org\/{rel}","templated":true}]}}