{"id":2076,"date":"2024-01-17T12:39:43","date_gmt":"2024-01-17T11:39:43","guid":{"rendered":"https:\/\/www.geopolitics.fr\/?p=2076"},"modified":"2024-03-26T22:43:40","modified_gmt":"2024-03-26T21:43:40","slug":"retour-sur-le-discours-de-politique-generale-demmanuel-macron","status":"publish","type":"post","link":"https:\/\/www.geopolitics.fr\/en\/2024\/01\/17\/retour-sur-le-discours-de-politique-generale-demmanuel-macron\/","title":{"rendered":"Retour sur le discours de politique g\u00e9n\u00e9rale d&rsquo;Emmanuel Macron"},"content":{"rendered":"<h3 class=\"wp-block-heading has-medium-font-size\"><strong>Disons-le clairement, ce n\u2019est pas \u00e0 une conf\u00e9rence de presse de niveau pr\u00e9sidentiel, telles qu\u2019ont pu les mener les pr\u00e9d\u00e9cesseurs d&rsquo;Emmanuel Macron, \u00e0 laquelle nous avons assist\u00e9.<\/strong><\/h3>\n\n\n\n<p class=\"has-medium-font-size wp-block-paragraph\"><strong>Emmanuel Macron a effectu\u00e9 un discours de politique g\u00e9n\u00e9ral<\/strong>, r\u00e9ussi par certains aspects (la maitrise des dossiers, les champs trait\u00e9s), rat\u00e9s par d\u2019autres. En effet, un tel exercice se fait lors de la prise de fonction, pas apr\u00e8s quasiment sept ans d\u2019exercice du pouvoir. Pour tenter de dissimuler le bilan, le Pr\u00e9sident a eu recours \u00e0 quelques subterfuges. Les classiques, charger ses pr\u00e9d\u00e9cesseurs, notamment Fran\u00e7ois Hollande. <strong>Plus sophistiqu\u00e9s sont ses propos sur la question de la hausse du co\u00fbt de l\u2019\u00e9lectricit\u00e9.<\/strong> Enrob\u00e9s dans un rideau de fum\u00e9e afin que personne n\u2019y comprenne rien (ou le moins possible), on croit comprendre que le retour \u00e0 \u00ab&nbsp;la normalit\u00e9&nbsp;\u00bb signifie hausse massive. Mais ce sera au gouvernement de faire passer la pilule aux Fran\u00e7ais.<\/p>\n\n\n\n<p class=\"has-medium-font-size wp-block-paragraph\"><strong>Cruel pour ce gouvernement<\/strong> qui, \u00e0 d\u00e9faut de la moindre annonce tous les champs ayant \u00e9t\u00e9 trait\u00e9s (que pourra ajouter Gabriel Attal lors de son discours de politique g\u00e9n\u00e9rale&nbsp;?), est charg\u00e9 de porter les mauvaises nouvelles. <strong>Fonder la strat\u00e9gie de pouvoir d&rsquo;achat sur un hypoth\u00e9tique ralentissement de l&rsquo;inflation para\u00eet bien fragile et al\u00e9atoire alors qu&rsquo;il s&rsquo;agit de la principale pr\u00e9occupation des Fran\u00e7ais.<\/strong><\/p>\n\n\n\n<p class=\"has-medium-font-size wp-block-paragraph\">Concernant les \u00e9meutes in\u00e9dites connues par notre pays au mois de juin (Pierre Brochand, ancien DGSE, avait estim\u00e9 que le \u00ab&nbsp;pronostic vital du pays \u00e9tait engag\u00e9&nbsp;\u00bb et que jamais on n\u2019avait connu une nombre aussi important d\u2019\u00e9meutiers depuis la R\u00e9volution Fran\u00e7aise), Emmanuel Macron les aura attribu\u00e9es <strong>\u00e0 l\u2019\u00aboisivet\u00e9&nbsp;\u00bb des coll\u00e9giens, niant une fois de plus l\u2019ampleur de la crise politique que traverse notre pays<\/strong>.<\/p>\n\n\n\n<p class=\"has-medium-font-size wp-block-paragraph\"><strong>Sans surprise, c\u2019est en politique \u00e9trang\u00e8re qu\u2019Emmanuel Macron qu&rsquo;aura \u00e9t\u00e9 le moins convaincant<\/strong>. Sur le conflit au Proche-Orient pour lequel personne n\u2019attend plus rien de la France tant sa parole est illisible et donc sans influence, Emmanuel Macron s\u2019est content\u00e9 de s\u2019auto-congratuler pour l\u2019aide humanitaire apport\u00e9e aux populations civiles de la bande de Gaza. A aucun moment il n\u2019a \u00e9voqu\u00e9 une riposte \u00ab&nbsp;disproportionn\u00e9e&nbsp;\u00bb ou n\u2019a \u00e9voqu\u00e9 la possibilit\u00e9 de faire montre de fermet\u00e9 avec le gouvernement Netanyahou. <strong>Il oublie vite que l\u2019aide humanitaire sans politique de pression concomitante ne sert qu\u2019\u00e0 laisser le terrain libre au plus fort<\/strong>. Selon lui, le 7octobre justifie tout, comme si la situation qui pr\u00e9valait auparavant \u00e9tait tenable et comme si le terrorisme perp\u00e9tr\u00e9 par le Hamas le 7 octobre excusait que les militaires d\u2019une arm\u00e9e r\u00e9guli\u00e8re se livrent \u00e0 des massacres de populations civiles. Enfin, rappelant l\u2019attachement de la France \u00e0 la souverainet\u00e9 et l\u2019int\u00e9grit\u00e9 du Liban<strong>, il n\u2019a pas d\u00e9livr\u00e9 le mode op\u00e9ratoire pour y parvenir si ce n\u2019est des entretiens t\u00e9l\u00e9phoniques<\/strong>. Emmanuel Macron a d\u00e9clar\u00e9 qu'\u00a0\u00bbil n\u2019y avait pas de risque d\u2019effacement, que notre diplomatie \u00e9tait forte et pas align\u00e9e\u00a0\u00bb. Probablement le moment le plus dr\u00f4le de cette longue conf\u00e9rence de presse tant la r\u00e9alit\u00e9 est l\u2019exact oppos\u00e9. <strong>D\u00e9classement vertigineux en quelques ann\u00e9es et alignement total sur les Etats-Unis.<\/strong><\/p>\n\n\n\n<p class=\"has-medium-font-size wp-block-paragraph\">Il n\u2019y avait dans ce show ni vision de la France dans les 10 ou 20 ann\u00e9es \u00e0 venir, ni souffle. En r\u00e9alit\u00e9 rien de ce que l\u2019on attend d\u2019un Pr\u00e9sident de la R\u00e9publique \u00ab&nbsp;l\u2019homme en charge de l\u2019essentiel&nbsp;\u00bb selon le G\u00e9n\u00e9ral de Gaulle. <strong>Emmanuel Macron dirige la France comme un PDG le ferait de son Conseil d\u2019Administration.<\/strong> Des th\u00e8mes d\u00e9clin\u00e9s, des chiffres, des bons et des mauvais points. Sans encrage politico-historique, <strong>sans passion pour la France et les Fran\u00e7ais<\/strong>.<\/p>","protected":false},"excerpt":{"rendered":"<p>Disons-le clairement, ce n\u2019est pas \u00e0 une conf\u00e9rence de presse de niveau pr\u00e9sidentiel, telles qu\u2019ont pu les mener les pr\u00e9d\u00e9cesseurs d&rsquo;Emmanuel Macron,&hellip;<\/p>","protected":false},"author":9,"featured_media":1963,"comment_status":"open","ping_status":"open","sticky":false,"template":"","format":"standard","meta":{"_lmt_disableupdate":"","_lmt_disable":"","footnotes":""},"categories":[34,3],"tags":[],"class_list":["post-2076","post","type-post","status-publish","format-standard","has-post-thumbnail","hentry","category-editorial","category-politique"],"yoast_head":"<!-- This site is optimized with the Yoast SEO Premium plugin v28.1 (Yoast SEO v28.1) - https:\/\/yoast.com\/product\/yoast-seo-premium-wordpress\/ -->\n<title>Retour sur le discours de politique g\u00e9n\u00e9rale d&#039;Emmanuel Macron | Geopolitics.fr<\/title>\n<meta name=\"robots\" content=\"index, follow, max-snippet:-1, max-image-preview:large, max-video-preview:-1\" \/>\n<link rel=\"canonical\" href=\"https:\/\/www.geopolitics.fr\/en\/2024\/01\/17\/retour-sur-le-discours-de-politique-generale-demmanuel-macron\/\" \/>\n<meta property=\"og:locale\" content=\"en_GB\" \/>\n<meta property=\"og:type\" content=\"article\" \/>\n<meta property=\"og:title\" content=\"Retour sur le discours de politique g\u00e9n\u00e9rale d&#039;Emmanuel Macron\" \/>\n<meta property=\"og:description\" content=\"Disons-le clairement, ce n\u2019est pas \u00e0 une conf\u00e9rence de presse de niveau pr\u00e9sidentiel, telles qu\u2019ont pu les mener les pr\u00e9d\u00e9cesseurs d&rsquo;Emmanuel Macron,&hellip;\" \/>\n<meta property=\"og:url\" content=\"https:\/\/www.geopolitics.fr\/en\/2024\/01\/17\/retour-sur-le-discours-de-politique-generale-demmanuel-macron\/\" \/>\n<meta property=\"og:site_name\" content=\"Geopolitics.fr\" \/>\n<meta property=\"article:publisher\" content=\"https:\/\/www.facebook.com\/people\/Erwan-Davoux\/61557098968092\/\" \/>\n<meta property=\"article:published_time\" content=\"2024-01-17T11:39:43+00:00\" \/>\n<meta property=\"article:modified_time\" content=\"2024-03-26T21:43:40+00:00\" \/>\n<meta property=\"og:image\" content=\"https:\/\/www.geopolitics.fr\/wp-content\/uploads\/2024\/01\/backlogo.jpg\" \/>\n\t<meta property=\"og:image:width\" content=\"600\" \/>\n\t<meta property=\"og:image:height\" content=\"600\" \/>\n\t<meta property=\"og:image:type\" content=\"image\/jpeg\" \/>\n<meta name=\"author\" content=\"contact@geopolitics.fr\" \/>\n<meta name=\"twitter:card\" content=\"summary_large_image\" \/>\n<meta name=\"twitter:creator\" content=\"@Geopolitics_Fr\" \/>\n<meta name=\"twitter:site\" content=\"@Geopolitics_Fr\" \/>\n<meta name=\"twitter:label1\" content=\"Written by\" \/>\n\t<meta name=\"twitter:data1\" content=\"contact@geopolitics.fr\" \/>\n\t<meta name=\"twitter:label2\" content=\"Estimated reading time\" \/>\n\t<meta name=\"twitter:data2\" content=\"4 minutes\" \/>\n<script type=\"application\/ld+json\" class=\"yoast-schema-graph\">{\"@context\":\"https:\\\/\\\/schema.org\",\"@graph\":[{\"@type\":\"Article\",\"@id\":\"https:\\\/\\\/www.geopolitics.fr\\\/2024\\\/01\\\/17\\\/retour-sur-le-discours-de-politique-generale-demmanuel-macron\\\/#article\",\"isPartOf\":{\"@id\":\"https:\\\/\\\/www.geopolitics.fr\\\/2024\\\/01\\\/17\\\/retour-sur-le-discours-de-politique-generale-demmanuel-macron\\\/\"},\"author\":{\"name\":\"contact@geopolitics.fr\",\"@id\":\"https:\\\/\\\/www.geopolitics.fr\\\/#\\\/schema\\\/person\\\/69dde260ad11805e2aa68f0d9e9128da\"},\"headline\":\"Retour sur le discours de politique g\u00e9n\u00e9rale d&rsquo;Emmanuel Macron\",\"datePublished\":\"2024-01-17T11:39:43+00:00\",\"dateModified\":\"2024-03-26T21:43:40+00:00\",\"mainEntityOfPage\":{\"@id\":\"https:\\\/\\\/www.geopolitics.fr\\\/2024\\\/01\\\/17\\\/retour-sur-le-discours-de-politique-generale-demmanuel-macron\\\/\"},\"wordCount\":685,\"commentCount\":0,\"publisher\":{\"@id\":\"https:\\\/\\\/www.geopolitics.fr\\\/#organization\"},\"image\":{\"@id\":\"https:\\\/\\\/www.geopolitics.fr\\\/2024\\\/01\\\/17\\\/retour-sur-le-discours-de-politique-generale-demmanuel-macron\\\/#primaryimage\"},\"thumbnailUrl\":\"https:\\\/\\\/www.geopolitics.fr\\\/wp-content\\\/uploads\\\/2024\\\/01\\\/backlogo.jpg\",\"articleSection\":[\"Editorial\",\"Politique\"],\"inLanguage\":\"en-GB\"},{\"@type\":\"WebPage\",\"@id\":\"https:\\\/\\\/www.geopolitics.fr\\\/2024\\\/01\\\/17\\\/retour-sur-le-discours-de-politique-generale-demmanuel-macron\\\/\",\"url\":\"https:\\\/\\\/www.geopolitics.fr\\\/2024\\\/01\\\/17\\\/retour-sur-le-discours-de-politique-generale-demmanuel-macron\\\/\",\"name\":\"Retour sur le discours de politique g\u00e9n\u00e9rale d'Emmanuel Macron | Geopolitics.fr\",\"isPartOf\":{\"@id\":\"https:\\\/\\\/www.geopolitics.fr\\\/#website\"},\"primaryImageOfPage\":{\"@id\":\"https:\\\/\\\/www.geopolitics.fr\\\/2024\\\/01\\\/17\\\/retour-sur-le-discours-de-politique-generale-demmanuel-macron\\\/#primaryimage\"},\"image\":{\"@id\":\"https:\\\/\\\/www.geopolitics.fr\\\/2024\\\/01\\\/17\\\/retour-sur-le-discours-de-politique-generale-demmanuel-macron\\\/#primaryimage\"},\"thumbnailUrl\":\"https:\\\/\\\/www.geopolitics.fr\\\/wp-content\\\/uploads\\\/2024\\\/01\\\/backlogo.jpg\",\"datePublished\":\"2024-01-17T11:39:43+00:00\",\"dateModified\":\"2024-03-26T21:43:40+00:00\",\"breadcrumb\":{\"@id\":\"https:\\\/\\\/www.geopolitics.fr\\\/2024\\\/01\\\/17\\\/retour-sur-le-discours-de-politique-generale-demmanuel-macron\\\/#breadcrumb\"},\"inLanguage\":\"en-GB\",\"potentialAction\":[{\"@type\":\"ReadAction\",\"target\":[\"https:\\\/\\\/www.geopolitics.fr\\\/2024\\\/01\\\/17\\\/retour-sur-le-discours-de-politique-generale-demmanuel-macron\\\/\"]}]},{\"@type\":\"ImageObject\",\"inLanguage\":\"en-GB\",\"@id\":\"https:\\\/\\\/www.geopolitics.fr\\\/2024\\\/01\\\/17\\\/retour-sur-le-discours-de-politique-generale-demmanuel-macron\\\/#primaryimage\",\"url\":\"https:\\\/\\\/www.geopolitics.fr\\\/wp-content\\\/uploads\\\/2024\\\/01\\\/backlogo.jpg\",\"contentUrl\":\"https:\\\/\\\/www.geopolitics.fr\\\/wp-content\\\/uploads\\\/2024\\\/01\\\/backlogo.jpg\",\"width\":600,\"height\":600},{\"@type\":\"BreadcrumbList\",\"@id\":\"https:\\\/\\\/www.geopolitics.fr\\\/2024\\\/01\\\/17\\\/retour-sur-le-discours-de-politique-generale-demmanuel-macron\\\/#breadcrumb\",\"itemListElement\":[{\"@type\":\"ListItem\",\"position\":1,\"name\":\"Accueil\",\"item\":\"https:\\\/\\\/www.geopolitics.fr\\\/\"},{\"@type\":\"ListItem\",\"position\":2,\"name\":\"Retour sur le discours de politique g\u00e9n\u00e9rale d&#8217;Emmanuel Macron\"}]},{\"@type\":\"WebSite\",\"@id\":\"https:\\\/\\\/www.geopolitics.fr\\\/#website\",\"url\":\"https:\\\/\\\/www.geopolitics.fr\\\/\",\"name\":\"Geopolitics.fr\",\"description\":\"Geopolitics.fr Analyse politique, relations internationales, d\u00e9fense - ligne \u00e9ditoriale gaullo-chiraquienne\",\"publisher\":{\"@id\":\"https:\\\/\\\/www.geopolitics.fr\\\/#organization\"},\"potentialAction\":[{\"@type\":\"SearchAction\",\"target\":{\"@type\":\"EntryPoint\",\"urlTemplate\":\"https:\\\/\\\/www.geopolitics.fr\\\/?s={search_term_string}\"},\"query-input\":{\"@type\":\"PropertyValueSpecification\",\"valueRequired\":true,\"valueName\":\"search_term_string\"}}],\"inLanguage\":\"en-GB\"},{\"@type\":\"Organization\",\"@id\":\"https:\\\/\\\/www.geopolitics.fr\\\/#organization\",\"name\":\"Geopolitics.fr\",\"url\":\"https:\\\/\\\/www.geopolitics.fr\\\/\",\"logo\":{\"@type\":\"ImageObject\",\"inLanguage\":\"en-GB\",\"@id\":\"https:\\\/\\\/www.geopolitics.fr\\\/#\\\/schema\\\/logo\\\/image\\\/\",\"url\":\"https:\\\/\\\/www.geopolitics.fr\\\/wp-content\\\/uploads\\\/2024\\\/01\\\/logo.jpg\",\"contentUrl\":\"https:\\\/\\\/www.geopolitics.fr\\\/wp-content\\\/uploads\\\/2024\\\/01\\\/logo.jpg\",\"width\":500,\"height\":500,\"caption\":\"Geopolitics.fr\"},\"image\":{\"@id\":\"https:\\\/\\\/www.geopolitics.fr\\\/#\\\/schema\\\/logo\\\/image\\\/\"},\"sameAs\":[\"https:\\\/\\\/www.facebook.com\\\/people\\\/Erwan-Davoux\\\/61557098968092\\\/\",\"https:\\\/\\\/x.com\\\/Geopolitics_Fr\"]},{\"@type\":\"Person\",\"@id\":\"https:\\\/\\\/www.geopolitics.fr\\\/#\\\/schema\\\/person\\\/69dde260ad11805e2aa68f0d9e9128da\",\"name\":\"contact@geopolitics.fr\",\"image\":{\"@type\":\"ImageObject\",\"inLanguage\":\"en-GB\",\"@id\":\"https:\\\/\\\/www.geopolitics.fr\\\/wp-content\\\/uploads\\\/2024\\\/01\\\/edito-bonne-banniere-96x96.jpg\",\"url\":\"https:\\\/\\\/www.geopolitics.fr\\\/wp-content\\\/uploads\\\/2024\\\/01\\\/edito-bonne-banniere-96x96.jpg\",\"contentUrl\":\"https:\\\/\\\/www.geopolitics.fr\\\/wp-content\\\/uploads\\\/2024\\\/01\\\/edito-bonne-banniere-96x96.jpg\",\"caption\":\"contact@geopolitics.fr\"},\"url\":\"https:\\\/\\\/www.geopolitics.fr\\\/en\\\/author\\\/contactgeopolitics-fr\\\/\"}]}<\/script>\n<!-- \/ Yoast SEO Premium plugin. -->","yoast_head_json":{"title":"Retour sur le discours de politique g\u00e9n\u00e9rale d'Emmanuel Macron | Geopolitics.fr","robots":{"index":"index","follow":"follow","max-snippet":"max-snippet:-1","max-image-preview":"max-image-preview:large","max-video-preview":"max-video-preview:-1"},"canonical":"https:\/\/www.geopolitics.fr\/en\/2024\/01\/17\/retour-sur-le-discours-de-politique-generale-demmanuel-macron\/","og_locale":"en_GB","og_type":"article","og_title":"Retour sur le discours de politique g\u00e9n\u00e9rale d'Emmanuel Macron","og_description":"Disons-le clairement, ce n\u2019est pas \u00e0 une conf\u00e9rence de presse de niveau pr\u00e9sidentiel, telles qu\u2019ont pu les mener les pr\u00e9d\u00e9cesseurs d&rsquo;Emmanuel Macron,&hellip;","og_url":"https:\/\/www.geopolitics.fr\/en\/2024\/01\/17\/retour-sur-le-discours-de-politique-generale-demmanuel-macron\/","og_site_name":"Geopolitics.fr","article_publisher":"https:\/\/www.facebook.com\/people\/Erwan-Davoux\/61557098968092\/","article_published_time":"2024-01-17T11:39:43+00:00","article_modified_time":"2024-03-26T21:43:40+00:00","og_image":[{"width":600,"height":600,"url":"https:\/\/www.geopolitics.fr\/wp-content\/uploads\/2024\/01\/backlogo.jpg","type":"image\/jpeg"}],"author":"contact@geopolitics.fr","twitter_card":"summary_large_image","twitter_creator":"@Geopolitics_Fr","twitter_site":"@Geopolitics_Fr","twitter_misc":{"Written by":"contact@geopolitics.fr","Estimated reading time":"4 minutes"},"schema":{"@context":"https:\/\/schema.org","@graph":[{"@type":"Article","@id":"https:\/\/www.geopolitics.fr\/2024\/01\/17\/retour-sur-le-discours-de-politique-generale-demmanuel-macron\/#article","isPartOf":{"@id":"https:\/\/www.geopolitics.fr\/2024\/01\/17\/retour-sur-le-discours-de-politique-generale-demmanuel-macron\/"},"author":{"name":"contact@geopolitics.fr","@id":"https:\/\/www.geopolitics.fr\/#\/schema\/person\/69dde260ad11805e2aa68f0d9e9128da"},"headline":"Retour sur le discours de politique g\u00e9n\u00e9rale d&rsquo;Emmanuel Macron","datePublished":"2024-01-17T11:39:43+00:00","dateModified":"2024-03-26T21:43:40+00:00","mainEntityOfPage":{"@id":"https:\/\/www.geopolitics.fr\/2024\/01\/17\/retour-sur-le-discours-de-politique-generale-demmanuel-macron\/"},"wordCount":685,"commentCount":0,"publisher":{"@id":"https:\/\/www.geopolitics.fr\/#organization"},"image":{"@id":"https:\/\/www.geopolitics.fr\/2024\/01\/17\/retour-sur-le-discours-de-politique-generale-demmanuel-macron\/#primaryimage"},"thumbnailUrl":"https:\/\/www.geopolitics.fr\/wp-content\/uploads\/2024\/01\/backlogo.jpg","articleSection":["Editorial","Politique"],"inLanguage":"en-GB"},{"@type":"WebPage","@id":"https:\/\/www.geopolitics.fr\/2024\/01\/17\/retour-sur-le-discours-de-politique-generale-demmanuel-macron\/","url":"https:\/\/www.geopolitics.fr\/2024\/01\/17\/retour-sur-le-discours-de-politique-generale-demmanuel-macron\/","name":"Retour sur le discours de politique g\u00e9n\u00e9rale d'Emmanuel Macron | Geopolitics.fr","isPartOf":{"@id":"https:\/\/www.geopolitics.fr\/#website"},"primaryImageOfPage":{"@id":"https:\/\/www.geopolitics.fr\/2024\/01\/17\/retour-sur-le-discours-de-politique-generale-demmanuel-macron\/#primaryimage"},"image":{"@id":"https:\/\/www.geopolitics.fr\/2024\/01\/17\/retour-sur-le-discours-de-politique-generale-demmanuel-macron\/#primaryimage"},"thumbnailUrl":"https:\/\/www.geopolitics.fr\/wp-content\/uploads\/2024\/01\/backlogo.jpg","datePublished":"2024-01-17T11:39:43+00:00","dateModified":"2024-03-26T21:43:40+00:00","breadcrumb":{"@id":"https:\/\/www.geopolitics.fr\/2024\/01\/17\/retour-sur-le-discours-de-politique-generale-demmanuel-macron\/#breadcrumb"},"inLanguage":"en-GB","potentialAction":[{"@type":"ReadAction","target":["https:\/\/www.geopolitics.fr\/2024\/01\/17\/retour-sur-le-discours-de-politique-generale-demmanuel-macron\/"]}]},{"@type":"ImageObject","inLanguage":"en-GB","@id":"https:\/\/www.geopolitics.fr\/2024\/01\/17\/retour-sur-le-discours-de-politique-generale-demmanuel-macron\/#primaryimage","url":"https:\/\/www.geopolitics.fr\/wp-content\/uploads\/2024\/01\/backlogo.jpg","contentUrl":"https:\/\/www.geopolitics.fr\/wp-content\/uploads\/2024\/01\/backlogo.jpg","width":600,"height":600},{"@type":"BreadcrumbList","@id":"https:\/\/www.geopolitics.fr\/2024\/01\/17\/retour-sur-le-discours-de-politique-generale-demmanuel-macron\/#breadcrumb","itemListElement":[{"@type":"ListItem","position":1,"name":"Accueil","item":"https:\/\/www.geopolitics.fr\/"},{"@type":"ListItem","position":2,"name":"Retour sur le discours de politique g\u00e9n\u00e9rale d&#8217;Emmanuel Macron"}]},{"@type":"WebSite","@id":"https:\/\/www.geopolitics.fr\/#website","url":"https:\/\/www.geopolitics.fr\/","name":"Geopolitics.fr","description":"Geopolitics.fr Analyse politique, relations internationales, d\u00e9fense - ligne \u00e9ditoriale gaullo-chiraquienne","publisher":{"@id":"https:\/\/www.geopolitics.fr\/#organization"},"potentialAction":[{"@type":"SearchAction","target":{"@type":"EntryPoint","urlTemplate":"https:\/\/www.geopolitics.fr\/?s={search_term_string}"},"query-input":{"@type":"PropertyValueSpecification","valueRequired":true,"valueName":"search_term_string"}}],"inLanguage":"en-GB"},{"@type":"Organization","@id":"https:\/\/www.geopolitics.fr\/#organization","name":"Geopolitics.fr","url":"https:\/\/www.geopolitics.fr\/","logo":{"@type":"ImageObject","inLanguage":"en-GB","@id":"https:\/\/www.geopolitics.fr\/#\/schema\/logo\/image\/","url":"https:\/\/www.geopolitics.fr\/wp-content\/uploads\/2024\/01\/logo.jpg","contentUrl":"https:\/\/www.geopolitics.fr\/wp-content\/uploads\/2024\/01\/logo.jpg","width":500,"height":500,"caption":"Geopolitics.fr"},"image":{"@id":"https:\/\/www.geopolitics.fr\/#\/schema\/logo\/image\/"},"sameAs":["https:\/\/www.facebook.com\/people\/Erwan-Davoux\/61557098968092\/","https:\/\/x.com\/Geopolitics_Fr"]},{"@type":"Person","@id":"https:\/\/www.geopolitics.fr\/#\/schema\/person\/69dde260ad11805e2aa68f0d9e9128da","name":"contact@geopolitics.fr","image":{"@type":"ImageObject","inLanguage":"en-GB","@id":"https:\/\/www.geopolitics.fr\/wp-content\/uploads\/2024\/01\/edito-bonne-banniere-96x96.jpg","url":"https:\/\/www.geopolitics.fr\/wp-content\/uploads\/2024\/01\/edito-bonne-banniere-96x96.jpg","contentUrl":"https:\/\/www.geopolitics.fr\/wp-content\/uploads\/2024\/01\/edito-bonne-banniere-96x96.jpg","caption":"contact@geopolitics.fr"},"url":"https:\/\/www.geopolitics.fr\/en\/author\/contactgeopolitics-fr\/"}]}},"_links":{"self":[{"href":"https:\/\/www.geopolitics.fr\/en\/wp-json\/wp\/v2\/posts\/2076","targetHints":{"allow":["GET"]}}],"collection":[{"href":"https:\/\/www.geopolitics.fr\/en\/wp-json\/wp\/v2\/posts"}],"about":[{"href":"https:\/\/www.geopolitics.fr\/en\/wp-json\/wp\/v2\/types\/post"}],"author":[{"embeddable":true,"href":"https:\/\/www.geopolitics.fr\/en\/wp-json\/wp\/v2\/users\/9"}],"replies":[{"embeddable":true,"href":"https:\/\/www.geopolitics.fr\/en\/wp-json\/wp\/v2\/comments?post=2076"}],"version-history":[{"count":0,"href":"https:\/\/www.geopolitics.fr\/en\/wp-json\/wp\/v2\/posts\/2076\/revisions"}],"wp:featuredmedia":[{"embeddable":true,"href":"https:\/\/www.geopolitics.fr\/en\/wp-json\/wp\/v2\/media\/1963"}],"wp:attachment":[{"href":"https:\/\/www.geopolitics.fr\/en\/wp-json\/wp\/v2\/media?parent=2076"}],"wp:term":[{"taxonomy":"category","embeddable":true,"href":"https:\/\/www.geopolitics.fr\/en\/wp-json\/wp\/v2\/categories?post=2076"},{"taxonomy":"post_tag","embeddable":true,"href":"https:\/\/www.geopolitics.fr\/en\/wp-json\/wp\/v2\/tags?post=2076"}],"curies":[{"name":"wp","href":"https:\/\/api.w.org\/{rel}","templated":true}]}}