{"id":2071,"date":"2024-01-16T16:32:30","date_gmt":"2024-01-16T15:32:30","guid":{"rendered":"https:\/\/www.geopolitics.fr\/?p=2071"},"modified":"2024-03-26T22:51:11","modified_gmt":"2024-03-26T21:51:11","slug":"rachida-dati-nayez-pas-peur-dit-elle","status":"publish","type":"post","link":"https:\/\/www.geopolitics.fr\/en\/2024\/01\/16\/rachida-dati-nayez-pas-peur-dit-elle\/","title":{"rendered":"Rachida Dati \u00ab\u00a0n&rsquo;ayez pas peur\u00a0\u00bb dit-elle&#8230;"},"content":{"rendered":"<h3 class=\"wp-block-heading\"><strong>Avec ces premiers mots \u00e9tonnants, la maire du 7e arrondissement de Paris a imm\u00e9diatement cherch\u00e9 \u00e0 rassurer le monde de la Culture dont elle vient de prendre la t\u00eate. Il est vrai que la nouvelle patronne de ce portefeuille minist\u00e9riel si cher \u00e0 la culture fran\u00e7aise, n&rsquo;est pas exactement exp\u00e9riment\u00e9e en la mati\u00e8re, mais elle a des arguments. Le Maroc s&rsquo;en r\u00e9jouit, la France, moins.<\/strong><\/h3>\n\n\n\n<p class=\"wp-block-paragraph\"><\/p>\n\n\n\n<p class=\"has-medium-font-size wp-block-paragraph\">Sa nomination comme ministre de la Culture au \u00ab\u00a0pays des lumi\u00e8res\u00a0\u00bb le 12 janvier dernier a fait jaser. Dans le milieu politique parisien comme dans celui des grands acteurs du monde culturel, le doute plane quant \u00e0 ses comp\u00e9tences en la mati\u00e8re. Depuis l&rsquo;annonce de la nomination de la ministre, c&rsquo;est la consternation : \u00ab\u00a0l&rsquo;actrice Anna Mouglalis est horrifi\u00e9e, comme bon nombre de ses camarades. Elle \u00e9crit : <em>\u00ab\u00a0Naaan ! <\/em><em>De toute fa\u00e7on, la culture a \u00e9t\u00e9 bien d\u00e9truite, mais elle reste vivante et sa fonction est de r\u00e9sister<\/em>\u00ab\u00a0, tandis qu&rsquo;Anne Hidalgo, plus ironique, souhaite <em>\u00ab\u00a0bon courage\u00a0\u00bb<\/em> aux fid\u00e8les adeptes de l&rsquo;\u00e9rudition dans les arts. Autre r\u00e9crimination, celle de l&rsquo;avocat Charles Consigny, ancien candidat LR aux l\u00e9gislative : <em>\u00ab\u00a0C&rsquo;est un bras d&rsquo;honneur pour le monde de la culture, il y a quelque chose de dr\u00f4le dans la nomination de Rachida Dati \u00e0 la Culture\u00a0\u00bb,<\/em> s&rsquo;amuse-t-il : <em>\u00ab\u00a0Je l&rsquo;imagine en rendez-vous avec les snobinards du cin\u00e9ma qui d\u00e9filent toute l&rsquo;ann\u00e9e dans son bureau pour avoir de l&rsquo;argent. Je l&rsquo;imagine avec les metteurs en sc\u00e8ne &lsquo;woke&rsquo; qui demandent de l&rsquo;argent pour leur nouvelle pi\u00e8ce sur la transidentit\u00e9 sur la lune les jours impairs, \u00e7a m&rsquo;amuse\u00a0\u00bb. <\/em>Il est vrai, qu&rsquo;en ce qui concerne le woke, avec Rachida, on repassera.<\/p>\n\n\n\n<p class=\"has-medium-font-size wp-block-paragraph\">Elle a la r\u00e9putation ambig\u00fce de faire toujours cavalier seul et cette fois il semblerait qu&rsquo;elle soit plus isol\u00e9e que jamais parmi les siens. On sait \u00e9videmment que l&rsquo;ambition de la dame ne se r\u00e9sume pas \u00e0 ce minist\u00e8re \u00ab\u00a0modeste\u00a0\u00bb pour elle.\u00a0 Elle en a occup\u00e9 de plus importants comme celui de la justice sous Nicolas Sarkozy, o\u00f9 elle fut Garde des sceaux de 2007 \u00e0 2009. Son poids politique sur l&rsquo;\u00e9chiquier \u00e9tait solide, aujourd&rsquo;hui, il l&rsquo;est un peu moins. La faute \u00e0 Eric Ciotti le Pr\u00e9sident des R\u00e9publicains qui a promptement exclu la tra\u00eetresse du Parti. Pour comprendre la r\u00e9action de Ciotti, qui consid\u00e8re probablement Rachida Dati comme une abominable girouette, il faut se souvenir que derni\u00e8rement, Dati raillait le ministre de la Justice \u00c9ric Dupond-Moretti, trop complaisant, selon elle, avec les d\u00e9linquants. <em>\u00ab\u00a0En marche\u00a0!\u00a0\u00bb disait-elle alors, \u00ab\u00a0c&rsquo;est quoi\u00a0? Des tra\u00eetres de gauche, des tra\u00eetres de droite. C&rsquo;est \u00e7a, ce parti\u00a0!\u00a0\u00bb<\/em>\u00a0 Tra\u00eetresse, elle-m\u00eame ? Probablement. Mais serait-elle donc la seule dans ce milieu \u00e0 avoir retourn\u00e9 sa veste ? La ministre roule souvent pour elle-m\u00eame et c&rsquo;est parfois difficile de la suivre. On lui reconna\u00eet malgr\u00e9 tout quelques qualit\u00e9s : l&rsquo;\u00e9nergie, la t\u00e9nacit\u00e9, la combativit\u00e9 et la d\u00e9termination. Elle aime se battre, c&rsquo;est un fait, et son nouvel objectif au sein de son minist\u00e8re est int\u00e9ressant : incarner une culture populaire moins \u00e9litiste. Mais, qu&rsquo;on ne s&rsquo;y trompe pas. Sa v\u00e9ritable ambition, autrement plus importante pour elle, reste celle de gagner Paris en 2026. On parle m\u00eame d&rsquo;un deal avec Emmanuel Macron dans ce sens. Il se murmure qu&rsquo;elle aurait obtenu l\u2019assurance d\u2019\u00eatre la candidate macroniste aux municipales \u00e0 Paris en 2026. Pas si s\u00fbr, car en-m\u00eame-temps\u2026 etc.<\/p>\n\n\n\n<figure class=\"wp-block-image size-large\"><img fetchpriority=\"high\" decoding=\"async\" width=\"1024\" height=\"683\" src=\"https:\/\/www.geopolitics.fr\/wp-content\/uploads\/2024\/01\/HOTEL-DE-VILLE-1024x683.webp\" alt=\"\" class=\"wp-image-2073\" srcset=\"https:\/\/www.geopolitics.fr\/wp-content\/uploads\/2024\/01\/HOTEL-DE-VILLE-1024x683.webp 1024w, https:\/\/www.geopolitics.fr\/wp-content\/uploads\/2024\/01\/HOTEL-DE-VILLE-600x400.webp 600w, https:\/\/www.geopolitics.fr\/wp-content\/uploads\/2024\/01\/HOTEL-DE-VILLE-300x200.webp 300w, https:\/\/www.geopolitics.fr\/wp-content\/uploads\/2024\/01\/HOTEL-DE-VILLE-768x512.webp 768w, https:\/\/www.geopolitics.fr\/wp-content\/uploads\/2024\/01\/HOTEL-DE-VILLE-1536x1024.webp 1536w, https:\/\/www.geopolitics.fr\/wp-content\/uploads\/2024\/01\/HOTEL-DE-VILLE-1170x780.webp 1170w, https:\/\/www.geopolitics.fr\/wp-content\/uploads\/2024\/01\/HOTEL-DE-VILLE-585x390.webp 585w, https:\/\/www.geopolitics.fr\/wp-content\/uploads\/2024\/01\/HOTEL-DE-VILLE-263x175.webp 263w, https:\/\/www.geopolitics.fr\/wp-content\/uploads\/2024\/01\/HOTEL-DE-VILLE.webp 1770w\" sizes=\"(max-width: 1024px) 100vw, 1024px\" \/><\/figure>\n\n\n\n<p class=\"has-medium-font-size wp-block-paragraph\"><strong>Une histoire d&rsquo;amour avec <\/strong><strong>le Maroc<\/strong><\/p>\n\n\n\n<p class=\"has-medium-font-size wp-block-paragraph\">A Rabat, les choses sont claires.\u00a0 Ce n&rsquo;est pas un secret, on aime beaucoup Rachida Dati. On a admir\u00e9 son parcours, sa combativit\u00e9 de jeune femme issue de l&rsquo;immigration et du monde ouvrier, parvenue aux responsabilit\u00e9 politiques les plus hautes en France. On a compris son propos apr\u00e8s sa nomination \u00e0 la Culture, quand elle a d\u00e9clar\u00e9 : \u00ab\u00a0<em>On ne peut pas se d\u00e9sesp\u00e9rer d\u2019avoir un gigantesque probl\u00e8me d\u2019int\u00e9gration en France et regretter une nomination comme la mienne \u00e0 la Culture \u00bb<\/em>, en r\u00e9f\u00e9rence \u00e0 ses origines populaires et immigr\u00e9es. Ses d\u00e9tracteurs fran\u00e7ais de tous bords n&rsquo;ont qu&rsquo;\u00e0 bien se tenir, elle s&rsquo;estime, \u00e0 tort ou \u00e0 raison, \u00eatre victime d\u00e9sormais d&rsquo;un v\u00e9ritable <em>\u00ab m\u00e9pris social \u00bb<\/em>. Son milieu modeste et son \u00e9ducation franco-marocaine touche les c\u0153urs, ici. Quand elle d\u00e9clare : <em>\u00ab\u00a0Nous avons un probl\u00e8me d&rsquo;int\u00e9gration qu&rsquo;il ne sert \u00e0 rien de nier, y compris pour les enfants fran\u00e7ais qui se sentent totalement exclus du pacte r\u00e9publicain\u00a0\u00bb,<\/em>\u00a0elle marque des points \u00e0 Rabat, et quand elle estime que la culture\u00a0<em>\u00ab\u00a0est l&rsquo;une des r\u00e9ponses au probl\u00e8me d&rsquo;int\u00e9gration. Il faut diffuser la culture dans tous les territoires, aupr\u00e8s de tous les publics, surtout aupr\u00e8s de ceux qui en sont les plus \u00e9loign\u00e9s. \u00bb<\/em>, elle est applaudie par tous les Marocains sensibles \u00e0 son discours g\u00e9n\u00e9reux. Celles et ceux du Maroc, qui ont des membres de leur famille en France, retrouvent l&rsquo;espoir d&rsquo;un meilleur avenir intellectuel pour leur diaspora. Et, en-m\u00eame-temps, Emmanuel Macron, qui n&rsquo;est jamais en reste, se joint \u00e0 l&rsquo;opinion marocaine quant aux qualit\u00e9s de sa nouvelle ministre de la Culture : <em>\u00ab\u00a0une femme issue de la diversit\u00e9 qui incarnerait le mouvement, l\u2019action. Il ne supporte plus ces ministres captifs de leur administration qui viennent devant lui r\u00e9citer des fiches qui ne r\u00e9volutionnent rien. Il veut en finir avec des ministres trop techniques, et surtout rompre avec cette \u00ab\u00a0intelligentsia bobo ic\u00f4ne des m\u00e9dias\u00a0\u00bb. L\u2019essentiel \u00e0 ses yeux : avoir une personnalit\u00e9 qui ait une histoire \u00e0 raconter, qui s\u2019est \u00e9lev\u00e9e par la culture.\u00a0\u00bb<\/em> Explique un proche. Apr\u00e8s tout,pourquoi pas ? Un autre fait avait d\u00e9j\u00e0 enflamm\u00e9 le Maroc pour Rachida le 5 mai dernier, lors de sa visite avec \u00c9ric Ciotti dans le Royaume. En opposition avec la politique \u00e9trang\u00e8re men\u00e9e par Emmanuel Macron, ces deux c\u00e9l\u00e8bres figures politiques avaient affirm\u00e9 sans d\u00e9tour reconna\u00eetre la souverainet\u00e9 du royaume sur le Sahara occidental. Propos repris par la presse ces jours derniers quand celle-ci s&rsquo;est r\u00e9jouie de l\u2019attribution du minist\u00e8re de la culture \u00e0 l\u2019ex-garde des sceaux. On appr\u00e9cie ici son entr\u00e9e au gouvernement. Peut-\u00eatre y voit-on un autre coup de pouce qui pourrait aider la France \u00e0 faire le pas en faveur d&rsquo;une reconnaissance par l&rsquo;Hexagone de la marocanit\u00e9 du Sahara.<\/p>\n\n\n\n<p class=\"wp-block-paragraph\"><\/p>","protected":false},"excerpt":{"rendered":"<p>Avec ces premiers mots \u00e9tonnants, la maire du 7e arrondissement de Paris a imm\u00e9diatement cherch\u00e9 \u00e0 rassurer le monde de la Culture&hellip;<\/p>","protected":false},"author":14,"featured_media":2072,"comment_status":"open","ping_status":"open","sticky":false,"template":"","format":"standard","meta":{"_lmt_disableupdate":"","_lmt_disable":"","footnotes":""},"categories":[3],"tags":[],"class_list":["post-2071","post","type-post","status-publish","format-standard","has-post-thumbnail","hentry","category-politique"],"yoast_head":"<!-- This site is optimized with the Yoast SEO Premium plugin v28.1 (Yoast SEO v28.1) - https:\/\/yoast.com\/product\/yoast-seo-premium-wordpress\/ -->\n<title>Rachida Dati &quot;n&#039;ayez pas peur&quot; dit-elle... | Geopolitics.fr<\/title>\n<meta name=\"robots\" content=\"index, follow, max-snippet:-1, max-image-preview:large, max-video-preview:-1\" \/>\n<link rel=\"canonical\" href=\"https:\/\/www.geopolitics.fr\/en\/2024\/01\/16\/rachida-dati-nayez-pas-peur-dit-elle\/\" \/>\n<meta property=\"og:locale\" content=\"en_GB\" \/>\n<meta property=\"og:type\" content=\"article\" \/>\n<meta property=\"og:title\" content=\"Rachida Dati &quot;n&#039;ayez pas peur&quot; dit-elle...\" \/>\n<meta property=\"og:description\" content=\"Avec ces premiers mots \u00e9tonnants, la maire du 7e arrondissement de Paris a imm\u00e9diatement cherch\u00e9 \u00e0 rassurer le monde de la Culture&hellip;\" \/>\n<meta property=\"og:url\" content=\"https:\/\/www.geopolitics.fr\/en\/2024\/01\/16\/rachida-dati-nayez-pas-peur-dit-elle\/\" \/>\n<meta property=\"og:site_name\" content=\"Geopolitics.fr\" \/>\n<meta property=\"article:publisher\" content=\"https:\/\/www.facebook.com\/people\/Erwan-Davoux\/61557098968092\/\" \/>\n<meta property=\"article:published_time\" content=\"2024-01-16T15:32:30+00:00\" \/>\n<meta property=\"article:modified_time\" content=\"2024-03-26T21:51:11+00:00\" \/>\n<meta property=\"og:image\" content=\"https:\/\/www.geopolitics.fr\/wp-content\/uploads\/2024\/01\/dati.jpg\" \/>\n\t<meta property=\"og:image:width\" content=\"1200\" \/>\n\t<meta property=\"og:image:height\" content=\"750\" \/>\n\t<meta property=\"og:image:type\" content=\"image\/jpeg\" \/>\n<meta name=\"author\" content=\"Valerie Morales Attias\" \/>\n<meta name=\"twitter:card\" content=\"summary_large_image\" \/>\n<meta name=\"twitter:creator\" content=\"@Geopolitics_Fr\" \/>\n<meta name=\"twitter:site\" content=\"@Geopolitics_Fr\" \/>\n<meta name=\"twitter:label1\" content=\"Written by\" \/>\n\t<meta name=\"twitter:data1\" content=\"Valerie Morales Attias\" \/>\n\t<meta name=\"twitter:label2\" content=\"Estimated reading time\" \/>\n\t<meta name=\"twitter:data2\" content=\"6 minutes\" \/>\n<script type=\"application\/ld+json\" class=\"yoast-schema-graph\">{\"@context\":\"https:\\\/\\\/schema.org\",\"@graph\":[{\"@type\":\"Article\",\"@id\":\"https:\\\/\\\/www.geopolitics.fr\\\/2024\\\/01\\\/16\\\/rachida-dati-nayez-pas-peur-dit-elle\\\/#article\",\"isPartOf\":{\"@id\":\"https:\\\/\\\/www.geopolitics.fr\\\/2024\\\/01\\\/16\\\/rachida-dati-nayez-pas-peur-dit-elle\\\/\"},\"author\":{\"name\":\"Valerie Morales Attias\",\"@id\":\"https:\\\/\\\/www.geopolitics.fr\\\/#\\\/schema\\\/person\\\/2b73b2101df6ed1877dcb227a0be4a5d\"},\"headline\":\"Rachida Dati \u00ab\u00a0n&rsquo;ayez pas peur\u00a0\u00bb dit-elle&#8230;\",\"datePublished\":\"2024-01-16T15:32:30+00:00\",\"dateModified\":\"2024-03-26T21:51:11+00:00\",\"mainEntityOfPage\":{\"@id\":\"https:\\\/\\\/www.geopolitics.fr\\\/2024\\\/01\\\/16\\\/rachida-dati-nayez-pas-peur-dit-elle\\\/\"},\"wordCount\":1126,\"commentCount\":0,\"publisher\":{\"@id\":\"https:\\\/\\\/www.geopolitics.fr\\\/#organization\"},\"image\":{\"@id\":\"https:\\\/\\\/www.geopolitics.fr\\\/2024\\\/01\\\/16\\\/rachida-dati-nayez-pas-peur-dit-elle\\\/#primaryimage\"},\"thumbnailUrl\":\"https:\\\/\\\/www.geopolitics.fr\\\/wp-content\\\/uploads\\\/2024\\\/01\\\/dati.jpg\",\"articleSection\":[\"Politique\"],\"inLanguage\":\"en-GB\"},{\"@type\":\"WebPage\",\"@id\":\"https:\\\/\\\/www.geopolitics.fr\\\/2024\\\/01\\\/16\\\/rachida-dati-nayez-pas-peur-dit-elle\\\/\",\"url\":\"https:\\\/\\\/www.geopolitics.fr\\\/2024\\\/01\\\/16\\\/rachida-dati-nayez-pas-peur-dit-elle\\\/\",\"name\":\"Rachida Dati \\\"n'ayez pas peur\\\" dit-elle... | Geopolitics.fr\",\"isPartOf\":{\"@id\":\"https:\\\/\\\/www.geopolitics.fr\\\/#website\"},\"primaryImageOfPage\":{\"@id\":\"https:\\\/\\\/www.geopolitics.fr\\\/2024\\\/01\\\/16\\\/rachida-dati-nayez-pas-peur-dit-elle\\\/#primaryimage\"},\"image\":{\"@id\":\"https:\\\/\\\/www.geopolitics.fr\\\/2024\\\/01\\\/16\\\/rachida-dati-nayez-pas-peur-dit-elle\\\/#primaryimage\"},\"thumbnailUrl\":\"https:\\\/\\\/www.geopolitics.fr\\\/wp-content\\\/uploads\\\/2024\\\/01\\\/dati.jpg\",\"datePublished\":\"2024-01-16T15:32:30+00:00\",\"dateModified\":\"2024-03-26T21:51:11+00:00\",\"breadcrumb\":{\"@id\":\"https:\\\/\\\/www.geopolitics.fr\\\/2024\\\/01\\\/16\\\/rachida-dati-nayez-pas-peur-dit-elle\\\/#breadcrumb\"},\"inLanguage\":\"en-GB\",\"potentialAction\":[{\"@type\":\"ReadAction\",\"target\":[\"https:\\\/\\\/www.geopolitics.fr\\\/2024\\\/01\\\/16\\\/rachida-dati-nayez-pas-peur-dit-elle\\\/\"]}]},{\"@type\":\"ImageObject\",\"inLanguage\":\"en-GB\",\"@id\":\"https:\\\/\\\/www.geopolitics.fr\\\/2024\\\/01\\\/16\\\/rachida-dati-nayez-pas-peur-dit-elle\\\/#primaryimage\",\"url\":\"https:\\\/\\\/www.geopolitics.fr\\\/wp-content\\\/uploads\\\/2024\\\/01\\\/dati.jpg\",\"contentUrl\":\"https:\\\/\\\/www.geopolitics.fr\\\/wp-content\\\/uploads\\\/2024\\\/01\\\/dati.jpg\",\"width\":1200,\"height\":750},{\"@type\":\"BreadcrumbList\",\"@id\":\"https:\\\/\\\/www.geopolitics.fr\\\/2024\\\/01\\\/16\\\/rachida-dati-nayez-pas-peur-dit-elle\\\/#breadcrumb\",\"itemListElement\":[{\"@type\":\"ListItem\",\"position\":1,\"name\":\"Accueil\",\"item\":\"https:\\\/\\\/www.geopolitics.fr\\\/\"},{\"@type\":\"ListItem\",\"position\":2,\"name\":\"Rachida Dati &#8220;n&#8217;ayez pas peur&#8221; dit-elle&#8230;\"}]},{\"@type\":\"WebSite\",\"@id\":\"https:\\\/\\\/www.geopolitics.fr\\\/#website\",\"url\":\"https:\\\/\\\/www.geopolitics.fr\\\/\",\"name\":\"Geopolitics.fr\",\"description\":\"Geopolitics.fr Analyse politique, relations internationales, d\u00e9fense - ligne \u00e9ditoriale gaullo-chiraquienne\",\"publisher\":{\"@id\":\"https:\\\/\\\/www.geopolitics.fr\\\/#organization\"},\"potentialAction\":[{\"@type\":\"SearchAction\",\"target\":{\"@type\":\"EntryPoint\",\"urlTemplate\":\"https:\\\/\\\/www.geopolitics.fr\\\/?s={search_term_string}\"},\"query-input\":{\"@type\":\"PropertyValueSpecification\",\"valueRequired\":true,\"valueName\":\"search_term_string\"}}],\"inLanguage\":\"en-GB\"},{\"@type\":\"Organization\",\"@id\":\"https:\\\/\\\/www.geopolitics.fr\\\/#organization\",\"name\":\"Geopolitics.fr\",\"url\":\"https:\\\/\\\/www.geopolitics.fr\\\/\",\"logo\":{\"@type\":\"ImageObject\",\"inLanguage\":\"en-GB\",\"@id\":\"https:\\\/\\\/www.geopolitics.fr\\\/#\\\/schema\\\/logo\\\/image\\\/\",\"url\":\"https:\\\/\\\/www.geopolitics.fr\\\/wp-content\\\/uploads\\\/2024\\\/01\\\/logo.jpg\",\"contentUrl\":\"https:\\\/\\\/www.geopolitics.fr\\\/wp-content\\\/uploads\\\/2024\\\/01\\\/logo.jpg\",\"width\":500,\"height\":500,\"caption\":\"Geopolitics.fr\"},\"image\":{\"@id\":\"https:\\\/\\\/www.geopolitics.fr\\\/#\\\/schema\\\/logo\\\/image\\\/\"},\"sameAs\":[\"https:\\\/\\\/www.facebook.com\\\/people\\\/Erwan-Davoux\\\/61557098968092\\\/\",\"https:\\\/\\\/x.com\\\/Geopolitics_Fr\"]},{\"@type\":\"Person\",\"@id\":\"https:\\\/\\\/www.geopolitics.fr\\\/#\\\/schema\\\/person\\\/2b73b2101df6ed1877dcb227a0be4a5d\",\"name\":\"Valerie Morales Attias\",\"image\":{\"@type\":\"ImageObject\",\"inLanguage\":\"en-GB\",\"@id\":\"https:\\\/\\\/www.geopolitics.fr\\\/wp-content\\\/uploads\\\/2024\\\/04\\\/cropped-valerie-mora-96x96.jpg\",\"url\":\"https:\\\/\\\/www.geopolitics.fr\\\/wp-content\\\/uploads\\\/2024\\\/04\\\/cropped-valerie-mora-96x96.jpg\",\"contentUrl\":\"https:\\\/\\\/www.geopolitics.fr\\\/wp-content\\\/uploads\\\/2024\\\/04\\\/cropped-valerie-mora-96x96.jpg\",\"caption\":\"Valerie Morales Attias\"},\"description\":\"N\u00e9e \u00e0 Oran, elle est journaliste et \u00e9crivain. Enseignante \u00e0 l'Ecole Sup\u00e9rieure de Journalisme de Paris - Ex Directrice g\u00e9n\u00e9rale de Luxe Radio \u00e0 Casablanca. - Elle est l'auteur de plusieurs romans publi\u00e9s au Maroc, en France et en Belgique, ainsi que d'un essai sur le Royaume du Maroc, publi\u00e9 en France aux Editions Descartes.\",\"url\":\"https:\\\/\\\/www.geopolitics.fr\\\/en\\\/author\\\/valerie-morales-attias\\\/\"}]}<\/script>\n<!-- \/ Yoast SEO Premium plugin. -->","yoast_head_json":{"title":"Rachida Dati \"n'ayez pas peur\" dit-elle... | Geopolitics.fr","robots":{"index":"index","follow":"follow","max-snippet":"max-snippet:-1","max-image-preview":"max-image-preview:large","max-video-preview":"max-video-preview:-1"},"canonical":"https:\/\/www.geopolitics.fr\/en\/2024\/01\/16\/rachida-dati-nayez-pas-peur-dit-elle\/","og_locale":"en_GB","og_type":"article","og_title":"Rachida Dati \"n'ayez pas peur\" dit-elle...","og_description":"Avec ces premiers mots \u00e9tonnants, la maire du 7e arrondissement de Paris a imm\u00e9diatement cherch\u00e9 \u00e0 rassurer le monde de la Culture&hellip;","og_url":"https:\/\/www.geopolitics.fr\/en\/2024\/01\/16\/rachida-dati-nayez-pas-peur-dit-elle\/","og_site_name":"Geopolitics.fr","article_publisher":"https:\/\/www.facebook.com\/people\/Erwan-Davoux\/61557098968092\/","article_published_time":"2024-01-16T15:32:30+00:00","article_modified_time":"2024-03-26T21:51:11+00:00","og_image":[{"width":1200,"height":750,"url":"https:\/\/www.geopolitics.fr\/wp-content\/uploads\/2024\/01\/dati.jpg","type":"image\/jpeg"}],"author":"Valerie Morales Attias","twitter_card":"summary_large_image","twitter_creator":"@Geopolitics_Fr","twitter_site":"@Geopolitics_Fr","twitter_misc":{"Written by":"Valerie Morales Attias","Estimated reading time":"6 minutes"},"schema":{"@context":"https:\/\/schema.org","@graph":[{"@type":"Article","@id":"https:\/\/www.geopolitics.fr\/2024\/01\/16\/rachida-dati-nayez-pas-peur-dit-elle\/#article","isPartOf":{"@id":"https:\/\/www.geopolitics.fr\/2024\/01\/16\/rachida-dati-nayez-pas-peur-dit-elle\/"},"author":{"name":"Valerie Morales Attias","@id":"https:\/\/www.geopolitics.fr\/#\/schema\/person\/2b73b2101df6ed1877dcb227a0be4a5d"},"headline":"Rachida Dati \u00ab\u00a0n&rsquo;ayez pas peur\u00a0\u00bb dit-elle&#8230;","datePublished":"2024-01-16T15:32:30+00:00","dateModified":"2024-03-26T21:51:11+00:00","mainEntityOfPage":{"@id":"https:\/\/www.geopolitics.fr\/2024\/01\/16\/rachida-dati-nayez-pas-peur-dit-elle\/"},"wordCount":1126,"commentCount":0,"publisher":{"@id":"https:\/\/www.geopolitics.fr\/#organization"},"image":{"@id":"https:\/\/www.geopolitics.fr\/2024\/01\/16\/rachida-dati-nayez-pas-peur-dit-elle\/#primaryimage"},"thumbnailUrl":"https:\/\/www.geopolitics.fr\/wp-content\/uploads\/2024\/01\/dati.jpg","articleSection":["Politique"],"inLanguage":"en-GB"},{"@type":"WebPage","@id":"https:\/\/www.geopolitics.fr\/2024\/01\/16\/rachida-dati-nayez-pas-peur-dit-elle\/","url":"https:\/\/www.geopolitics.fr\/2024\/01\/16\/rachida-dati-nayez-pas-peur-dit-elle\/","name":"Rachida Dati \"n'ayez pas peur\" dit-elle... | Geopolitics.fr","isPartOf":{"@id":"https:\/\/www.geopolitics.fr\/#website"},"primaryImageOfPage":{"@id":"https:\/\/www.geopolitics.fr\/2024\/01\/16\/rachida-dati-nayez-pas-peur-dit-elle\/#primaryimage"},"image":{"@id":"https:\/\/www.geopolitics.fr\/2024\/01\/16\/rachida-dati-nayez-pas-peur-dit-elle\/#primaryimage"},"thumbnailUrl":"https:\/\/www.geopolitics.fr\/wp-content\/uploads\/2024\/01\/dati.jpg","datePublished":"2024-01-16T15:32:30+00:00","dateModified":"2024-03-26T21:51:11+00:00","breadcrumb":{"@id":"https:\/\/www.geopolitics.fr\/2024\/01\/16\/rachida-dati-nayez-pas-peur-dit-elle\/#breadcrumb"},"inLanguage":"en-GB","potentialAction":[{"@type":"ReadAction","target":["https:\/\/www.geopolitics.fr\/2024\/01\/16\/rachida-dati-nayez-pas-peur-dit-elle\/"]}]},{"@type":"ImageObject","inLanguage":"en-GB","@id":"https:\/\/www.geopolitics.fr\/2024\/01\/16\/rachida-dati-nayez-pas-peur-dit-elle\/#primaryimage","url":"https:\/\/www.geopolitics.fr\/wp-content\/uploads\/2024\/01\/dati.jpg","contentUrl":"https:\/\/www.geopolitics.fr\/wp-content\/uploads\/2024\/01\/dati.jpg","width":1200,"height":750},{"@type":"BreadcrumbList","@id":"https:\/\/www.geopolitics.fr\/2024\/01\/16\/rachida-dati-nayez-pas-peur-dit-elle\/#breadcrumb","itemListElement":[{"@type":"ListItem","position":1,"name":"Accueil","item":"https:\/\/www.geopolitics.fr\/"},{"@type":"ListItem","position":2,"name":"Rachida Dati &#8220;n&#8217;ayez pas peur&#8221; dit-elle&#8230;"}]},{"@type":"WebSite","@id":"https:\/\/www.geopolitics.fr\/#website","url":"https:\/\/www.geopolitics.fr\/","name":"Geopolitics.fr","description":"Geopolitics.fr Analyse politique, relations internationales, d\u00e9fense - ligne \u00e9ditoriale gaullo-chiraquienne","publisher":{"@id":"https:\/\/www.geopolitics.fr\/#organization"},"potentialAction":[{"@type":"SearchAction","target":{"@type":"EntryPoint","urlTemplate":"https:\/\/www.geopolitics.fr\/?s={search_term_string}"},"query-input":{"@type":"PropertyValueSpecification","valueRequired":true,"valueName":"search_term_string"}}],"inLanguage":"en-GB"},{"@type":"Organization","@id":"https:\/\/www.geopolitics.fr\/#organization","name":"Geopolitics.fr","url":"https:\/\/www.geopolitics.fr\/","logo":{"@type":"ImageObject","inLanguage":"en-GB","@id":"https:\/\/www.geopolitics.fr\/#\/schema\/logo\/image\/","url":"https:\/\/www.geopolitics.fr\/wp-content\/uploads\/2024\/01\/logo.jpg","contentUrl":"https:\/\/www.geopolitics.fr\/wp-content\/uploads\/2024\/01\/logo.jpg","width":500,"height":500,"caption":"Geopolitics.fr"},"image":{"@id":"https:\/\/www.geopolitics.fr\/#\/schema\/logo\/image\/"},"sameAs":["https:\/\/www.facebook.com\/people\/Erwan-Davoux\/61557098968092\/","https:\/\/x.com\/Geopolitics_Fr"]},{"@type":"Person","@id":"https:\/\/www.geopolitics.fr\/#\/schema\/person\/2b73b2101df6ed1877dcb227a0be4a5d","name":"Valerie Morales Attias","image":{"@type":"ImageObject","inLanguage":"en-GB","@id":"https:\/\/www.geopolitics.fr\/wp-content\/uploads\/2024\/04\/cropped-valerie-mora-96x96.jpg","url":"https:\/\/www.geopolitics.fr\/wp-content\/uploads\/2024\/04\/cropped-valerie-mora-96x96.jpg","contentUrl":"https:\/\/www.geopolitics.fr\/wp-content\/uploads\/2024\/04\/cropped-valerie-mora-96x96.jpg","caption":"Valerie Morales Attias"},"description":"N\u00e9e \u00e0 Oran, elle est journaliste et \u00e9crivain. Enseignante \u00e0 l'Ecole Sup\u00e9rieure de Journalisme de Paris - Ex Directrice g\u00e9n\u00e9rale de Luxe Radio \u00e0 Casablanca. - Elle est l'auteur de plusieurs romans publi\u00e9s au Maroc, en France et en Belgique, ainsi que d'un essai sur le Royaume du Maroc, publi\u00e9 en France aux Editions Descartes.","url":"https:\/\/www.geopolitics.fr\/en\/author\/valerie-morales-attias\/"}]}},"_links":{"self":[{"href":"https:\/\/www.geopolitics.fr\/en\/wp-json\/wp\/v2\/posts\/2071","targetHints":{"allow":["GET"]}}],"collection":[{"href":"https:\/\/www.geopolitics.fr\/en\/wp-json\/wp\/v2\/posts"}],"about":[{"href":"https:\/\/www.geopolitics.fr\/en\/wp-json\/wp\/v2\/types\/post"}],"author":[{"embeddable":true,"href":"https:\/\/www.geopolitics.fr\/en\/wp-json\/wp\/v2\/users\/14"}],"replies":[{"embeddable":true,"href":"https:\/\/www.geopolitics.fr\/en\/wp-json\/wp\/v2\/comments?post=2071"}],"version-history":[{"count":0,"href":"https:\/\/www.geopolitics.fr\/en\/wp-json\/wp\/v2\/posts\/2071\/revisions"}],"wp:featuredmedia":[{"embeddable":true,"href":"https:\/\/www.geopolitics.fr\/en\/wp-json\/wp\/v2\/media\/2072"}],"wp:attachment":[{"href":"https:\/\/www.geopolitics.fr\/en\/wp-json\/wp\/v2\/media?parent=2071"}],"wp:term":[{"taxonomy":"category","embeddable":true,"href":"https:\/\/www.geopolitics.fr\/en\/wp-json\/wp\/v2\/categories?post=2071"},{"taxonomy":"post_tag","embeddable":true,"href":"https:\/\/www.geopolitics.fr\/en\/wp-json\/wp\/v2\/tags?post=2071"}],"curies":[{"name":"wp","href":"https:\/\/api.w.org\/{rel}","templated":true}]}}