{"id":2044,"date":"2024-01-15T19:10:00","date_gmt":"2024-01-15T18:10:00","guid":{"rendered":"https:\/\/www.geopolitics.fr\/?p=2044"},"modified":"2024-03-26T22:54:16","modified_gmt":"2024-03-26T21:54:16","slug":"interview-de-monsieur-moussa-mara-ancien-premier-ministre-du-mali-et-futur-candidat-a-lelection-presidentielle","status":"publish","type":"post","link":"https:\/\/www.geopolitics.fr\/en\/2024\/01\/15\/interview-de-monsieur-moussa-mara-ancien-premier-ministre-du-mali-et-futur-candidat-a-lelection-presidentielle\/","title":{"rendered":"Interview de Monsieur Moussa Mara, ancien Premier ministre du Mali et futur candidat \u00e0 l&rsquo;\u00e9lection pr\u00e9sidentielle"},"content":{"rendered":"<h2 class=\"wp-block-heading has-normal-font-size\" id=\"h-le-rejet-de-politiques-d-attitudes-ou-de-comportements-particuliers-a-fini-par-devenir-au-moins-en-partie-le-rejet-d-un-pays\">\u00ab\u00a0<strong>LE REJET DE POLITIQUES, D&rsquo;ATTITUDES OU DE COMPORTEMENTS PARTICULIERS, A FINI PAR DEVENIR, AU MOINS EN PARTIE, LE REJET D&rsquo;UN PAYS\u00a0\u00bb <\/strong><\/h2>\n\n\n\n<h3 class=\"wp-block-heading\" id=\"h-monsieur-le-premier-ministre-pourriez-vous-nous-dresser-un-tableau-de-la-situation-politique-au-mali-nbsp\"><strong><em>Monsieur le Premier ministre, pourriez-vous nous dresser un tableau de la situation politique au Mali&nbsp;?<\/em><\/strong><\/h3>\n\n\n\n<p class=\"has-medium-font-size wp-block-paragraph\">La situation politique de notre pays est celle d\u2019une transition politique, r\u00e9gime exceptionnel, avec toutes ses caract\u00e9ristiques&nbsp;: des incertitudes sur les perspectives, notamment le retour \u00e0 l\u2019ordre constitutionnel, des partis politiques sur la d\u00e9fensive et de nombreux autres acteurs politiques en posture difficile du fait de l\u2019impopularit\u00e9, des limitations \u00e0 la libert\u00e9 d\u2019opinion, une forte polarisation de la sc\u00e8ne publique mue par la d\u00e9sinformation et d\u2019autres manipulations. Il faut \u00e9galement retenir le contexte s\u00e9curitaire toujours volatile malgr\u00e9 une r\u00e9elle mont\u00e9e en capacit\u00e9 des forces arm\u00e9es et une plus grande pr\u00e9sence \u00e9tatique au nord du pays. Enfin le contexte \u00e9conomique difficile avec des impacts sociaux significatifs alimente sans doute aussi les tensions.<\/p>\n\n\n\n<h3 class=\"wp-block-heading\" id=\"h-on-pensait-l-ere-des-coups-d-etat-revolue-mais-l-executif-malien-semble-tenir-le-choc-peut-il-s-appuyer-sur-une-certaine-popularite-aupres-des-maliens-nbsp-comment-voyez-vous-l-avenir-nbsp\"><strong><em>On pensait l\u2019\u00e8re des coups d\u2019Etat r\u00e9volue mais l\u2019ex\u00e9cutif malien semble tenir le choc. Peut-il s\u2019appuyer sur une certaine popularit\u00e9 aupr\u00e8s des Maliens&nbsp;? Comment voyez-vous l\u2019avenir&nbsp;?<\/em><\/strong><\/h3>\n\n\n\n<p class=\"has-medium-font-size wp-block-paragraph\">La popularit\u00e9 des militaires est r\u00e9elle et comme de nombreux autres analystes l\u2019ont soulign\u00e9, elle est fortement bas\u00e9e sur le grand rejet des populations \u00e0 l\u2019\u00e9gard des acteurs politiques classiques \u00e0 qui sont imput\u00e9es les \u00e9checs de nos pays. Le contexte particulier de nos pays, propice aux manipulations et \u00e0 la d\u00e9sinformation, entretient \u00e9galement l\u2019espoir port\u00e9 sur les militaires. Jusqu\u2019\u00e0 quand cela durera-t-il&nbsp;? Personne ne le sait.<strong> Il y a un risque certain que la transition dure au-del\u00e0 des d\u00e9lais convenus <\/strong>comme on le voit avec le report sine die des \u00e9lections initialement pr\u00e9vues pour f\u00e9vrier 2024. Nous avons \u00e0 poursuivre nos activit\u00e9s politiques et continuer \u00e0 parler aux populations pour travailler \u00e0 une r\u00e9habilitation progressive de la politique. Parall\u00e8lement il faut \u00e9galement maintenir des canaux de discussions avec les autorit\u00e9s pour les convaincre que le retour \u00e0 l\u2019ordre constitutionnel est positif pour le pays mais aussi pour elles-m\u00eames. Dans le contexte actuel, le temps n\u2019est pas forc\u00e9ment l\u2019alli\u00e9 des leaders.<\/p>\n\n\n\n<h3 class=\"wp-block-heading\" id=\"h-quelles-sont-les-evolutions-notables-de-la-situation-securitaire-au-mali-nbsp-quelle-est-la-vraie-place-de-la-force-wagner-au-mali-et-son-bilan-nbsp\"><strong>Quelles sont les \u00e9volutions notables de la situation s\u00e9curitaire au Mali&nbsp;? Quelle est la vraie place de la force Wagner au Mali et son bilan&nbsp;?<\/strong><\/h3>\n\n\n\n<p class=\"has-medium-font-size wp-block-paragraph\">Nos autorit\u00e9s ne reconnaissent pas la pr\u00e9sence de la force Wagner en indiquant qu\u2019elles coop\u00e8rent plut\u00f4t avec l\u2019Etat russe \u00e0 travers des instructeurs militaires. Je me tiendrais donc \u00e0 cette position. Les efforts fournis par les autorit\u00e9s de la transition en termes d\u2019\u00e9quipements et de recrutements ont permis un renforcement significatif des capacit\u00e9s de nos forces de d\u00e9fense et de s\u00e9curit\u00e9. Cela a notamment permis un red\u00e9ploiement au Nord et une occupation des emprises laiss\u00e9es par la MINUSMA sur le d\u00e9part. Le cas le plus embl\u00e9matique \u00e9tant la ville de Kidal qui est de nouveau sous le contr\u00f4le de l\u2019Etat pour la premi\u00e8re fois depuis plus de dix ans. La coop\u00e9ration Russe a aid\u00e9 \u00e0 cela sur diff\u00e9rents plans et cela est positif. En revanche les d\u00e9fis terroristes restent toujours importants dans le pays, autour de 1000 \u00e9coles sont ferm\u00e9es dans notre pays et des centaines de milliers d\u2019enfants ne suivent pas les cours depuis des ann\u00e9es. Nous avons donc du boulot en mati\u00e8re s\u00e9curitaire et la force militaire seule ne sera pas suffisante.<\/p>\n\n\n\n<h3 class=\"wp-block-heading\" id=\"h-quelles-sont-les-pistes-a-privilegier-dans-la-region-sahelienne-pour-contrer-la-menace-djihadiste-apres-le-retrait-des-troupes-francaises-nbsp\"><strong>Quelles sont les pistes \u00e0 privil\u00e9gier dans la r\u00e9gion sah\u00e9lienne pour contrer la menace djihadiste apr\u00e8s le retrait des troupes fran\u00e7aises&nbsp;?<\/strong><\/h3>\n\n\n\n<p class=\"has-medium-font-size wp-block-paragraph\"><strong>Le djihadisme sah\u00e9lien est davantage une insurrection contre nos Etats qu\u2019un islamisme absolutiste et violent qui entendrait installer un califat quelconque. <\/strong>Les forces fran\u00e7aises n\u2019ont pas suffisamment int\u00e9gr\u00e9 cet \u00e9tat de fait et ont eu un traitement uniquement militaire pour finalement constater qu\u2019il ne suffisait pas. Elles ont \u00e9chou\u00e9 malgr\u00e9 les moyens engag\u00e9s. Nos forces paradoxalement ont la m\u00eame approche. Je le dis depuis 2016, si nous ne travaillons pas de mani\u00e8re holistique sur le terrorisme, nous allons \u00e9chouer. Il nous faut travailler concomitamment sur les aspects s\u00e9curitaires, judiciaires, administratifs, socio-\u00e9conomiques, culturels et cultuels. Nous avons l\u2019avantage d\u2019avoir dans notre pays des ressources humaines et des organisations sociales en mesure d\u2019accompagner utilement l\u2019Etat dans cette direction. Nous devons mettre une pression militaire tout en ouvrant des possibilit\u00e9s pour les combattants qui le voudraient de r\u00e9int\u00e9grer la soci\u00e9t\u00e9. Nous devons red\u00e9ployer une administration plus juste et \u00e9quitable, r\u00e9paratrice des fautes pass\u00e9es pour ouvrir des perspectives de r\u00e9conciliation. Nous devons \u00e9galement ouvrir des possibilit\u00e9s d\u2019installation d\u2019ordre socio politique au niveau des localit\u00e9s qui puisse emprunter des r\u00e8gles \u00e0 la religion, c\u2019est ce que j\u2019appelle donner une substance \u00e0 la la\u00efcit\u00e9 malienne. Combattre le terrorisme n\u00e9cessite au moins autant d\u2019intelligence que d\u2019armes&nbsp;!<\/p>\n\n\n\n<h3 class=\"wp-block-heading\" id=\"h-la-france-a-ete-chassee-du-mali-la-rupture-a-ete-brutale-s-agit-il-selon-vous-d-un-sentiment-anti-francais-general-ou-plutot-du-rejet-d-une-politique-et-de-comportements-inadaptes-nbsp\"><strong>La France a \u00e9t\u00e9 chass\u00e9e du Mali. La rupture a \u00e9t\u00e9 brutale. S\u2019agit-il, selon vous d\u2019un sentiment anti-fran\u00e7ais g\u00e9n\u00e9ral ou plut\u00f4t du rejet d\u2019une politique et de comportements inadapt\u00e9s&nbsp;?<\/strong><\/h3>\n\n\n\n<p class=\"has-medium-font-size wp-block-paragraph\"><strong>Le rejet de politiques, d\u2019attitudes ou de comportements particuliers, a fini par devenir, au moins en partie, le rejet d\u2019un pays. <\/strong>Cela alors que nous avons des relations socio culturelles qui ne peuvent \u00eatre rompues tant nous partageons une histoire forte, nos diasporas en sont l\u2019illustration la plus concr\u00e8te. La langue fran\u00e7aise \u00e9galement. Je pense qu\u2019il nous faut r\u00e9\u00e9crire une nouvelle page de l\u2019histoire de nos relations en allant \u00e0 partir de ce qui nous unit et en regardant lucidement ce qui nous divise. Cette r\u00e9\u00e9criture n\u00e9cessite qu\u2019en France on fasse attention aux mots et aux attitudes \u00e0 adopter \u00e0 l\u2019\u00e9gard de l\u2019Afrique en g\u00e9n\u00e9ral et au Mali en particulier.<\/p>\n\n\n\n<h3 class=\"wp-block-heading\" id=\"h-comment-remettre-du-lien-entre-les-deux-pays-nbsp-quelle-importance-doit-jouer-l-importante-diaspora-malienne-et-les-binationaux-pour-y-parvenir-nbsp\"><strong>Comment remettre du lien entre les deux pays&nbsp;? Quelle importance doit jouer l\u2019importante diaspora malienne et les binationaux pour y parvenir&nbsp;?<\/strong><\/h3>\n\n\n\n<p class=\"has-medium-font-size wp-block-paragraph\">Ils doivent constituer le socle \u00e0 partir duquel reb\u00e2tir des relations entre les deux pays. La culture, l\u2019\u00e9ducation, la formation, l\u2019emploi, la coop\u00e9ration \u00e9conomique, les investissements des hommes d\u2019affaires, le sport, sont des domaines qui fonctionnent et qu\u2019il faut privil\u00e9gier pour maintenir et d\u00e9velopper les relations entre les deux pays. Pour ce faire, il faut sortir des postures guerri\u00e8res et des ressentiments comme l\u2019arr\u00eat de la d\u00e9livrance des visas de part et d\u2019autre. <strong>Les collectivit\u00e9s territoriales offrent une autre possibilit\u00e9 de poursuivre la coop\u00e9ration entre les deux pays. <\/strong>Les deux Etats peuvent l\u2018utiliser pour poursuivre autrement et de mani\u00e8re plus utile des relations au services des populations.<\/p>\n\n\n\n<figure class=\"wp-block-image size-large\"><img fetchpriority=\"high\" decoding=\"async\" width=\"683\" height=\"1024\" src=\"https:\/\/www.geopolitics.fr\/wp-content\/uploads\/2024\/01\/thumbnail_IMG-20210201-WA0204-683x1024.jpg\" alt=\"\" class=\"wp-image-2047\" srcset=\"https:\/\/www.geopolitics.fr\/wp-content\/uploads\/2024\/01\/thumbnail_IMG-20210201-WA0204-683x1024.jpg 683w, https:\/\/www.geopolitics.fr\/wp-content\/uploads\/2024\/01\/thumbnail_IMG-20210201-WA0204-600x900.jpg 600w, https:\/\/www.geopolitics.fr\/wp-content\/uploads\/2024\/01\/thumbnail_IMG-20210201-WA0204-200x300.jpg 200w, https:\/\/www.geopolitics.fr\/wp-content\/uploads\/2024\/01\/thumbnail_IMG-20210201-WA0204-585x878.jpg 585w, https:\/\/www.geopolitics.fr\/wp-content\/uploads\/2024\/01\/thumbnail_IMG-20210201-WA0204.jpg 720w\" sizes=\"(max-width: 683px) 100vw, 683px\" \/><\/figure>\n\n\n\n<h3 class=\"wp-block-heading\" id=\"h-vous-meme-comment-envisagez-vous-votre-avenir-politique-nbsp\"><strong>Vous-m\u00eame, comment envisagez-vous votre avenir politique&nbsp;?<\/strong><\/h3>\n\n\n\n<p class=\"has-medium-font-size wp-block-paragraph\">Mon avenir politique sera politique&nbsp;! c\u2019est-\u00e0-dire au service de mon pays. <strong>Je viens d\u2019\u00eatre d\u00e9sign\u00e9 par mon parti comme son candidat \u00e0 la prochaine \u00e9lection pr\u00e9sidentielle dont on ne connait pas encore la date (rires).<\/strong> Mais nous sommes patients et nous saurons attendre le moment pour proposer \u00e0 nos compatriotes un projet de rassemblement et de changement v\u00e9ritables. D\u2019ici l\u00e0 nous poursuivons toutes nos actions politiques pour sensibiliser et convaincre nos compatriotes. Nous essayons d\u2019\u00eatre utiles, secourir comme on peut les personnes dans le besoin \u00e0 travers notre fondation pour l\u2019entraide et le d\u00e9veloppement. Nous voyageons \u00e9galement dans le pays \u00e0 la rencontre de nos compatriotes. Nous continuerons \u00e0 parcourir le Monde pour animer des conf\u00e9rences, participer \u00e0 des \u00e9v\u00e8nements et tenir notre rang. Evidement nous maintiendrons des rapports francs, sinc\u00e8res et constructifs avec les autorit\u00e9s de la transition pour contribuer \u00e0 la r\u00e9ussite de cette p\u00e9riode et \u00e9voluer vers un retour productif \u00e0 l\u2019ordre constitutionnel. <strong>Vous voyez que notre avenir politique sera tr\u00e8s politique&nbsp;!<\/strong><\/p>\n\n\n\n<p class=\"wp-block-paragraph\"><\/p>","protected":false},"excerpt":{"rendered":"<p>\u00ab\u00a0LE REJET DE POLITIQUES, D&rsquo;ATTITUDES OU DE COMPORTEMENTS PARTICULIERS, A FINI PAR DEVENIR, AU MOINS EN PARTIE, LE REJET D&rsquo;UN PAYS\u00a0\u00bb Monsieur&hellip;<\/p>","protected":false},"author":9,"featured_media":2053,"comment_status":"open","ping_status":"open","sticky":false,"template":"","format":"standard","meta":{"_lmt_disableupdate":"","_lmt_disable":"","footnotes":""},"categories":[5],"tags":[],"class_list":["post-2044","post","type-post","status-publish","format-standard","has-post-thumbnail","hentry","category-international"],"yoast_head":"<!-- This site is optimized with the Yoast SEO Premium plugin v28.1 (Yoast SEO v28.1) - https:\/\/yoast.com\/product\/yoast-seo-premium-wordpress\/ -->\n<title>Interview de Monsieur Moussa Mara, ancien Premier ministre du Mali et futur candidat \u00e0 l&#039;\u00e9lection pr\u00e9sidentielle | Geopolitics.fr<\/title>\n<meta name=\"robots\" content=\"index, follow, max-snippet:-1, max-image-preview:large, max-video-preview:-1\" \/>\n<link rel=\"canonical\" href=\"https:\/\/www.geopolitics.fr\/en\/2024\/01\/15\/interview-de-monsieur-moussa-mara-ancien-premier-ministre-du-mali-et-futur-candidat-a-lelection-presidentielle\/\" \/>\n<meta property=\"og:locale\" content=\"en_GB\" \/>\n<meta property=\"og:type\" content=\"article\" \/>\n<meta property=\"og:title\" content=\"Interview de Monsieur Moussa Mara, ancien Premier ministre du Mali et futur candidat \u00e0 l&#039;\u00e9lection pr\u00e9sidentielle\" \/>\n<meta property=\"og:description\" content=\"\u00ab\u00a0LE REJET DE POLITIQUES, D&rsquo;ATTITUDES OU DE COMPORTEMENTS PARTICULIERS, A FINI PAR DEVENIR, AU MOINS EN PARTIE, LE REJET D&rsquo;UN PAYS\u00a0\u00bb Monsieur&hellip;\" \/>\n<meta property=\"og:url\" content=\"https:\/\/www.geopolitics.fr\/en\/2024\/01\/15\/interview-de-monsieur-moussa-mara-ancien-premier-ministre-du-mali-et-futur-candidat-a-lelection-presidentielle\/\" \/>\n<meta property=\"og:site_name\" content=\"Geopolitics.fr\" \/>\n<meta property=\"article:publisher\" content=\"https:\/\/www.facebook.com\/people\/Erwan-Davoux\/61557098968092\/\" \/>\n<meta property=\"article:published_time\" content=\"2024-01-15T18:10:00+00:00\" \/>\n<meta property=\"article:modified_time\" content=\"2024-03-26T21:54:16+00:00\" \/>\n<meta property=\"og:image\" content=\"https:\/\/www.geopolitics.fr\/wp-content\/uploads\/2024\/01\/thumbnail_Moussa-Mara-2.jpg\" \/>\n\t<meta property=\"og:image:width\" content=\"1001\" \/>\n\t<meta property=\"og:image:height\" content=\"1000\" \/>\n\t<meta property=\"og:image:type\" content=\"image\/jpeg\" \/>\n<meta name=\"author\" content=\"contact@geopolitics.fr\" \/>\n<meta name=\"twitter:card\" content=\"summary_large_image\" \/>\n<meta name=\"twitter:creator\" content=\"@Geopolitics_Fr\" \/>\n<meta name=\"twitter:site\" content=\"@Geopolitics_Fr\" \/>\n<meta name=\"twitter:label1\" content=\"Written by\" \/>\n\t<meta name=\"twitter:data1\" content=\"contact@geopolitics.fr\" \/>\n\t<meta name=\"twitter:label2\" content=\"Estimated reading time\" \/>\n\t<meta name=\"twitter:data2\" content=\"7 minutes\" \/>\n<script type=\"application\/ld+json\" class=\"yoast-schema-graph\">{\"@context\":\"https:\\\/\\\/schema.org\",\"@graph\":[{\"@type\":\"Article\",\"@id\":\"https:\\\/\\\/www.geopolitics.fr\\\/2024\\\/01\\\/15\\\/interview-de-monsieur-moussa-mara-ancien-premier-ministre-du-mali-et-futur-candidat-a-lelection-presidentielle\\\/#article\",\"isPartOf\":{\"@id\":\"https:\\\/\\\/www.geopolitics.fr\\\/2024\\\/01\\\/15\\\/interview-de-monsieur-moussa-mara-ancien-premier-ministre-du-mali-et-futur-candidat-a-lelection-presidentielle\\\/\"},\"author\":{\"name\":\"contact@geopolitics.fr\",\"@id\":\"https:\\\/\\\/www.geopolitics.fr\\\/#\\\/schema\\\/person\\\/69dde260ad11805e2aa68f0d9e9128da\"},\"headline\":\"Interview de Monsieur Moussa Mara, ancien Premier ministre du Mali et futur candidat \u00e0 l&rsquo;\u00e9lection pr\u00e9sidentielle\",\"datePublished\":\"2024-01-15T18:10:00+00:00\",\"dateModified\":\"2024-03-26T21:54:16+00:00\",\"mainEntityOfPage\":{\"@id\":\"https:\\\/\\\/www.geopolitics.fr\\\/2024\\\/01\\\/15\\\/interview-de-monsieur-moussa-mara-ancien-premier-ministre-du-mali-et-futur-candidat-a-lelection-presidentielle\\\/\"},\"wordCount\":1364,\"commentCount\":0,\"publisher\":{\"@id\":\"https:\\\/\\\/www.geopolitics.fr\\\/#organization\"},\"image\":{\"@id\":\"https:\\\/\\\/www.geopolitics.fr\\\/2024\\\/01\\\/15\\\/interview-de-monsieur-moussa-mara-ancien-premier-ministre-du-mali-et-futur-candidat-a-lelection-presidentielle\\\/#primaryimage\"},\"thumbnailUrl\":\"https:\\\/\\\/www.geopolitics.fr\\\/wp-content\\\/uploads\\\/2024\\\/01\\\/thumbnail_Moussa-Mara-2.jpg\",\"articleSection\":[\"International\"],\"inLanguage\":\"en-GB\"},{\"@type\":\"WebPage\",\"@id\":\"https:\\\/\\\/www.geopolitics.fr\\\/2024\\\/01\\\/15\\\/interview-de-monsieur-moussa-mara-ancien-premier-ministre-du-mali-et-futur-candidat-a-lelection-presidentielle\\\/\",\"url\":\"https:\\\/\\\/www.geopolitics.fr\\\/2024\\\/01\\\/15\\\/interview-de-monsieur-moussa-mara-ancien-premier-ministre-du-mali-et-futur-candidat-a-lelection-presidentielle\\\/\",\"name\":\"Interview de Monsieur Moussa Mara, ancien Premier ministre du Mali et futur candidat \u00e0 l'\u00e9lection pr\u00e9sidentielle | Geopolitics.fr\",\"isPartOf\":{\"@id\":\"https:\\\/\\\/www.geopolitics.fr\\\/#website\"},\"primaryImageOfPage\":{\"@id\":\"https:\\\/\\\/www.geopolitics.fr\\\/2024\\\/01\\\/15\\\/interview-de-monsieur-moussa-mara-ancien-premier-ministre-du-mali-et-futur-candidat-a-lelection-presidentielle\\\/#primaryimage\"},\"image\":{\"@id\":\"https:\\\/\\\/www.geopolitics.fr\\\/2024\\\/01\\\/15\\\/interview-de-monsieur-moussa-mara-ancien-premier-ministre-du-mali-et-futur-candidat-a-lelection-presidentielle\\\/#primaryimage\"},\"thumbnailUrl\":\"https:\\\/\\\/www.geopolitics.fr\\\/wp-content\\\/uploads\\\/2024\\\/01\\\/thumbnail_Moussa-Mara-2.jpg\",\"datePublished\":\"2024-01-15T18:10:00+00:00\",\"dateModified\":\"2024-03-26T21:54:16+00:00\",\"breadcrumb\":{\"@id\":\"https:\\\/\\\/www.geopolitics.fr\\\/2024\\\/01\\\/15\\\/interview-de-monsieur-moussa-mara-ancien-premier-ministre-du-mali-et-futur-candidat-a-lelection-presidentielle\\\/#breadcrumb\"},\"inLanguage\":\"en-GB\",\"potentialAction\":[{\"@type\":\"ReadAction\",\"target\":[\"https:\\\/\\\/www.geopolitics.fr\\\/2024\\\/01\\\/15\\\/interview-de-monsieur-moussa-mara-ancien-premier-ministre-du-mali-et-futur-candidat-a-lelection-presidentielle\\\/\"]}]},{\"@type\":\"ImageObject\",\"inLanguage\":\"en-GB\",\"@id\":\"https:\\\/\\\/www.geopolitics.fr\\\/2024\\\/01\\\/15\\\/interview-de-monsieur-moussa-mara-ancien-premier-ministre-du-mali-et-futur-candidat-a-lelection-presidentielle\\\/#primaryimage\",\"url\":\"https:\\\/\\\/www.geopolitics.fr\\\/wp-content\\\/uploads\\\/2024\\\/01\\\/thumbnail_Moussa-Mara-2.jpg\",\"contentUrl\":\"https:\\\/\\\/www.geopolitics.fr\\\/wp-content\\\/uploads\\\/2024\\\/01\\\/thumbnail_Moussa-Mara-2.jpg\",\"width\":1001,\"height\":1000},{\"@type\":\"BreadcrumbList\",\"@id\":\"https:\\\/\\\/www.geopolitics.fr\\\/2024\\\/01\\\/15\\\/interview-de-monsieur-moussa-mara-ancien-premier-ministre-du-mali-et-futur-candidat-a-lelection-presidentielle\\\/#breadcrumb\",\"itemListElement\":[{\"@type\":\"ListItem\",\"position\":1,\"name\":\"Accueil\",\"item\":\"https:\\\/\\\/www.geopolitics.fr\\\/\"},{\"@type\":\"ListItem\",\"position\":2,\"name\":\"Interview de Monsieur Moussa Mara, ancien Premier ministre du Mali et futur candidat \u00e0 l&#8217;\u00e9lection pr\u00e9sidentielle\"}]},{\"@type\":\"WebSite\",\"@id\":\"https:\\\/\\\/www.geopolitics.fr\\\/#website\",\"url\":\"https:\\\/\\\/www.geopolitics.fr\\\/\",\"name\":\"Geopolitics.fr\",\"description\":\"Geopolitics.fr Analyse politique, relations internationales, d\u00e9fense - ligne \u00e9ditoriale gaullo-chiraquienne\",\"publisher\":{\"@id\":\"https:\\\/\\\/www.geopolitics.fr\\\/#organization\"},\"potentialAction\":[{\"@type\":\"SearchAction\",\"target\":{\"@type\":\"EntryPoint\",\"urlTemplate\":\"https:\\\/\\\/www.geopolitics.fr\\\/?s={search_term_string}\"},\"query-input\":{\"@type\":\"PropertyValueSpecification\",\"valueRequired\":true,\"valueName\":\"search_term_string\"}}],\"inLanguage\":\"en-GB\"},{\"@type\":\"Organization\",\"@id\":\"https:\\\/\\\/www.geopolitics.fr\\\/#organization\",\"name\":\"Geopolitics.fr\",\"url\":\"https:\\\/\\\/www.geopolitics.fr\\\/\",\"logo\":{\"@type\":\"ImageObject\",\"inLanguage\":\"en-GB\",\"@id\":\"https:\\\/\\\/www.geopolitics.fr\\\/#\\\/schema\\\/logo\\\/image\\\/\",\"url\":\"https:\\\/\\\/www.geopolitics.fr\\\/wp-content\\\/uploads\\\/2024\\\/01\\\/logo.jpg\",\"contentUrl\":\"https:\\\/\\\/www.geopolitics.fr\\\/wp-content\\\/uploads\\\/2024\\\/01\\\/logo.jpg\",\"width\":500,\"height\":500,\"caption\":\"Geopolitics.fr\"},\"image\":{\"@id\":\"https:\\\/\\\/www.geopolitics.fr\\\/#\\\/schema\\\/logo\\\/image\\\/\"},\"sameAs\":[\"https:\\\/\\\/www.facebook.com\\\/people\\\/Erwan-Davoux\\\/61557098968092\\\/\",\"https:\\\/\\\/x.com\\\/Geopolitics_Fr\"]},{\"@type\":\"Person\",\"@id\":\"https:\\\/\\\/www.geopolitics.fr\\\/#\\\/schema\\\/person\\\/69dde260ad11805e2aa68f0d9e9128da\",\"name\":\"contact@geopolitics.fr\",\"image\":{\"@type\":\"ImageObject\",\"inLanguage\":\"en-GB\",\"@id\":\"https:\\\/\\\/www.geopolitics.fr\\\/wp-content\\\/uploads\\\/2024\\\/01\\\/edito-bonne-banniere-96x96.jpg\",\"url\":\"https:\\\/\\\/www.geopolitics.fr\\\/wp-content\\\/uploads\\\/2024\\\/01\\\/edito-bonne-banniere-96x96.jpg\",\"contentUrl\":\"https:\\\/\\\/www.geopolitics.fr\\\/wp-content\\\/uploads\\\/2024\\\/01\\\/edito-bonne-banniere-96x96.jpg\",\"caption\":\"contact@geopolitics.fr\"},\"url\":\"https:\\\/\\\/www.geopolitics.fr\\\/en\\\/author\\\/contactgeopolitics-fr\\\/\"}]}<\/script>\n<!-- \/ Yoast SEO Premium plugin. -->","yoast_head_json":{"title":"Interview de Monsieur Moussa Mara, ancien Premier ministre du Mali et futur candidat \u00e0 l'\u00e9lection pr\u00e9sidentielle | Geopolitics.fr","robots":{"index":"index","follow":"follow","max-snippet":"max-snippet:-1","max-image-preview":"max-image-preview:large","max-video-preview":"max-video-preview:-1"},"canonical":"https:\/\/www.geopolitics.fr\/en\/2024\/01\/15\/interview-de-monsieur-moussa-mara-ancien-premier-ministre-du-mali-et-futur-candidat-a-lelection-presidentielle\/","og_locale":"en_GB","og_type":"article","og_title":"Interview de Monsieur Moussa Mara, ancien Premier ministre du Mali et futur candidat \u00e0 l'\u00e9lection pr\u00e9sidentielle","og_description":"\u00ab\u00a0LE REJET DE POLITIQUES, D&rsquo;ATTITUDES OU DE COMPORTEMENTS PARTICULIERS, A FINI PAR DEVENIR, AU MOINS EN PARTIE, LE REJET D&rsquo;UN PAYS\u00a0\u00bb Monsieur&hellip;","og_url":"https:\/\/www.geopolitics.fr\/en\/2024\/01\/15\/interview-de-monsieur-moussa-mara-ancien-premier-ministre-du-mali-et-futur-candidat-a-lelection-presidentielle\/","og_site_name":"Geopolitics.fr","article_publisher":"https:\/\/www.facebook.com\/people\/Erwan-Davoux\/61557098968092\/","article_published_time":"2024-01-15T18:10:00+00:00","article_modified_time":"2024-03-26T21:54:16+00:00","og_image":[{"width":1001,"height":1000,"url":"https:\/\/www.geopolitics.fr\/wp-content\/uploads\/2024\/01\/thumbnail_Moussa-Mara-2.jpg","type":"image\/jpeg"}],"author":"contact@geopolitics.fr","twitter_card":"summary_large_image","twitter_creator":"@Geopolitics_Fr","twitter_site":"@Geopolitics_Fr","twitter_misc":{"Written by":"contact@geopolitics.fr","Estimated reading time":"7 minutes"},"schema":{"@context":"https:\/\/schema.org","@graph":[{"@type":"Article","@id":"https:\/\/www.geopolitics.fr\/2024\/01\/15\/interview-de-monsieur-moussa-mara-ancien-premier-ministre-du-mali-et-futur-candidat-a-lelection-presidentielle\/#article","isPartOf":{"@id":"https:\/\/www.geopolitics.fr\/2024\/01\/15\/interview-de-monsieur-moussa-mara-ancien-premier-ministre-du-mali-et-futur-candidat-a-lelection-presidentielle\/"},"author":{"name":"contact@geopolitics.fr","@id":"https:\/\/www.geopolitics.fr\/#\/schema\/person\/69dde260ad11805e2aa68f0d9e9128da"},"headline":"Interview de Monsieur Moussa Mara, ancien Premier ministre du Mali et futur candidat \u00e0 l&rsquo;\u00e9lection pr\u00e9sidentielle","datePublished":"2024-01-15T18:10:00+00:00","dateModified":"2024-03-26T21:54:16+00:00","mainEntityOfPage":{"@id":"https:\/\/www.geopolitics.fr\/2024\/01\/15\/interview-de-monsieur-moussa-mara-ancien-premier-ministre-du-mali-et-futur-candidat-a-lelection-presidentielle\/"},"wordCount":1364,"commentCount":0,"publisher":{"@id":"https:\/\/www.geopolitics.fr\/#organization"},"image":{"@id":"https:\/\/www.geopolitics.fr\/2024\/01\/15\/interview-de-monsieur-moussa-mara-ancien-premier-ministre-du-mali-et-futur-candidat-a-lelection-presidentielle\/#primaryimage"},"thumbnailUrl":"https:\/\/www.geopolitics.fr\/wp-content\/uploads\/2024\/01\/thumbnail_Moussa-Mara-2.jpg","articleSection":["International"],"inLanguage":"en-GB"},{"@type":"WebPage","@id":"https:\/\/www.geopolitics.fr\/2024\/01\/15\/interview-de-monsieur-moussa-mara-ancien-premier-ministre-du-mali-et-futur-candidat-a-lelection-presidentielle\/","url":"https:\/\/www.geopolitics.fr\/2024\/01\/15\/interview-de-monsieur-moussa-mara-ancien-premier-ministre-du-mali-et-futur-candidat-a-lelection-presidentielle\/","name":"Interview de Monsieur Moussa Mara, ancien Premier ministre du Mali et futur candidat \u00e0 l'\u00e9lection pr\u00e9sidentielle | Geopolitics.fr","isPartOf":{"@id":"https:\/\/www.geopolitics.fr\/#website"},"primaryImageOfPage":{"@id":"https:\/\/www.geopolitics.fr\/2024\/01\/15\/interview-de-monsieur-moussa-mara-ancien-premier-ministre-du-mali-et-futur-candidat-a-lelection-presidentielle\/#primaryimage"},"image":{"@id":"https:\/\/www.geopolitics.fr\/2024\/01\/15\/interview-de-monsieur-moussa-mara-ancien-premier-ministre-du-mali-et-futur-candidat-a-lelection-presidentielle\/#primaryimage"},"thumbnailUrl":"https:\/\/www.geopolitics.fr\/wp-content\/uploads\/2024\/01\/thumbnail_Moussa-Mara-2.jpg","datePublished":"2024-01-15T18:10:00+00:00","dateModified":"2024-03-26T21:54:16+00:00","breadcrumb":{"@id":"https:\/\/www.geopolitics.fr\/2024\/01\/15\/interview-de-monsieur-moussa-mara-ancien-premier-ministre-du-mali-et-futur-candidat-a-lelection-presidentielle\/#breadcrumb"},"inLanguage":"en-GB","potentialAction":[{"@type":"ReadAction","target":["https:\/\/www.geopolitics.fr\/2024\/01\/15\/interview-de-monsieur-moussa-mara-ancien-premier-ministre-du-mali-et-futur-candidat-a-lelection-presidentielle\/"]}]},{"@type":"ImageObject","inLanguage":"en-GB","@id":"https:\/\/www.geopolitics.fr\/2024\/01\/15\/interview-de-monsieur-moussa-mara-ancien-premier-ministre-du-mali-et-futur-candidat-a-lelection-presidentielle\/#primaryimage","url":"https:\/\/www.geopolitics.fr\/wp-content\/uploads\/2024\/01\/thumbnail_Moussa-Mara-2.jpg","contentUrl":"https:\/\/www.geopolitics.fr\/wp-content\/uploads\/2024\/01\/thumbnail_Moussa-Mara-2.jpg","width":1001,"height":1000},{"@type":"BreadcrumbList","@id":"https:\/\/www.geopolitics.fr\/2024\/01\/15\/interview-de-monsieur-moussa-mara-ancien-premier-ministre-du-mali-et-futur-candidat-a-lelection-presidentielle\/#breadcrumb","itemListElement":[{"@type":"ListItem","position":1,"name":"Accueil","item":"https:\/\/www.geopolitics.fr\/"},{"@type":"ListItem","position":2,"name":"Interview de Monsieur Moussa Mara, ancien Premier ministre du Mali et futur candidat \u00e0 l&#8217;\u00e9lection pr\u00e9sidentielle"}]},{"@type":"WebSite","@id":"https:\/\/www.geopolitics.fr\/#website","url":"https:\/\/www.geopolitics.fr\/","name":"Geopolitics.fr","description":"Geopolitics.fr Analyse politique, relations internationales, d\u00e9fense - ligne \u00e9ditoriale gaullo-chiraquienne","publisher":{"@id":"https:\/\/www.geopolitics.fr\/#organization"},"potentialAction":[{"@type":"SearchAction","target":{"@type":"EntryPoint","urlTemplate":"https:\/\/www.geopolitics.fr\/?s={search_term_string}"},"query-input":{"@type":"PropertyValueSpecification","valueRequired":true,"valueName":"search_term_string"}}],"inLanguage":"en-GB"},{"@type":"Organization","@id":"https:\/\/www.geopolitics.fr\/#organization","name":"Geopolitics.fr","url":"https:\/\/www.geopolitics.fr\/","logo":{"@type":"ImageObject","inLanguage":"en-GB","@id":"https:\/\/www.geopolitics.fr\/#\/schema\/logo\/image\/","url":"https:\/\/www.geopolitics.fr\/wp-content\/uploads\/2024\/01\/logo.jpg","contentUrl":"https:\/\/www.geopolitics.fr\/wp-content\/uploads\/2024\/01\/logo.jpg","width":500,"height":500,"caption":"Geopolitics.fr"},"image":{"@id":"https:\/\/www.geopolitics.fr\/#\/schema\/logo\/image\/"},"sameAs":["https:\/\/www.facebook.com\/people\/Erwan-Davoux\/61557098968092\/","https:\/\/x.com\/Geopolitics_Fr"]},{"@type":"Person","@id":"https:\/\/www.geopolitics.fr\/#\/schema\/person\/69dde260ad11805e2aa68f0d9e9128da","name":"contact@geopolitics.fr","image":{"@type":"ImageObject","inLanguage":"en-GB","@id":"https:\/\/www.geopolitics.fr\/wp-content\/uploads\/2024\/01\/edito-bonne-banniere-96x96.jpg","url":"https:\/\/www.geopolitics.fr\/wp-content\/uploads\/2024\/01\/edito-bonne-banniere-96x96.jpg","contentUrl":"https:\/\/www.geopolitics.fr\/wp-content\/uploads\/2024\/01\/edito-bonne-banniere-96x96.jpg","caption":"contact@geopolitics.fr"},"url":"https:\/\/www.geopolitics.fr\/en\/author\/contactgeopolitics-fr\/"}]}},"_links":{"self":[{"href":"https:\/\/www.geopolitics.fr\/en\/wp-json\/wp\/v2\/posts\/2044","targetHints":{"allow":["GET"]}}],"collection":[{"href":"https:\/\/www.geopolitics.fr\/en\/wp-json\/wp\/v2\/posts"}],"about":[{"href":"https:\/\/www.geopolitics.fr\/en\/wp-json\/wp\/v2\/types\/post"}],"author":[{"embeddable":true,"href":"https:\/\/www.geopolitics.fr\/en\/wp-json\/wp\/v2\/users\/9"}],"replies":[{"embeddable":true,"href":"https:\/\/www.geopolitics.fr\/en\/wp-json\/wp\/v2\/comments?post=2044"}],"version-history":[{"count":0,"href":"https:\/\/www.geopolitics.fr\/en\/wp-json\/wp\/v2\/posts\/2044\/revisions"}],"wp:featuredmedia":[{"embeddable":true,"href":"https:\/\/www.geopolitics.fr\/en\/wp-json\/wp\/v2\/media\/2053"}],"wp:attachment":[{"href":"https:\/\/www.geopolitics.fr\/en\/wp-json\/wp\/v2\/media?parent=2044"}],"wp:term":[{"taxonomy":"category","embeddable":true,"href":"https:\/\/www.geopolitics.fr\/en\/wp-json\/wp\/v2\/categories?post=2044"},{"taxonomy":"post_tag","embeddable":true,"href":"https:\/\/www.geopolitics.fr\/en\/wp-json\/wp\/v2\/tags?post=2044"}],"curies":[{"name":"wp","href":"https:\/\/api.w.org\/{rel}","templated":true}]}}