{"id":2030,"date":"2024-01-13T18:02:45","date_gmt":"2024-01-13T17:02:45","guid":{"rendered":"https:\/\/www.geopolitics.fr\/?p=2030"},"modified":"2024-03-26T23:05:07","modified_gmt":"2024-03-26T22:05:07","slug":"le-gouvernement-attal-deja-en-sursis","status":"publish","type":"post","link":"https:\/\/www.geopolitics.fr\/en\/2024\/01\/13\/le-gouvernement-attal-deja-en-sursis\/","title":{"rendered":"Le Gouvernement Attal, d\u00e9j\u00e0 en sursis ?"},"content":{"rendered":"<p class=\"has-medium-font-size wp-block-paragraph\">Il n\u2019y a pas de majorit\u00e9 \u00e0 l\u2019Assembl\u00e9e Nationale depuis juin 2022. Emmanuel Macron avait deux options pour faire face \u00e0 la solution\u00a0: dissoudre (la solution conforme \u00e0 l\u2019esprit des institutions) ou passer un pacte de gouvernement avec l\u2019opposition.<\/p>\n\n\n\n<p class=\"has-medium-font-size wp-block-paragraph\"><strong>Il n\u2019a choisi aucune de ces deux options raisonnables<\/strong>. La premi\u00e8re par crainte d\u2019une cohabitation que ses pr\u00e9d\u00e9cesseurs ont pourtant accept\u00e9e. La seconde parce qu\u2019il esp\u00e9rait, pas des d\u00e9bauchages individuels, faire exploser la droite sans avoir \u00e0 n\u00e9gocier. En vain\u2026<\/p>\n\n\n\n<p class=\"has-medium-font-size wp-block-paragraph\">Une premi\u00e8re alerte, sans frais, aura \u00e9t\u00e9 la motion de rejet adopt\u00e9e sur la loi immigration, le 12 d\u00e9cembre.<\/p>\n\n\n\n<p class=\"has-medium-font-size wp-block-paragraph\"><strong>Le gouvernement Attal change la donne mais probablement pas dans le sens souhait\u00e9 par le Pr\u00e9sident de la R\u00e9publique<\/strong>. Le semblant d\u2019\u00e9quilibre, peu respectueux du vote des Fran\u00e7ais, est encore davantage menac\u00e9.<\/p>\n\n\n\n<p class=\"has-medium-font-size wp-block-paragraph\">En effet, l\u2019entr\u00e9e au gouvernement de Rachida Dati (et de Catherine Vautrin), un \u00ab&nbsp;coup politique&nbsp;\u00bb comme les affectionnent tant Nicolas Sarkozy et Emmanuel Macron, ne d\u00e9placera pas une seule voix \u00e0 l\u2019Assembl\u00e9e nationale ou au S\u00e9nat. Le pacte entre Emmanuel Macron et l\u2019ancien Pr\u00e9sident est connu de longue date, les deux entrantes ne font que le sceller.<\/p>\n\n\n\n<p class=\"has-medium-font-size wp-block-paragraph\">En revanche, il est un <strong>chiffon rouge<\/strong> pour l\u2019<strong>aile gauche de la macronie<\/strong>, sortie d\u00e9j\u00e0 rabougrie du nouveau gouvernement. Une fronde plus s\u00e9rieuse que celle intervenue en d\u00e9cembre est probable.<\/p>\n\n\n\n<p class=\"has-medium-font-size wp-block-paragraph\">Cette entr\u00e9e au gouvernement de deux sarkozystes pures et dures ne peut manquer d\u2019\u00eatre <strong>mal v\u00e9cue au Modem<\/strong>, chacun connaissant l\u2019\u00e9tat des relations entre Fran\u00e7ois Bayrou et Nicolas Sarkozy. Or, sans le Modem, la majorit\u00e9 n\u2019est m\u00eame plus \u00ab&nbsp;relative&nbsp;\u00bb (expression farfelue sous la V\u00e8me R\u00e9publique) mais tout simplement inexistante.<\/p>\n\n\n\n<p class=\"has-medium-font-size wp-block-paragraph\">Quant au barons de la Macronie, chacun sait qu\u2019ils ont \u00e9t\u00e9 peu enjou\u00e9s de se voir doubl\u00e9s par un \u00ab&nbsp;jeune homme&nbsp;\u00bb. <strong>Un coup de Jarnac<\/strong> n\u2019est pas \u00e0 exclure.<\/p>\n\n\n\n<p class=\"has-medium-font-size wp-block-paragraph\">Enfin, quelle raison pourrait pousser \u00ab&nbsp;Les R\u00e9publicains&nbsp;\u00bb, d\u00e9sormais, \u00e0 ne pas voter une motion de censure&nbsp;? La droite est ressortie un peu requinqu\u00e9e de l\u2019\u00e9pisode tragi-comique survenu lors du vote de la loi immigration. Le m\u00e9pris d\u2019Emmanuel Macron \u00e0 son \u00e9gard comme la popularit\u00e9 chancelante de ce dernier, pourraient convaincre les d\u00e9put\u00e9s LR <strong>qu\u2019un retour devant les urnes n\u2019est pas aussi risqu\u00e9 qu\u2019envisag\u00e9 initialement. A d\u00e9faut, ils courent le risque d\u2019\u00eatre assimil\u00e9s \u00e0 des suppl\u00e9tifs <\/strong>et ouvriraient un boulevard, encore plus large, \u00e0 Marine Le Pen. Cette derni\u00e8re pourrait alors revendiquer (avec feu la NUPES) le titre de seule opposition au macronisme.<\/p>\n\n\n\n<p class=\"has-medium-font-size wp-block-paragraph\">Il faut souhaiter bon courage au Chef de la majorit\u00e9 \u00ab&nbsp;relative&nbsp;\u00bb, Gabriel Attal, et \u00e0 ceux charg\u00e9s de coordonner les groupes macronistes et d\u2019assurer une forme de coh\u00e9rence \u00e0 l\u2019Assembl\u00e9e nationale. La mission est quasiment impossible&nbsp;; son \u00e9chec contraindrait le Pr\u00e9sident de la R\u00e9publique \u00e0 dissoudre (enfin) l\u2019Assembl\u00e9e nationale.<\/p>","protected":false},"excerpt":{"rendered":"<p>Il n\u2019y a pas de majorit\u00e9 \u00e0 l\u2019Assembl\u00e9e Nationale depuis juin 2022. Emmanuel Macron avait deux options pour faire face \u00e0 la&hellip;<\/p>","protected":false},"author":9,"featured_media":2176,"comment_status":"open","ping_status":"open","sticky":true,"template":"","format":"standard","meta":{"_lmt_disableupdate":"","_lmt_disable":"","footnotes":""},"categories":[34,3],"tags":[],"class_list":["post-2030","post","type-post","status-publish","format-standard","has-post-thumbnail","hentry","category-editorial","category-politique"],"yoast_head":"<!-- This site is optimized with the Yoast SEO Premium plugin v28.1 (Yoast SEO v28.1) - https:\/\/yoast.com\/product\/yoast-seo-premium-wordpress\/ -->\n<title>Le Gouvernement Attal, d\u00e9j\u00e0 en sursis ? | Geopolitics.fr<\/title>\n<meta name=\"robots\" content=\"index, follow, max-snippet:-1, max-image-preview:large, max-video-preview:-1\" \/>\n<link rel=\"canonical\" href=\"https:\/\/www.geopolitics.fr\/en\/2024\/01\/13\/le-gouvernement-attal-deja-en-sursis\/\" \/>\n<meta property=\"og:locale\" content=\"en_GB\" \/>\n<meta property=\"og:type\" content=\"article\" \/>\n<meta property=\"og:title\" content=\"Le Gouvernement Attal, d\u00e9j\u00e0 en sursis ?\" \/>\n<meta property=\"og:description\" content=\"Il n\u2019y a pas de majorit\u00e9 \u00e0 l\u2019Assembl\u00e9e Nationale depuis juin 2022. Emmanuel Macron avait deux options pour faire face \u00e0 la&hellip;\" \/>\n<meta property=\"og:url\" content=\"https:\/\/www.geopolitics.fr\/en\/2024\/01\/13\/le-gouvernement-attal-deja-en-sursis\/\" \/>\n<meta property=\"og:site_name\" content=\"Geopolitics.fr\" \/>\n<meta property=\"article:publisher\" content=\"https:\/\/www.facebook.com\/people\/Erwan-Davoux\/61557098968092\/\" \/>\n<meta property=\"article:published_time\" content=\"2024-01-13T17:02:45+00:00\" \/>\n<meta property=\"article:modified_time\" content=\"2024-03-26T22:05:07+00:00\" \/>\n<meta property=\"og:image\" content=\"https:\/\/www.geopolitics.fr\/wp-content\/uploads\/2024\/01\/edito-bonne-banniere.jpg\" \/>\n\t<meta property=\"og:image:width\" content=\"600\" \/>\n\t<meta property=\"og:image:height\" content=\"600\" \/>\n\t<meta property=\"og:image:type\" content=\"image\/jpeg\" \/>\n<meta name=\"author\" content=\"contact@geopolitics.fr\" \/>\n<meta name=\"twitter:card\" content=\"summary_large_image\" \/>\n<meta name=\"twitter:creator\" content=\"@Geopolitics_Fr\" \/>\n<meta name=\"twitter:site\" content=\"@Geopolitics_Fr\" \/>\n<meta name=\"twitter:label1\" content=\"Written by\" \/>\n\t<meta name=\"twitter:data1\" content=\"contact@geopolitics.fr\" \/>\n\t<meta name=\"twitter:label2\" content=\"Estimated reading time\" \/>\n\t<meta name=\"twitter:data2\" content=\"3 minutes\" \/>\n<script type=\"application\/ld+json\" class=\"yoast-schema-graph\">{\"@context\":\"https:\\\/\\\/schema.org\",\"@graph\":[{\"@type\":\"Article\",\"@id\":\"https:\\\/\\\/www.geopolitics.fr\\\/2024\\\/01\\\/13\\\/le-gouvernement-attal-deja-en-sursis\\\/#article\",\"isPartOf\":{\"@id\":\"https:\\\/\\\/www.geopolitics.fr\\\/2024\\\/01\\\/13\\\/le-gouvernement-attal-deja-en-sursis\\\/\"},\"author\":{\"name\":\"contact@geopolitics.fr\",\"@id\":\"https:\\\/\\\/www.geopolitics.fr\\\/#\\\/schema\\\/person\\\/69dde260ad11805e2aa68f0d9e9128da\"},\"headline\":\"Le Gouvernement Attal, d\u00e9j\u00e0 en sursis ?\",\"datePublished\":\"2024-01-13T17:02:45+00:00\",\"dateModified\":\"2024-03-26T22:05:07+00:00\",\"mainEntityOfPage\":{\"@id\":\"https:\\\/\\\/www.geopolitics.fr\\\/2024\\\/01\\\/13\\\/le-gouvernement-attal-deja-en-sursis\\\/\"},\"wordCount\":522,\"commentCount\":0,\"publisher\":{\"@id\":\"https:\\\/\\\/www.geopolitics.fr\\\/#organization\"},\"image\":{\"@id\":\"https:\\\/\\\/www.geopolitics.fr\\\/2024\\\/01\\\/13\\\/le-gouvernement-attal-deja-en-sursis\\\/#primaryimage\"},\"thumbnailUrl\":\"https:\\\/\\\/www.geopolitics.fr\\\/wp-content\\\/uploads\\\/2024\\\/01\\\/edito-bonne-banniere.jpg\",\"articleSection\":[\"Editorial\",\"Politique\"],\"inLanguage\":\"en-GB\"},{\"@type\":\"WebPage\",\"@id\":\"https:\\\/\\\/www.geopolitics.fr\\\/2024\\\/01\\\/13\\\/le-gouvernement-attal-deja-en-sursis\\\/\",\"url\":\"https:\\\/\\\/www.geopolitics.fr\\\/2024\\\/01\\\/13\\\/le-gouvernement-attal-deja-en-sursis\\\/\",\"name\":\"Le Gouvernement Attal, d\u00e9j\u00e0 en sursis ? | Geopolitics.fr\",\"isPartOf\":{\"@id\":\"https:\\\/\\\/www.geopolitics.fr\\\/#website\"},\"primaryImageOfPage\":{\"@id\":\"https:\\\/\\\/www.geopolitics.fr\\\/2024\\\/01\\\/13\\\/le-gouvernement-attal-deja-en-sursis\\\/#primaryimage\"},\"image\":{\"@id\":\"https:\\\/\\\/www.geopolitics.fr\\\/2024\\\/01\\\/13\\\/le-gouvernement-attal-deja-en-sursis\\\/#primaryimage\"},\"thumbnailUrl\":\"https:\\\/\\\/www.geopolitics.fr\\\/wp-content\\\/uploads\\\/2024\\\/01\\\/edito-bonne-banniere.jpg\",\"datePublished\":\"2024-01-13T17:02:45+00:00\",\"dateModified\":\"2024-03-26T22:05:07+00:00\",\"breadcrumb\":{\"@id\":\"https:\\\/\\\/www.geopolitics.fr\\\/2024\\\/01\\\/13\\\/le-gouvernement-attal-deja-en-sursis\\\/#breadcrumb\"},\"inLanguage\":\"en-GB\",\"potentialAction\":[{\"@type\":\"ReadAction\",\"target\":[\"https:\\\/\\\/www.geopolitics.fr\\\/2024\\\/01\\\/13\\\/le-gouvernement-attal-deja-en-sursis\\\/\"]}]},{\"@type\":\"ImageObject\",\"inLanguage\":\"en-GB\",\"@id\":\"https:\\\/\\\/www.geopolitics.fr\\\/2024\\\/01\\\/13\\\/le-gouvernement-attal-deja-en-sursis\\\/#primaryimage\",\"url\":\"https:\\\/\\\/www.geopolitics.fr\\\/wp-content\\\/uploads\\\/2024\\\/01\\\/edito-bonne-banniere.jpg\",\"contentUrl\":\"https:\\\/\\\/www.geopolitics.fr\\\/wp-content\\\/uploads\\\/2024\\\/01\\\/edito-bonne-banniere.jpg\",\"width\":600,\"height\":600},{\"@type\":\"BreadcrumbList\",\"@id\":\"https:\\\/\\\/www.geopolitics.fr\\\/2024\\\/01\\\/13\\\/le-gouvernement-attal-deja-en-sursis\\\/#breadcrumb\",\"itemListElement\":[{\"@type\":\"ListItem\",\"position\":1,\"name\":\"Accueil\",\"item\":\"https:\\\/\\\/www.geopolitics.fr\\\/\"},{\"@type\":\"ListItem\",\"position\":2,\"name\":\"Le Gouvernement Attal, d\u00e9j\u00e0 en sursis ?\"}]},{\"@type\":\"WebSite\",\"@id\":\"https:\\\/\\\/www.geopolitics.fr\\\/#website\",\"url\":\"https:\\\/\\\/www.geopolitics.fr\\\/\",\"name\":\"Geopolitics.fr\",\"description\":\"Geopolitics.fr Analyse politique, relations internationales, d\u00e9fense - ligne \u00e9ditoriale gaullo-chiraquienne\",\"publisher\":{\"@id\":\"https:\\\/\\\/www.geopolitics.fr\\\/#organization\"},\"potentialAction\":[{\"@type\":\"SearchAction\",\"target\":{\"@type\":\"EntryPoint\",\"urlTemplate\":\"https:\\\/\\\/www.geopolitics.fr\\\/?s={search_term_string}\"},\"query-input\":{\"@type\":\"PropertyValueSpecification\",\"valueRequired\":true,\"valueName\":\"search_term_string\"}}],\"inLanguage\":\"en-GB\"},{\"@type\":\"Organization\",\"@id\":\"https:\\\/\\\/www.geopolitics.fr\\\/#organization\",\"name\":\"Geopolitics.fr\",\"url\":\"https:\\\/\\\/www.geopolitics.fr\\\/\",\"logo\":{\"@type\":\"ImageObject\",\"inLanguage\":\"en-GB\",\"@id\":\"https:\\\/\\\/www.geopolitics.fr\\\/#\\\/schema\\\/logo\\\/image\\\/\",\"url\":\"https:\\\/\\\/www.geopolitics.fr\\\/wp-content\\\/uploads\\\/2024\\\/01\\\/logo.jpg\",\"contentUrl\":\"https:\\\/\\\/www.geopolitics.fr\\\/wp-content\\\/uploads\\\/2024\\\/01\\\/logo.jpg\",\"width\":500,\"height\":500,\"caption\":\"Geopolitics.fr\"},\"image\":{\"@id\":\"https:\\\/\\\/www.geopolitics.fr\\\/#\\\/schema\\\/logo\\\/image\\\/\"},\"sameAs\":[\"https:\\\/\\\/www.facebook.com\\\/people\\\/Erwan-Davoux\\\/61557098968092\\\/\",\"https:\\\/\\\/x.com\\\/Geopolitics_Fr\"]},{\"@type\":\"Person\",\"@id\":\"https:\\\/\\\/www.geopolitics.fr\\\/#\\\/schema\\\/person\\\/69dde260ad11805e2aa68f0d9e9128da\",\"name\":\"contact@geopolitics.fr\",\"image\":{\"@type\":\"ImageObject\",\"inLanguage\":\"en-GB\",\"@id\":\"https:\\\/\\\/www.geopolitics.fr\\\/wp-content\\\/uploads\\\/2024\\\/01\\\/edito-bonne-banniere-96x96.jpg\",\"url\":\"https:\\\/\\\/www.geopolitics.fr\\\/wp-content\\\/uploads\\\/2024\\\/01\\\/edito-bonne-banniere-96x96.jpg\",\"contentUrl\":\"https:\\\/\\\/www.geopolitics.fr\\\/wp-content\\\/uploads\\\/2024\\\/01\\\/edito-bonne-banniere-96x96.jpg\",\"caption\":\"contact@geopolitics.fr\"},\"url\":\"https:\\\/\\\/www.geopolitics.fr\\\/en\\\/author\\\/contactgeopolitics-fr\\\/\"}]}<\/script>\n<!-- \/ Yoast SEO Premium plugin. -->","yoast_head_json":{"title":"Le Gouvernement Attal, d\u00e9j\u00e0 en sursis ? | Geopolitics.fr","robots":{"index":"index","follow":"follow","max-snippet":"max-snippet:-1","max-image-preview":"max-image-preview:large","max-video-preview":"max-video-preview:-1"},"canonical":"https:\/\/www.geopolitics.fr\/en\/2024\/01\/13\/le-gouvernement-attal-deja-en-sursis\/","og_locale":"en_GB","og_type":"article","og_title":"Le Gouvernement Attal, d\u00e9j\u00e0 en sursis ?","og_description":"Il n\u2019y a pas de majorit\u00e9 \u00e0 l\u2019Assembl\u00e9e Nationale depuis juin 2022. Emmanuel Macron avait deux options pour faire face \u00e0 la&hellip;","og_url":"https:\/\/www.geopolitics.fr\/en\/2024\/01\/13\/le-gouvernement-attal-deja-en-sursis\/","og_site_name":"Geopolitics.fr","article_publisher":"https:\/\/www.facebook.com\/people\/Erwan-Davoux\/61557098968092\/","article_published_time":"2024-01-13T17:02:45+00:00","article_modified_time":"2024-03-26T22:05:07+00:00","og_image":[{"width":600,"height":600,"url":"https:\/\/www.geopolitics.fr\/wp-content\/uploads\/2024\/01\/edito-bonne-banniere.jpg","type":"image\/jpeg"}],"author":"contact@geopolitics.fr","twitter_card":"summary_large_image","twitter_creator":"@Geopolitics_Fr","twitter_site":"@Geopolitics_Fr","twitter_misc":{"Written by":"contact@geopolitics.fr","Estimated reading time":"3 minutes"},"schema":{"@context":"https:\/\/schema.org","@graph":[{"@type":"Article","@id":"https:\/\/www.geopolitics.fr\/2024\/01\/13\/le-gouvernement-attal-deja-en-sursis\/#article","isPartOf":{"@id":"https:\/\/www.geopolitics.fr\/2024\/01\/13\/le-gouvernement-attal-deja-en-sursis\/"},"author":{"name":"contact@geopolitics.fr","@id":"https:\/\/www.geopolitics.fr\/#\/schema\/person\/69dde260ad11805e2aa68f0d9e9128da"},"headline":"Le Gouvernement Attal, d\u00e9j\u00e0 en sursis ?","datePublished":"2024-01-13T17:02:45+00:00","dateModified":"2024-03-26T22:05:07+00:00","mainEntityOfPage":{"@id":"https:\/\/www.geopolitics.fr\/2024\/01\/13\/le-gouvernement-attal-deja-en-sursis\/"},"wordCount":522,"commentCount":0,"publisher":{"@id":"https:\/\/www.geopolitics.fr\/#organization"},"image":{"@id":"https:\/\/www.geopolitics.fr\/2024\/01\/13\/le-gouvernement-attal-deja-en-sursis\/#primaryimage"},"thumbnailUrl":"https:\/\/www.geopolitics.fr\/wp-content\/uploads\/2024\/01\/edito-bonne-banniere.jpg","articleSection":["Editorial","Politique"],"inLanguage":"en-GB"},{"@type":"WebPage","@id":"https:\/\/www.geopolitics.fr\/2024\/01\/13\/le-gouvernement-attal-deja-en-sursis\/","url":"https:\/\/www.geopolitics.fr\/2024\/01\/13\/le-gouvernement-attal-deja-en-sursis\/","name":"Le Gouvernement Attal, d\u00e9j\u00e0 en sursis ? | Geopolitics.fr","isPartOf":{"@id":"https:\/\/www.geopolitics.fr\/#website"},"primaryImageOfPage":{"@id":"https:\/\/www.geopolitics.fr\/2024\/01\/13\/le-gouvernement-attal-deja-en-sursis\/#primaryimage"},"image":{"@id":"https:\/\/www.geopolitics.fr\/2024\/01\/13\/le-gouvernement-attal-deja-en-sursis\/#primaryimage"},"thumbnailUrl":"https:\/\/www.geopolitics.fr\/wp-content\/uploads\/2024\/01\/edito-bonne-banniere.jpg","datePublished":"2024-01-13T17:02:45+00:00","dateModified":"2024-03-26T22:05:07+00:00","breadcrumb":{"@id":"https:\/\/www.geopolitics.fr\/2024\/01\/13\/le-gouvernement-attal-deja-en-sursis\/#breadcrumb"},"inLanguage":"en-GB","potentialAction":[{"@type":"ReadAction","target":["https:\/\/www.geopolitics.fr\/2024\/01\/13\/le-gouvernement-attal-deja-en-sursis\/"]}]},{"@type":"ImageObject","inLanguage":"en-GB","@id":"https:\/\/www.geopolitics.fr\/2024\/01\/13\/le-gouvernement-attal-deja-en-sursis\/#primaryimage","url":"https:\/\/www.geopolitics.fr\/wp-content\/uploads\/2024\/01\/edito-bonne-banniere.jpg","contentUrl":"https:\/\/www.geopolitics.fr\/wp-content\/uploads\/2024\/01\/edito-bonne-banniere.jpg","width":600,"height":600},{"@type":"BreadcrumbList","@id":"https:\/\/www.geopolitics.fr\/2024\/01\/13\/le-gouvernement-attal-deja-en-sursis\/#breadcrumb","itemListElement":[{"@type":"ListItem","position":1,"name":"Accueil","item":"https:\/\/www.geopolitics.fr\/"},{"@type":"ListItem","position":2,"name":"Le Gouvernement Attal, d\u00e9j\u00e0 en sursis ?"}]},{"@type":"WebSite","@id":"https:\/\/www.geopolitics.fr\/#website","url":"https:\/\/www.geopolitics.fr\/","name":"Geopolitics.fr","description":"Geopolitics.fr Analyse politique, relations internationales, d\u00e9fense - ligne \u00e9ditoriale gaullo-chiraquienne","publisher":{"@id":"https:\/\/www.geopolitics.fr\/#organization"},"potentialAction":[{"@type":"SearchAction","target":{"@type":"EntryPoint","urlTemplate":"https:\/\/www.geopolitics.fr\/?s={search_term_string}"},"query-input":{"@type":"PropertyValueSpecification","valueRequired":true,"valueName":"search_term_string"}}],"inLanguage":"en-GB"},{"@type":"Organization","@id":"https:\/\/www.geopolitics.fr\/#organization","name":"Geopolitics.fr","url":"https:\/\/www.geopolitics.fr\/","logo":{"@type":"ImageObject","inLanguage":"en-GB","@id":"https:\/\/www.geopolitics.fr\/#\/schema\/logo\/image\/","url":"https:\/\/www.geopolitics.fr\/wp-content\/uploads\/2024\/01\/logo.jpg","contentUrl":"https:\/\/www.geopolitics.fr\/wp-content\/uploads\/2024\/01\/logo.jpg","width":500,"height":500,"caption":"Geopolitics.fr"},"image":{"@id":"https:\/\/www.geopolitics.fr\/#\/schema\/logo\/image\/"},"sameAs":["https:\/\/www.facebook.com\/people\/Erwan-Davoux\/61557098968092\/","https:\/\/x.com\/Geopolitics_Fr"]},{"@type":"Person","@id":"https:\/\/www.geopolitics.fr\/#\/schema\/person\/69dde260ad11805e2aa68f0d9e9128da","name":"contact@geopolitics.fr","image":{"@type":"ImageObject","inLanguage":"en-GB","@id":"https:\/\/www.geopolitics.fr\/wp-content\/uploads\/2024\/01\/edito-bonne-banniere-96x96.jpg","url":"https:\/\/www.geopolitics.fr\/wp-content\/uploads\/2024\/01\/edito-bonne-banniere-96x96.jpg","contentUrl":"https:\/\/www.geopolitics.fr\/wp-content\/uploads\/2024\/01\/edito-bonne-banniere-96x96.jpg","caption":"contact@geopolitics.fr"},"url":"https:\/\/www.geopolitics.fr\/en\/author\/contactgeopolitics-fr\/"}]}},"_links":{"self":[{"href":"https:\/\/www.geopolitics.fr\/en\/wp-json\/wp\/v2\/posts\/2030","targetHints":{"allow":["GET"]}}],"collection":[{"href":"https:\/\/www.geopolitics.fr\/en\/wp-json\/wp\/v2\/posts"}],"about":[{"href":"https:\/\/www.geopolitics.fr\/en\/wp-json\/wp\/v2\/types\/post"}],"author":[{"embeddable":true,"href":"https:\/\/www.geopolitics.fr\/en\/wp-json\/wp\/v2\/users\/9"}],"replies":[{"embeddable":true,"href":"https:\/\/www.geopolitics.fr\/en\/wp-json\/wp\/v2\/comments?post=2030"}],"version-history":[{"count":0,"href":"https:\/\/www.geopolitics.fr\/en\/wp-json\/wp\/v2\/posts\/2030\/revisions"}],"wp:featuredmedia":[{"embeddable":true,"href":"https:\/\/www.geopolitics.fr\/en\/wp-json\/wp\/v2\/media\/2176"}],"wp:attachment":[{"href":"https:\/\/www.geopolitics.fr\/en\/wp-json\/wp\/v2\/media?parent=2030"}],"wp:term":[{"taxonomy":"category","embeddable":true,"href":"https:\/\/www.geopolitics.fr\/en\/wp-json\/wp\/v2\/categories?post=2030"},{"taxonomy":"post_tag","embeddable":true,"href":"https:\/\/www.geopolitics.fr\/en\/wp-json\/wp\/v2\/tags?post=2030"}],"curies":[{"name":"wp","href":"https:\/\/api.w.org\/{rel}","templated":true}]}}