{"id":2024,"date":"2024-01-12T19:11:00","date_gmt":"2024-01-12T18:11:00","guid":{"rendered":"https:\/\/www.geopolitics.fr\/?p=2024"},"modified":"2024-03-26T23:07:44","modified_gmt":"2024-03-26T22:07:44","slug":"tribune-de-jean-baptiste-voisin-president-fondateur-de-lassociation-les-chiraquiens","status":"publish","type":"post","link":"https:\/\/www.geopolitics.fr\/en\/2024\/01\/12\/tribune-de-jean-baptiste-voisin-president-fondateur-de-lassociation-les-chiraquiens\/","title":{"rendered":"Tribune de Jean-Baptiste Voisin, Pr\u00e9sident Fondateur de l&rsquo;association \u00ab\u00a0Les Chiraquiens\u00a0\u00bb"},"content":{"rendered":"<p class=\"wp-block-paragraph\"><strong>Cher Erwan Davoux,<\/strong><\/p>\n\n\n\n<p class=\"wp-block-paragraph\"><strong>Chers lecteurs de Geopolitics,<\/strong><\/p>\n\n\n\n<p class=\"wp-block-paragraph\"><strong>En 2015, alors que mes options professionnelles me pr\u00e9disposaient \u00e0 m\u2019investir davantage dans l\u2019\u0153notourisme, il me prit naturellement de consid\u00e9rer que les partis politiques, et la France peut-\u00eatre parce que la soci\u00e9t\u00e9 a chang\u00e9, \u00e9taient trop individualistes et ne se pr\u00e9occupaient pas suffisamment de celui qui avait tant fait pour elle, Jacques Chirac.<\/strong><strong>&nbsp;<\/strong><\/p>\n\n\n\n<p class=\"wp-block-paragraph\"><strong>Les valeurs de ce grand homme profond\u00e9ment ancr\u00e9es en moi et la volont\u00e9 ind\u00e9fectible de perp\u00e9tuer ces derni\u00e8res, je d\u00e9cidai alors de cr\u00e9er un groupe sur les r\u00e9seaux sociaux \u00ab Les Chiraquiens \u00bb aux seules fins d\u2019accompagner celui qui avait \u00e9t\u00e9 si actif et qui, du fait des affres de la vie \u00e0 son cr\u00e9puscule, devait subir la solitude, la maladie et la vieillesse. C\u2019\u00e9tait devenue une \u00e9vidence pour moi d\u2019\u00eatre \u00e9galement \u00e0 ses c\u00f4t\u00e9s, entour\u00e9 que je le serais d\u00e9sormais de personnes venues de tous horizons.<\/strong><\/p>\n\n\n\n<p class=\"wp-block-paragraph\"><strong>Mon but en cette id\u00e9e \u00e9tait de lui dire que nous l\u2019aimons, que nous l\u2019aimions, et que nous l\u2019aimerons toujours, pour qui il \u00e9tait, et pour tout ce qu\u2019il a fait pour nous toutes et tous et pour la patrie.<\/strong><\/p>\n\n\n\n<p class=\"wp-block-paragraph\"><strong>L\u2019homme qui a dit non aux Am\u00e9ricains en Irak en 2003, d\u00e9cision courageuse et pr\u00e9monitoire, oui c\u2019\u00e9tait lui, Chirac.<\/strong><\/p>\n\n\n\n<p class=\"wp-block-paragraph\"><strong>L\u2019Homme visionnaire qui a senti bien avant les autres l\u2019urgence \u00e9cologique pour notre pays avec la charte de l\u2019environnement qu\u2019il a tenu \u00e0 faire inscrire dans la constitution Fran\u00e7aise, qui a pens\u00e9 l\u2019avenir de la plan\u00e8te avec son fameux discours de Johannesburg en 2002 \u00ab Notre maison br\u00fble et nous regardons ailleurs\u2026 \u00bb, oui c\u2019\u00e9tait Chirac.<\/strong><\/p>\n\n\n\n<p class=\"wp-block-paragraph\"><strong>L\u2019homme qui a lanc\u00e9 deux grandes lois sur le \u00ab Handicap \u00bb en 1975 et en 2005, c\u2019\u00e9tait encore Chirac.<\/strong><\/p>\n\n\n\n<p class=\"wp-block-paragraph\"><strong>L\u2019homme qui a promulgu\u00e9 le plan cancer en 2003 et qui a donn\u00e9 le feu vert pour l\u2019interdiction de fumer dans les lieux publics, c\u2019\u00e9tait toujours Chirac.<\/strong><\/p>\n\n\n\n<p class=\"wp-block-paragraph\"><strong>Je pourrais ainsi lister une multitude d\u2019initiatives qui ont chang\u00e9 la France.<\/strong><\/p>\n\n\n\n<p class=\"wp-block-paragraph\"><strong>Et bien cet Homme-l\u00e0 ne m\u00e9ritait pas l\u2019oubli ou l\u2019indiff\u00e9rence\u2026 Telles \u00e9taient mes seules motivations.<\/strong><\/p>\n\n\n\n<p class=\"wp-block-paragraph\"><strong>Tr\u00e8s vite, comme une \u00e9vidence, mon initiative pris une ampleur importante avec aujourd\u2019hui plus 6000 sympathisants recens\u00e9s au sein de notre groupe \u00ab&nbsp;Les Chiraquiens&nbsp;\u00bb.<\/strong><\/p>\n\n\n\n<p class=\"wp-block-paragraph\"><strong>C\u2019est \u00e0 ce groupe \u00ab&nbsp;Les Chiraquiens&nbsp;\u00bb, que j\u2019annon\u00e7ais en 2016 mon initiative de voir Jacques CHIRAC candidat au Prix Nobel de la Paix l\u2019ann\u00e9e suivante. Initiative soutenue par plus de 280 parlementaires Fran\u00e7ais et des chefs d\u2019Etats \u00e9trangers.<\/strong><\/p>\n\n\n\n<p class=\"wp-block-paragraph\"><strong>A la disparition de notre Pr\u00e9sident, nous aurions pu ne garder que des souvenirs, si beaux soient-ils, et refermer les pages de notre tr\u00e8s beau livre. Il ne pouvait en \u00eatre ainsi j\u2019en \u00e9tais profond\u00e9ment convaincu.<\/strong><\/p>\n\n\n\n<p class=\"wp-block-paragraph\"><strong>J\u2019eus donc parall\u00e8lement \u00e0 la cr\u00e9ation du groupe \u00ab&nbsp;Les Chiraquiens&nbsp;\u00bb l\u2019id\u00e9e de r\u00e9unir les plus fid\u00e8les d\u2019entre nous \u00e0 \u00ab la Rhumerie \u00bb pour solliciter leur avis. Cette rencontre eut lieu le 28 novembre 2019.<\/strong><strong>&nbsp;<\/strong><\/p>\n\n\n\n<p class=\"wp-block-paragraph\"><strong>Toutes et tous furent unanimes \u00e0 vouloir p\u00e9renniser la m\u00e9moire de l\u2019action, de la politique, et de l\u2019humanisme de Jacques CHIRAC. Toutes et tous ont \u00e9t\u00e9 unanimes \u00e0 vouloir transformer le groupe \u00ab&nbsp;Les Chiraquiens&nbsp;\u00bb sur les r\u00e9seaux sociaux en une grande Association nationale destin\u00e9e \u00e0 \u00e9veiller les consciences, pour mettre nos pas dans ceux de Jacques CHIRAC, pour t\u00e9moigner par celui-ci qui fut sans doute le dernier grand Pr\u00e9sident de la V\u00e8me R\u00e9publique, de la n\u00e9cessit\u00e9 de pers\u00e9v\u00e9rer dans la bienveillance, la simplicit\u00e9 et l\u2019\u00e9coute. Telle serait la vocation de notre association.<\/strong><\/p>\n\n\n\n<p class=\"wp-block-paragraph\"><strong>S\u2019inscrivant dans le sillon du G\u00e9n\u00e9ral de GAULLE, pour Jacques CHIRAC souvenez-vous : Je cite, \u00ab il n\u2019y avait de combat qui vaille que celui de l\u2019Homme \u00bb.<\/strong><\/p>\n\n\n\n<p class=\"wp-block-paragraph\"><strong>Chers lecteurs de Geopolitics nous ne sommes pas l\u00e0 pour \u00eatre des anciens combattants, &#8211; quoi que la d\u00e9nomination et l\u2019engagement de ces derniers pour la France soient tr\u00e8s honorifique \u2013 pas davantage pour \u00eatre des laudateurs inv\u00e9t\u00e9r\u00e9s, ni un parti politique pour ceux qui recherchent un avenir politique\u2026 Nous sommes l\u00e0 pour enseigner un comportement, pour transmettre une fa\u00e7on d\u2019\u00eatre et pour dire et faire dire les grands moments d\u2019humanisme de Jacques CHIRAC en les perp\u00e9tuant et en se mettant dans les pas de ce grand homme.<\/strong><strong>&nbsp;<\/strong><\/p>\n\n\n\n<p class=\"wp-block-paragraph\"><strong>Telle est la grande aventure et le combat que je vous invite \u00e0 mener \u00e0 mes c\u00f4t\u00e9s en rejoignant notre association \u00ab&nbsp;Les Chiraquiens&nbsp;\u00bb.<\/strong><strong>&nbsp;<\/strong><\/p>\n\n\n\n<p class=\"wp-block-paragraph\"><strong>Malraux pensait que \u00ab l\u2019Homme est la somme de ses actes \u00bb.<\/strong><strong>&nbsp;<\/strong><\/p>\n\n\n\n<p class=\"wp-block-paragraph\"><strong>Bien s\u00fbr, nous savons en conscience que tout ne fut sans doute pas parfait mais un comportement humain est avant tout diversifi\u00e9, l\u00e0 est sa richesse profonde. Et le r\u00e9sultat vous le connaissez, fut magnifique.<\/strong><strong>&nbsp;<\/strong><\/p>\n\n\n\n<p class=\"wp-block-paragraph\"><strong>Comme me disait r\u00e9cemment son ami Denis Tillinac, \u00ab Politiquement nous avions parfois des d\u00e9saccords mais humainement c\u2019\u00e9tait un seigneur \u00bb. Ce qui compte pour l\u2019essentiel, c\u2019est qu\u2019un politique aime avant tout ses compatriotes, et agisse au mieux de leurs int\u00e9r\u00eats.<\/strong><\/p>\n\n\n\n<p class=\"wp-block-paragraph\"><strong>Mon fraternel merci s\u2019adresse ici \u00e0 mon ami Erwan Davoux que je connais et que j\u2019appr\u00e9cie depuis longtemps et \u00e0 qui je souhaite un succ\u00e8s m\u00e9rit\u00e9 pour Geopolitics<\/strong> !<\/p>","protected":false},"excerpt":{"rendered":"<p>Cher Erwan Davoux, Chers lecteurs de Geopolitics, En 2015, alors que mes options professionnelles me pr\u00e9disposaient \u00e0 m\u2019investir davantage dans l\u2019\u0153notourisme, il&hellip;<\/p>","protected":false},"author":9,"featured_media":2025,"comment_status":"open","ping_status":"open","sticky":false,"template":"","format":"standard","meta":{"_lmt_disableupdate":"","_lmt_disable":"","footnotes":""},"categories":[3],"tags":[131,129,128],"class_list":["post-2024","post","type-post","status-publish","format-standard","has-post-thumbnail","hentry","category-politique","tag-jacques-chirac","tag-jean-baptiste-voisin","tag-les-chiraquiens"],"yoast_head":"<!-- This site is optimized with the Yoast SEO Premium plugin v28.1 (Yoast SEO v28.1) - https:\/\/yoast.com\/product\/yoast-seo-premium-wordpress\/ -->\n<title>Tribune de Jean-Baptiste Voisin, Pr\u00e9sident Fondateur de l&#039;association &quot;Les Chiraquiens&quot; | Geopolitics.fr<\/title>\n<meta name=\"robots\" content=\"index, follow, max-snippet:-1, max-image-preview:large, max-video-preview:-1\" \/>\n<link rel=\"canonical\" href=\"https:\/\/www.geopolitics.fr\/en\/2024\/01\/12\/tribune-de-jean-baptiste-voisin-president-fondateur-de-lassociation-les-chiraquiens\/\" \/>\n<meta property=\"og:locale\" content=\"en_GB\" \/>\n<meta property=\"og:type\" content=\"article\" \/>\n<meta property=\"og:title\" content=\"Tribune de Jean-Baptiste Voisin, Pr\u00e9sident Fondateur de l&#039;association &quot;Les Chiraquiens&quot;\" \/>\n<meta property=\"og:description\" content=\"Cher Erwan Davoux, Chers lecteurs de Geopolitics, En 2015, alors que mes options professionnelles me pr\u00e9disposaient \u00e0 m\u2019investir davantage dans l\u2019\u0153notourisme, il&hellip;\" \/>\n<meta property=\"og:url\" content=\"https:\/\/www.geopolitics.fr\/en\/2024\/01\/12\/tribune-de-jean-baptiste-voisin-president-fondateur-de-lassociation-les-chiraquiens\/\" \/>\n<meta property=\"og:site_name\" content=\"Geopolitics.fr\" \/>\n<meta property=\"article:publisher\" content=\"https:\/\/www.facebook.com\/people\/Erwan-Davoux\/61557098968092\/\" \/>\n<meta property=\"article:published_time\" content=\"2024-01-12T18:11:00+00:00\" \/>\n<meta property=\"article:modified_time\" content=\"2024-03-26T22:07:44+00:00\" \/>\n<meta property=\"og:image\" content=\"https:\/\/www.geopolitics.fr\/wp-content\/uploads\/2024\/01\/jb-voisin.jpg\" \/>\n\t<meta property=\"og:image:width\" content=\"1383\" \/>\n\t<meta property=\"og:image:height\" content=\"992\" \/>\n\t<meta property=\"og:image:type\" content=\"image\/jpeg\" \/>\n<meta name=\"author\" content=\"contact@geopolitics.fr\" \/>\n<meta name=\"twitter:card\" content=\"summary_large_image\" \/>\n<meta name=\"twitter:creator\" content=\"@Geopolitics_Fr\" \/>\n<meta name=\"twitter:site\" content=\"@Geopolitics_Fr\" \/>\n<meta name=\"twitter:label1\" content=\"Written by\" \/>\n\t<meta name=\"twitter:data1\" content=\"contact@geopolitics.fr\" \/>\n\t<meta name=\"twitter:label2\" content=\"Estimated reading time\" \/>\n\t<meta name=\"twitter:data2\" content=\"5 minutes\" \/>\n<script type=\"application\/ld+json\" class=\"yoast-schema-graph\">{\"@context\":\"https:\\\/\\\/schema.org\",\"@graph\":[{\"@type\":\"Article\",\"@id\":\"https:\\\/\\\/www.geopolitics.fr\\\/2024\\\/01\\\/12\\\/tribune-de-jean-baptiste-voisin-president-fondateur-de-lassociation-les-chiraquiens\\\/#article\",\"isPartOf\":{\"@id\":\"https:\\\/\\\/www.geopolitics.fr\\\/2024\\\/01\\\/12\\\/tribune-de-jean-baptiste-voisin-president-fondateur-de-lassociation-les-chiraquiens\\\/\"},\"author\":{\"name\":\"contact@geopolitics.fr\",\"@id\":\"https:\\\/\\\/www.geopolitics.fr\\\/#\\\/schema\\\/person\\\/69dde260ad11805e2aa68f0d9e9128da\"},\"headline\":\"Tribune de Jean-Baptiste Voisin, Pr\u00e9sident Fondateur de l&rsquo;association \u00ab\u00a0Les Chiraquiens\u00a0\u00bb\",\"datePublished\":\"2024-01-12T18:11:00+00:00\",\"dateModified\":\"2024-03-26T22:07:44+00:00\",\"mainEntityOfPage\":{\"@id\":\"https:\\\/\\\/www.geopolitics.fr\\\/2024\\\/01\\\/12\\\/tribune-de-jean-baptiste-voisin-president-fondateur-de-lassociation-les-chiraquiens\\\/\"},\"wordCount\":923,\"commentCount\":0,\"publisher\":{\"@id\":\"https:\\\/\\\/www.geopolitics.fr\\\/#organization\"},\"image\":{\"@id\":\"https:\\\/\\\/www.geopolitics.fr\\\/2024\\\/01\\\/12\\\/tribune-de-jean-baptiste-voisin-president-fondateur-de-lassociation-les-chiraquiens\\\/#primaryimage\"},\"thumbnailUrl\":\"https:\\\/\\\/www.geopolitics.fr\\\/wp-content\\\/uploads\\\/2024\\\/01\\\/jb-voisin.jpg\",\"keywords\":[\"JACQUES CHIRAC\",\"JEAN-BAPTISTE VOISIN\",\"LES CHIRAQUIENS\"],\"articleSection\":[\"Politique\"],\"inLanguage\":\"en-GB\"},{\"@type\":\"WebPage\",\"@id\":\"https:\\\/\\\/www.geopolitics.fr\\\/2024\\\/01\\\/12\\\/tribune-de-jean-baptiste-voisin-president-fondateur-de-lassociation-les-chiraquiens\\\/\",\"url\":\"https:\\\/\\\/www.geopolitics.fr\\\/2024\\\/01\\\/12\\\/tribune-de-jean-baptiste-voisin-president-fondateur-de-lassociation-les-chiraquiens\\\/\",\"name\":\"Tribune de Jean-Baptiste Voisin, Pr\u00e9sident Fondateur de l'association \\\"Les Chiraquiens\\\" | Geopolitics.fr\",\"isPartOf\":{\"@id\":\"https:\\\/\\\/www.geopolitics.fr\\\/#website\"},\"primaryImageOfPage\":{\"@id\":\"https:\\\/\\\/www.geopolitics.fr\\\/2024\\\/01\\\/12\\\/tribune-de-jean-baptiste-voisin-president-fondateur-de-lassociation-les-chiraquiens\\\/#primaryimage\"},\"image\":{\"@id\":\"https:\\\/\\\/www.geopolitics.fr\\\/2024\\\/01\\\/12\\\/tribune-de-jean-baptiste-voisin-president-fondateur-de-lassociation-les-chiraquiens\\\/#primaryimage\"},\"thumbnailUrl\":\"https:\\\/\\\/www.geopolitics.fr\\\/wp-content\\\/uploads\\\/2024\\\/01\\\/jb-voisin.jpg\",\"datePublished\":\"2024-01-12T18:11:00+00:00\",\"dateModified\":\"2024-03-26T22:07:44+00:00\",\"breadcrumb\":{\"@id\":\"https:\\\/\\\/www.geopolitics.fr\\\/2024\\\/01\\\/12\\\/tribune-de-jean-baptiste-voisin-president-fondateur-de-lassociation-les-chiraquiens\\\/#breadcrumb\"},\"inLanguage\":\"en-GB\",\"potentialAction\":[{\"@type\":\"ReadAction\",\"target\":[\"https:\\\/\\\/www.geopolitics.fr\\\/2024\\\/01\\\/12\\\/tribune-de-jean-baptiste-voisin-president-fondateur-de-lassociation-les-chiraquiens\\\/\"]}]},{\"@type\":\"ImageObject\",\"inLanguage\":\"en-GB\",\"@id\":\"https:\\\/\\\/www.geopolitics.fr\\\/2024\\\/01\\\/12\\\/tribune-de-jean-baptiste-voisin-president-fondateur-de-lassociation-les-chiraquiens\\\/#primaryimage\",\"url\":\"https:\\\/\\\/www.geopolitics.fr\\\/wp-content\\\/uploads\\\/2024\\\/01\\\/jb-voisin.jpg\",\"contentUrl\":\"https:\\\/\\\/www.geopolitics.fr\\\/wp-content\\\/uploads\\\/2024\\\/01\\\/jb-voisin.jpg\",\"width\":1383,\"height\":992},{\"@type\":\"BreadcrumbList\",\"@id\":\"https:\\\/\\\/www.geopolitics.fr\\\/2024\\\/01\\\/12\\\/tribune-de-jean-baptiste-voisin-president-fondateur-de-lassociation-les-chiraquiens\\\/#breadcrumb\",\"itemListElement\":[{\"@type\":\"ListItem\",\"position\":1,\"name\":\"Accueil\",\"item\":\"https:\\\/\\\/www.geopolitics.fr\\\/\"},{\"@type\":\"ListItem\",\"position\":2,\"name\":\"Tribune de Jean-Baptiste Voisin, Pr\u00e9sident Fondateur de l&#8217;association &#8220;Les Chiraquiens&#8221;\"}]},{\"@type\":\"WebSite\",\"@id\":\"https:\\\/\\\/www.geopolitics.fr\\\/#website\",\"url\":\"https:\\\/\\\/www.geopolitics.fr\\\/\",\"name\":\"Geopolitics.fr\",\"description\":\"Geopolitics.fr Analyse politique, relations internationales, d\u00e9fense - ligne \u00e9ditoriale gaullo-chiraquienne\",\"publisher\":{\"@id\":\"https:\\\/\\\/www.geopolitics.fr\\\/#organization\"},\"potentialAction\":[{\"@type\":\"SearchAction\",\"target\":{\"@type\":\"EntryPoint\",\"urlTemplate\":\"https:\\\/\\\/www.geopolitics.fr\\\/?s={search_term_string}\"},\"query-input\":{\"@type\":\"PropertyValueSpecification\",\"valueRequired\":true,\"valueName\":\"search_term_string\"}}],\"inLanguage\":\"en-GB\"},{\"@type\":\"Organization\",\"@id\":\"https:\\\/\\\/www.geopolitics.fr\\\/#organization\",\"name\":\"Geopolitics.fr\",\"url\":\"https:\\\/\\\/www.geopolitics.fr\\\/\",\"logo\":{\"@type\":\"ImageObject\",\"inLanguage\":\"en-GB\",\"@id\":\"https:\\\/\\\/www.geopolitics.fr\\\/#\\\/schema\\\/logo\\\/image\\\/\",\"url\":\"https:\\\/\\\/www.geopolitics.fr\\\/wp-content\\\/uploads\\\/2024\\\/01\\\/logo.jpg\",\"contentUrl\":\"https:\\\/\\\/www.geopolitics.fr\\\/wp-content\\\/uploads\\\/2024\\\/01\\\/logo.jpg\",\"width\":500,\"height\":500,\"caption\":\"Geopolitics.fr\"},\"image\":{\"@id\":\"https:\\\/\\\/www.geopolitics.fr\\\/#\\\/schema\\\/logo\\\/image\\\/\"},\"sameAs\":[\"https:\\\/\\\/www.facebook.com\\\/people\\\/Erwan-Davoux\\\/61557098968092\\\/\",\"https:\\\/\\\/x.com\\\/Geopolitics_Fr\"]},{\"@type\":\"Person\",\"@id\":\"https:\\\/\\\/www.geopolitics.fr\\\/#\\\/schema\\\/person\\\/69dde260ad11805e2aa68f0d9e9128da\",\"name\":\"contact@geopolitics.fr\",\"image\":{\"@type\":\"ImageObject\",\"inLanguage\":\"en-GB\",\"@id\":\"https:\\\/\\\/www.geopolitics.fr\\\/wp-content\\\/uploads\\\/2024\\\/01\\\/edito-bonne-banniere-96x96.jpg\",\"url\":\"https:\\\/\\\/www.geopolitics.fr\\\/wp-content\\\/uploads\\\/2024\\\/01\\\/edito-bonne-banniere-96x96.jpg\",\"contentUrl\":\"https:\\\/\\\/www.geopolitics.fr\\\/wp-content\\\/uploads\\\/2024\\\/01\\\/edito-bonne-banniere-96x96.jpg\",\"caption\":\"contact@geopolitics.fr\"},\"url\":\"https:\\\/\\\/www.geopolitics.fr\\\/en\\\/author\\\/contactgeopolitics-fr\\\/\"}]}<\/script>\n<!-- \/ Yoast SEO Premium plugin. -->","yoast_head_json":{"title":"Tribune de Jean-Baptiste Voisin, Pr\u00e9sident Fondateur de l'association \"Les Chiraquiens\" | Geopolitics.fr","robots":{"index":"index","follow":"follow","max-snippet":"max-snippet:-1","max-image-preview":"max-image-preview:large","max-video-preview":"max-video-preview:-1"},"canonical":"https:\/\/www.geopolitics.fr\/en\/2024\/01\/12\/tribune-de-jean-baptiste-voisin-president-fondateur-de-lassociation-les-chiraquiens\/","og_locale":"en_GB","og_type":"article","og_title":"Tribune de Jean-Baptiste Voisin, Pr\u00e9sident Fondateur de l'association \"Les Chiraquiens\"","og_description":"Cher Erwan Davoux, Chers lecteurs de Geopolitics, En 2015, alors que mes options professionnelles me pr\u00e9disposaient \u00e0 m\u2019investir davantage dans l\u2019\u0153notourisme, il&hellip;","og_url":"https:\/\/www.geopolitics.fr\/en\/2024\/01\/12\/tribune-de-jean-baptiste-voisin-president-fondateur-de-lassociation-les-chiraquiens\/","og_site_name":"Geopolitics.fr","article_publisher":"https:\/\/www.facebook.com\/people\/Erwan-Davoux\/61557098968092\/","article_published_time":"2024-01-12T18:11:00+00:00","article_modified_time":"2024-03-26T22:07:44+00:00","og_image":[{"width":1383,"height":992,"url":"https:\/\/www.geopolitics.fr\/wp-content\/uploads\/2024\/01\/jb-voisin.jpg","type":"image\/jpeg"}],"author":"contact@geopolitics.fr","twitter_card":"summary_large_image","twitter_creator":"@Geopolitics_Fr","twitter_site":"@Geopolitics_Fr","twitter_misc":{"Written by":"contact@geopolitics.fr","Estimated reading time":"5 minutes"},"schema":{"@context":"https:\/\/schema.org","@graph":[{"@type":"Article","@id":"https:\/\/www.geopolitics.fr\/2024\/01\/12\/tribune-de-jean-baptiste-voisin-president-fondateur-de-lassociation-les-chiraquiens\/#article","isPartOf":{"@id":"https:\/\/www.geopolitics.fr\/2024\/01\/12\/tribune-de-jean-baptiste-voisin-president-fondateur-de-lassociation-les-chiraquiens\/"},"author":{"name":"contact@geopolitics.fr","@id":"https:\/\/www.geopolitics.fr\/#\/schema\/person\/69dde260ad11805e2aa68f0d9e9128da"},"headline":"Tribune de Jean-Baptiste Voisin, Pr\u00e9sident Fondateur de l&rsquo;association \u00ab\u00a0Les Chiraquiens\u00a0\u00bb","datePublished":"2024-01-12T18:11:00+00:00","dateModified":"2024-03-26T22:07:44+00:00","mainEntityOfPage":{"@id":"https:\/\/www.geopolitics.fr\/2024\/01\/12\/tribune-de-jean-baptiste-voisin-president-fondateur-de-lassociation-les-chiraquiens\/"},"wordCount":923,"commentCount":0,"publisher":{"@id":"https:\/\/www.geopolitics.fr\/#organization"},"image":{"@id":"https:\/\/www.geopolitics.fr\/2024\/01\/12\/tribune-de-jean-baptiste-voisin-president-fondateur-de-lassociation-les-chiraquiens\/#primaryimage"},"thumbnailUrl":"https:\/\/www.geopolitics.fr\/wp-content\/uploads\/2024\/01\/jb-voisin.jpg","keywords":["JACQUES CHIRAC","JEAN-BAPTISTE VOISIN","LES CHIRAQUIENS"],"articleSection":["Politique"],"inLanguage":"en-GB"},{"@type":"WebPage","@id":"https:\/\/www.geopolitics.fr\/2024\/01\/12\/tribune-de-jean-baptiste-voisin-president-fondateur-de-lassociation-les-chiraquiens\/","url":"https:\/\/www.geopolitics.fr\/2024\/01\/12\/tribune-de-jean-baptiste-voisin-president-fondateur-de-lassociation-les-chiraquiens\/","name":"Tribune de Jean-Baptiste Voisin, Pr\u00e9sident Fondateur de l'association \"Les Chiraquiens\" | Geopolitics.fr","isPartOf":{"@id":"https:\/\/www.geopolitics.fr\/#website"},"primaryImageOfPage":{"@id":"https:\/\/www.geopolitics.fr\/2024\/01\/12\/tribune-de-jean-baptiste-voisin-president-fondateur-de-lassociation-les-chiraquiens\/#primaryimage"},"image":{"@id":"https:\/\/www.geopolitics.fr\/2024\/01\/12\/tribune-de-jean-baptiste-voisin-president-fondateur-de-lassociation-les-chiraquiens\/#primaryimage"},"thumbnailUrl":"https:\/\/www.geopolitics.fr\/wp-content\/uploads\/2024\/01\/jb-voisin.jpg","datePublished":"2024-01-12T18:11:00+00:00","dateModified":"2024-03-26T22:07:44+00:00","breadcrumb":{"@id":"https:\/\/www.geopolitics.fr\/2024\/01\/12\/tribune-de-jean-baptiste-voisin-president-fondateur-de-lassociation-les-chiraquiens\/#breadcrumb"},"inLanguage":"en-GB","potentialAction":[{"@type":"ReadAction","target":["https:\/\/www.geopolitics.fr\/2024\/01\/12\/tribune-de-jean-baptiste-voisin-president-fondateur-de-lassociation-les-chiraquiens\/"]}]},{"@type":"ImageObject","inLanguage":"en-GB","@id":"https:\/\/www.geopolitics.fr\/2024\/01\/12\/tribune-de-jean-baptiste-voisin-president-fondateur-de-lassociation-les-chiraquiens\/#primaryimage","url":"https:\/\/www.geopolitics.fr\/wp-content\/uploads\/2024\/01\/jb-voisin.jpg","contentUrl":"https:\/\/www.geopolitics.fr\/wp-content\/uploads\/2024\/01\/jb-voisin.jpg","width":1383,"height":992},{"@type":"BreadcrumbList","@id":"https:\/\/www.geopolitics.fr\/2024\/01\/12\/tribune-de-jean-baptiste-voisin-president-fondateur-de-lassociation-les-chiraquiens\/#breadcrumb","itemListElement":[{"@type":"ListItem","position":1,"name":"Accueil","item":"https:\/\/www.geopolitics.fr\/"},{"@type":"ListItem","position":2,"name":"Tribune de Jean-Baptiste Voisin, Pr\u00e9sident Fondateur de l&#8217;association &#8220;Les Chiraquiens&#8221;"}]},{"@type":"WebSite","@id":"https:\/\/www.geopolitics.fr\/#website","url":"https:\/\/www.geopolitics.fr\/","name":"Geopolitics.fr","description":"Geopolitics.fr Analyse politique, relations internationales, d\u00e9fense - ligne \u00e9ditoriale gaullo-chiraquienne","publisher":{"@id":"https:\/\/www.geopolitics.fr\/#organization"},"potentialAction":[{"@type":"SearchAction","target":{"@type":"EntryPoint","urlTemplate":"https:\/\/www.geopolitics.fr\/?s={search_term_string}"},"query-input":{"@type":"PropertyValueSpecification","valueRequired":true,"valueName":"search_term_string"}}],"inLanguage":"en-GB"},{"@type":"Organization","@id":"https:\/\/www.geopolitics.fr\/#organization","name":"Geopolitics.fr","url":"https:\/\/www.geopolitics.fr\/","logo":{"@type":"ImageObject","inLanguage":"en-GB","@id":"https:\/\/www.geopolitics.fr\/#\/schema\/logo\/image\/","url":"https:\/\/www.geopolitics.fr\/wp-content\/uploads\/2024\/01\/logo.jpg","contentUrl":"https:\/\/www.geopolitics.fr\/wp-content\/uploads\/2024\/01\/logo.jpg","width":500,"height":500,"caption":"Geopolitics.fr"},"image":{"@id":"https:\/\/www.geopolitics.fr\/#\/schema\/logo\/image\/"},"sameAs":["https:\/\/www.facebook.com\/people\/Erwan-Davoux\/61557098968092\/","https:\/\/x.com\/Geopolitics_Fr"]},{"@type":"Person","@id":"https:\/\/www.geopolitics.fr\/#\/schema\/person\/69dde260ad11805e2aa68f0d9e9128da","name":"contact@geopolitics.fr","image":{"@type":"ImageObject","inLanguage":"en-GB","@id":"https:\/\/www.geopolitics.fr\/wp-content\/uploads\/2024\/01\/edito-bonne-banniere-96x96.jpg","url":"https:\/\/www.geopolitics.fr\/wp-content\/uploads\/2024\/01\/edito-bonne-banniere-96x96.jpg","contentUrl":"https:\/\/www.geopolitics.fr\/wp-content\/uploads\/2024\/01\/edito-bonne-banniere-96x96.jpg","caption":"contact@geopolitics.fr"},"url":"https:\/\/www.geopolitics.fr\/en\/author\/contactgeopolitics-fr\/"}]}},"_links":{"self":[{"href":"https:\/\/www.geopolitics.fr\/en\/wp-json\/wp\/v2\/posts\/2024","targetHints":{"allow":["GET"]}}],"collection":[{"href":"https:\/\/www.geopolitics.fr\/en\/wp-json\/wp\/v2\/posts"}],"about":[{"href":"https:\/\/www.geopolitics.fr\/en\/wp-json\/wp\/v2\/types\/post"}],"author":[{"embeddable":true,"href":"https:\/\/www.geopolitics.fr\/en\/wp-json\/wp\/v2\/users\/9"}],"replies":[{"embeddable":true,"href":"https:\/\/www.geopolitics.fr\/en\/wp-json\/wp\/v2\/comments?post=2024"}],"version-history":[{"count":0,"href":"https:\/\/www.geopolitics.fr\/en\/wp-json\/wp\/v2\/posts\/2024\/revisions"}],"wp:featuredmedia":[{"embeddable":true,"href":"https:\/\/www.geopolitics.fr\/en\/wp-json\/wp\/v2\/media\/2025"}],"wp:attachment":[{"href":"https:\/\/www.geopolitics.fr\/en\/wp-json\/wp\/v2\/media?parent=2024"}],"wp:term":[{"taxonomy":"category","embeddable":true,"href":"https:\/\/www.geopolitics.fr\/en\/wp-json\/wp\/v2\/categories?post=2024"},{"taxonomy":"post_tag","embeddable":true,"href":"https:\/\/www.geopolitics.fr\/en\/wp-json\/wp\/v2\/tags?post=2024"}],"curies":[{"name":"wp","href":"https:\/\/api.w.org\/{rel}","templated":true}]}}