{"id":2004,"date":"2024-01-11T19:53:01","date_gmt":"2024-01-11T18:53:01","guid":{"rendered":"https:\/\/www.geopolitics.fr\/?p=2004"},"modified":"2024-03-26T23:11:49","modified_gmt":"2024-03-26T22:11:49","slug":"la-nomination-de-stephane-sejourne-au-quai-dorsay-un-chiffon-rouge-pour-le-maroc","status":"publish","type":"post","link":"https:\/\/www.geopolitics.fr\/en\/2024\/01\/11\/la-nomination-de-stephane-sejourne-au-quai-dorsay-un-chiffon-rouge-pour-le-maroc\/","title":{"rendered":"La nomination de St\u00e9phane S\u00e9journ\u00e9 au Quai d&rsquo;Orsay, un chiffon rouge pour le Maroc !"},"content":{"rendered":"<figure class=\"wp-block-image size-full\"><img fetchpriority=\"high\" decoding=\"async\" width=\"612\" height=\"343\" src=\"https:\/\/www.geopolitics.fr\/wp-content\/uploads\/2024\/01\/france-maroc-3.jpg\" alt=\"\" class=\"wp-image-2006\" srcset=\"https:\/\/www.geopolitics.fr\/wp-content\/uploads\/2024\/01\/france-maroc-3.jpg 612w, https:\/\/www.geopolitics.fr\/wp-content\/uploads\/2024\/01\/france-maroc-3-600x336.jpg 600w, https:\/\/www.geopolitics.fr\/wp-content\/uploads\/2024\/01\/france-maroc-3-300x168.jpg 300w, https:\/\/www.geopolitics.fr\/wp-content\/uploads\/2024\/01\/france-maroc-3-585x328.jpg 585w\" sizes=\"(max-width: 612px) 100vw, 612px\" \/><figcaption class=\"wp-element-caption\">Morocco and France flag together realtions textile cloth fabric texture<\/figcaption><\/figure>\n\n\n\n<p class=\"wp-block-paragraph\">Alors qu&rsquo;Emmanuel Macron rame pour sortir de relations diplomatiques glaciales avec le Maroc (cf notre article \u00ab\u00a0R\u00e9chauffement France-Maroc, encore un effort !\u00a0\u00bb), la nomination de St\u00e9phane S\u00e9journ\u00e9 au Minist\u00e8re de l&rsquo;Europe et des Affaires \u00e9trang\u00e8res est un v\u00e9ritable chiffon rouge pour le Royaume tant il cristallise et symbolise la crispation de la relation bilat\u00e9rale. Il est reproch\u00e9 au Pr\u00e9sident du groupe Renew d&rsquo;\u00eatre \u00e0 l&rsquo;origine d&rsquo;au moins deux r\u00e9solutions hostiles au Maroc, au Parlement Europ\u00e9en. L&rsquo;une concerne \u00ab\u00a0des atteintes \u00e0 la libert\u00e9 d&rsquo;expression\u00a0\u00bb, l&rsquo;autre vise \u00e0 \u00ab\u00a0adopter les m\u00eames mesures \u00e0 l&rsquo;\u00e9gard des repr\u00e9sentants du Maroc que celles contre le Qatar\u00a0\u00bb. Le \u00ab\u00a0en m\u00eame temps\u00a0\u00bb risque de s&rsquo;av\u00e9rer calamiteux d&rsquo;un point de vue diplomatique.<\/p>","protected":false},"excerpt":{"rendered":"<p>Alors qu&rsquo;Emmanuel Macron rame pour sortir de relations diplomatiques glaciales avec le Maroc (cf notre article \u00ab\u00a0R\u00e9chauffement France-Maroc, encore un effort !\u00a0\u00bb),&hellip;<\/p>","protected":false},"author":9,"featured_media":2006,"comment_status":"open","ping_status":"open","sticky":false,"template":"","format":"standard","meta":{"_lmt_disableupdate":"","_lmt_disable":"","footnotes":""},"categories":[5,3],"tags":[],"class_list":["post-2004","post","type-post","status-publish","format-standard","has-post-thumbnail","hentry","category-international","category-politique"],"yoast_head":"<!-- This site is optimized with the Yoast SEO Premium plugin v28.1 (Yoast SEO v28.1) - https:\/\/yoast.com\/product\/yoast-seo-premium-wordpress\/ -->\n<title>La nomination de St\u00e9phane S\u00e9journ\u00e9 au Quai d&#039;Orsay, un chiffon rouge pour le Maroc ! | Geopolitics.fr<\/title>\n<meta name=\"robots\" content=\"index, follow, max-snippet:-1, max-image-preview:large, max-video-preview:-1\" \/>\n<link rel=\"canonical\" href=\"https:\/\/www.geopolitics.fr\/en\/2024\/01\/11\/la-nomination-de-stephane-sejourne-au-quai-dorsay-un-chiffon-rouge-pour-le-maroc\/\" \/>\n<meta property=\"og:locale\" content=\"en_GB\" \/>\n<meta property=\"og:type\" content=\"article\" \/>\n<meta property=\"og:title\" content=\"La nomination de St\u00e9phane S\u00e9journ\u00e9 au Quai d&#039;Orsay, un chiffon rouge pour le Maroc !\" \/>\n<meta property=\"og:description\" content=\"Alors qu&rsquo;Emmanuel Macron rame pour sortir de relations diplomatiques glaciales avec le Maroc (cf notre article \u00ab\u00a0R\u00e9chauffement France-Maroc, encore un effort !\u00a0\u00bb),&hellip;\" \/>\n<meta property=\"og:url\" content=\"https:\/\/www.geopolitics.fr\/en\/2024\/01\/11\/la-nomination-de-stephane-sejourne-au-quai-dorsay-un-chiffon-rouge-pour-le-maroc\/\" \/>\n<meta property=\"og:site_name\" content=\"Geopolitics.fr\" \/>\n<meta property=\"article:publisher\" content=\"https:\/\/www.facebook.com\/people\/Erwan-Davoux\/61557098968092\/\" \/>\n<meta property=\"article:published_time\" content=\"2024-01-11T18:53:01+00:00\" \/>\n<meta property=\"article:modified_time\" content=\"2024-03-26T22:11:49+00:00\" \/>\n<meta property=\"og:image\" content=\"https:\/\/www.geopolitics.fr\/wp-content\/uploads\/2024\/01\/france-maroc-3.jpg\" \/>\n\t<meta property=\"og:image:width\" content=\"612\" \/>\n\t<meta property=\"og:image:height\" content=\"343\" \/>\n\t<meta property=\"og:image:type\" content=\"image\/jpeg\" \/>\n<meta name=\"author\" content=\"contact@geopolitics.fr\" \/>\n<meta name=\"twitter:card\" content=\"summary_large_image\" \/>\n<meta name=\"twitter:creator\" content=\"@Geopolitics_Fr\" \/>\n<meta name=\"twitter:site\" content=\"@Geopolitics_Fr\" \/>\n<meta name=\"twitter:label1\" content=\"Written by\" \/>\n\t<meta name=\"twitter:data1\" content=\"contact@geopolitics.fr\" \/>\n\t<meta name=\"twitter:label2\" content=\"Estimated reading time\" \/>\n\t<meta name=\"twitter:data2\" content=\"2 minutes\" \/>\n<script type=\"application\/ld+json\" class=\"yoast-schema-graph\">{\"@context\":\"https:\\\/\\\/schema.org\",\"@graph\":[{\"@type\":\"Article\",\"@id\":\"https:\\\/\\\/www.geopolitics.fr\\\/2024\\\/01\\\/11\\\/la-nomination-de-stephane-sejourne-au-quai-dorsay-un-chiffon-rouge-pour-le-maroc\\\/#article\",\"isPartOf\":{\"@id\":\"https:\\\/\\\/www.geopolitics.fr\\\/2024\\\/01\\\/11\\\/la-nomination-de-stephane-sejourne-au-quai-dorsay-un-chiffon-rouge-pour-le-maroc\\\/\"},\"author\":{\"name\":\"contact@geopolitics.fr\",\"@id\":\"https:\\\/\\\/www.geopolitics.fr\\\/#\\\/schema\\\/person\\\/69dde260ad11805e2aa68f0d9e9128da\"},\"headline\":\"La nomination de St\u00e9phane S\u00e9journ\u00e9 au Quai d&rsquo;Orsay, un chiffon rouge pour le Maroc !\",\"datePublished\":\"2024-01-11T18:53:01+00:00\",\"dateModified\":\"2024-03-26T22:11:49+00:00\",\"mainEntityOfPage\":{\"@id\":\"https:\\\/\\\/www.geopolitics.fr\\\/2024\\\/01\\\/11\\\/la-nomination-de-stephane-sejourne-au-quai-dorsay-un-chiffon-rouge-pour-le-maroc\\\/\"},\"wordCount\":161,\"commentCount\":0,\"publisher\":{\"@id\":\"https:\\\/\\\/www.geopolitics.fr\\\/#organization\"},\"image\":{\"@id\":\"https:\\\/\\\/www.geopolitics.fr\\\/2024\\\/01\\\/11\\\/la-nomination-de-stephane-sejourne-au-quai-dorsay-un-chiffon-rouge-pour-le-maroc\\\/#primaryimage\"},\"thumbnailUrl\":\"https:\\\/\\\/www.geopolitics.fr\\\/wp-content\\\/uploads\\\/2024\\\/01\\\/france-maroc-3.jpg\",\"articleSection\":[\"International\",\"Politique\"],\"inLanguage\":\"en-GB\"},{\"@type\":\"WebPage\",\"@id\":\"https:\\\/\\\/www.geopolitics.fr\\\/2024\\\/01\\\/11\\\/la-nomination-de-stephane-sejourne-au-quai-dorsay-un-chiffon-rouge-pour-le-maroc\\\/\",\"url\":\"https:\\\/\\\/www.geopolitics.fr\\\/2024\\\/01\\\/11\\\/la-nomination-de-stephane-sejourne-au-quai-dorsay-un-chiffon-rouge-pour-le-maroc\\\/\",\"name\":\"La nomination de St\u00e9phane S\u00e9journ\u00e9 au Quai d'Orsay, un chiffon rouge pour le Maroc ! | Geopolitics.fr\",\"isPartOf\":{\"@id\":\"https:\\\/\\\/www.geopolitics.fr\\\/#website\"},\"primaryImageOfPage\":{\"@id\":\"https:\\\/\\\/www.geopolitics.fr\\\/2024\\\/01\\\/11\\\/la-nomination-de-stephane-sejourne-au-quai-dorsay-un-chiffon-rouge-pour-le-maroc\\\/#primaryimage\"},\"image\":{\"@id\":\"https:\\\/\\\/www.geopolitics.fr\\\/2024\\\/01\\\/11\\\/la-nomination-de-stephane-sejourne-au-quai-dorsay-un-chiffon-rouge-pour-le-maroc\\\/#primaryimage\"},\"thumbnailUrl\":\"https:\\\/\\\/www.geopolitics.fr\\\/wp-content\\\/uploads\\\/2024\\\/01\\\/france-maroc-3.jpg\",\"datePublished\":\"2024-01-11T18:53:01+00:00\",\"dateModified\":\"2024-03-26T22:11:49+00:00\",\"breadcrumb\":{\"@id\":\"https:\\\/\\\/www.geopolitics.fr\\\/2024\\\/01\\\/11\\\/la-nomination-de-stephane-sejourne-au-quai-dorsay-un-chiffon-rouge-pour-le-maroc\\\/#breadcrumb\"},\"inLanguage\":\"en-GB\",\"potentialAction\":[{\"@type\":\"ReadAction\",\"target\":[\"https:\\\/\\\/www.geopolitics.fr\\\/2024\\\/01\\\/11\\\/la-nomination-de-stephane-sejourne-au-quai-dorsay-un-chiffon-rouge-pour-le-maroc\\\/\"]}]},{\"@type\":\"ImageObject\",\"inLanguage\":\"en-GB\",\"@id\":\"https:\\\/\\\/www.geopolitics.fr\\\/2024\\\/01\\\/11\\\/la-nomination-de-stephane-sejourne-au-quai-dorsay-un-chiffon-rouge-pour-le-maroc\\\/#primaryimage\",\"url\":\"https:\\\/\\\/www.geopolitics.fr\\\/wp-content\\\/uploads\\\/2024\\\/01\\\/france-maroc-3.jpg\",\"contentUrl\":\"https:\\\/\\\/www.geopolitics.fr\\\/wp-content\\\/uploads\\\/2024\\\/01\\\/france-maroc-3.jpg\",\"width\":612,\"height\":343,\"caption\":\"Morocco and France flag together realtions textile cloth fabric texture\"},{\"@type\":\"BreadcrumbList\",\"@id\":\"https:\\\/\\\/www.geopolitics.fr\\\/2024\\\/01\\\/11\\\/la-nomination-de-stephane-sejourne-au-quai-dorsay-un-chiffon-rouge-pour-le-maroc\\\/#breadcrumb\",\"itemListElement\":[{\"@type\":\"ListItem\",\"position\":1,\"name\":\"Accueil\",\"item\":\"https:\\\/\\\/www.geopolitics.fr\\\/\"},{\"@type\":\"ListItem\",\"position\":2,\"name\":\"La nomination de St\u00e9phane S\u00e9journ\u00e9 au Quai d&#8217;Orsay, un chiffon rouge pour le Maroc !\"}]},{\"@type\":\"WebSite\",\"@id\":\"https:\\\/\\\/www.geopolitics.fr\\\/#website\",\"url\":\"https:\\\/\\\/www.geopolitics.fr\\\/\",\"name\":\"Geopolitics.fr\",\"description\":\"Geopolitics.fr Analyse politique, relations internationales, d\u00e9fense - ligne \u00e9ditoriale gaullo-chiraquienne\",\"publisher\":{\"@id\":\"https:\\\/\\\/www.geopolitics.fr\\\/#organization\"},\"potentialAction\":[{\"@type\":\"SearchAction\",\"target\":{\"@type\":\"EntryPoint\",\"urlTemplate\":\"https:\\\/\\\/www.geopolitics.fr\\\/?s={search_term_string}\"},\"query-input\":{\"@type\":\"PropertyValueSpecification\",\"valueRequired\":true,\"valueName\":\"search_term_string\"}}],\"inLanguage\":\"en-GB\"},{\"@type\":\"Organization\",\"@id\":\"https:\\\/\\\/www.geopolitics.fr\\\/#organization\",\"name\":\"Geopolitics.fr\",\"url\":\"https:\\\/\\\/www.geopolitics.fr\\\/\",\"logo\":{\"@type\":\"ImageObject\",\"inLanguage\":\"en-GB\",\"@id\":\"https:\\\/\\\/www.geopolitics.fr\\\/#\\\/schema\\\/logo\\\/image\\\/\",\"url\":\"https:\\\/\\\/www.geopolitics.fr\\\/wp-content\\\/uploads\\\/2024\\\/01\\\/logo.jpg\",\"contentUrl\":\"https:\\\/\\\/www.geopolitics.fr\\\/wp-content\\\/uploads\\\/2024\\\/01\\\/logo.jpg\",\"width\":500,\"height\":500,\"caption\":\"Geopolitics.fr\"},\"image\":{\"@id\":\"https:\\\/\\\/www.geopolitics.fr\\\/#\\\/schema\\\/logo\\\/image\\\/\"},\"sameAs\":[\"https:\\\/\\\/www.facebook.com\\\/people\\\/Erwan-Davoux\\\/61557098968092\\\/\",\"https:\\\/\\\/x.com\\\/Geopolitics_Fr\"]},{\"@type\":\"Person\",\"@id\":\"https:\\\/\\\/www.geopolitics.fr\\\/#\\\/schema\\\/person\\\/69dde260ad11805e2aa68f0d9e9128da\",\"name\":\"contact@geopolitics.fr\",\"image\":{\"@type\":\"ImageObject\",\"inLanguage\":\"en-GB\",\"@id\":\"https:\\\/\\\/www.geopolitics.fr\\\/wp-content\\\/uploads\\\/2024\\\/01\\\/edito-bonne-banniere-96x96.jpg\",\"url\":\"https:\\\/\\\/www.geopolitics.fr\\\/wp-content\\\/uploads\\\/2024\\\/01\\\/edito-bonne-banniere-96x96.jpg\",\"contentUrl\":\"https:\\\/\\\/www.geopolitics.fr\\\/wp-content\\\/uploads\\\/2024\\\/01\\\/edito-bonne-banniere-96x96.jpg\",\"caption\":\"contact@geopolitics.fr\"},\"url\":\"https:\\\/\\\/www.geopolitics.fr\\\/en\\\/author\\\/contactgeopolitics-fr\\\/\"}]}<\/script>\n<!-- \/ Yoast SEO Premium plugin. -->","yoast_head_json":{"title":"La nomination de St\u00e9phane S\u00e9journ\u00e9 au Quai d'Orsay, un chiffon rouge pour le Maroc ! | Geopolitics.fr","robots":{"index":"index","follow":"follow","max-snippet":"max-snippet:-1","max-image-preview":"max-image-preview:large","max-video-preview":"max-video-preview:-1"},"canonical":"https:\/\/www.geopolitics.fr\/en\/2024\/01\/11\/la-nomination-de-stephane-sejourne-au-quai-dorsay-un-chiffon-rouge-pour-le-maroc\/","og_locale":"en_GB","og_type":"article","og_title":"La nomination de St\u00e9phane S\u00e9journ\u00e9 au Quai d'Orsay, un chiffon rouge pour le Maroc !","og_description":"Alors qu&rsquo;Emmanuel Macron rame pour sortir de relations diplomatiques glaciales avec le Maroc (cf notre article \u00ab\u00a0R\u00e9chauffement France-Maroc, encore un effort !\u00a0\u00bb),&hellip;","og_url":"https:\/\/www.geopolitics.fr\/en\/2024\/01\/11\/la-nomination-de-stephane-sejourne-au-quai-dorsay-un-chiffon-rouge-pour-le-maroc\/","og_site_name":"Geopolitics.fr","article_publisher":"https:\/\/www.facebook.com\/people\/Erwan-Davoux\/61557098968092\/","article_published_time":"2024-01-11T18:53:01+00:00","article_modified_time":"2024-03-26T22:11:49+00:00","og_image":[{"width":612,"height":343,"url":"https:\/\/www.geopolitics.fr\/wp-content\/uploads\/2024\/01\/france-maroc-3.jpg","type":"image\/jpeg"}],"author":"contact@geopolitics.fr","twitter_card":"summary_large_image","twitter_creator":"@Geopolitics_Fr","twitter_site":"@Geopolitics_Fr","twitter_misc":{"Written by":"contact@geopolitics.fr","Estimated reading time":"2 minutes"},"schema":{"@context":"https:\/\/schema.org","@graph":[{"@type":"Article","@id":"https:\/\/www.geopolitics.fr\/2024\/01\/11\/la-nomination-de-stephane-sejourne-au-quai-dorsay-un-chiffon-rouge-pour-le-maroc\/#article","isPartOf":{"@id":"https:\/\/www.geopolitics.fr\/2024\/01\/11\/la-nomination-de-stephane-sejourne-au-quai-dorsay-un-chiffon-rouge-pour-le-maroc\/"},"author":{"name":"contact@geopolitics.fr","@id":"https:\/\/www.geopolitics.fr\/#\/schema\/person\/69dde260ad11805e2aa68f0d9e9128da"},"headline":"La nomination de St\u00e9phane S\u00e9journ\u00e9 au Quai d&rsquo;Orsay, un chiffon rouge pour le Maroc !","datePublished":"2024-01-11T18:53:01+00:00","dateModified":"2024-03-26T22:11:49+00:00","mainEntityOfPage":{"@id":"https:\/\/www.geopolitics.fr\/2024\/01\/11\/la-nomination-de-stephane-sejourne-au-quai-dorsay-un-chiffon-rouge-pour-le-maroc\/"},"wordCount":161,"commentCount":0,"publisher":{"@id":"https:\/\/www.geopolitics.fr\/#organization"},"image":{"@id":"https:\/\/www.geopolitics.fr\/2024\/01\/11\/la-nomination-de-stephane-sejourne-au-quai-dorsay-un-chiffon-rouge-pour-le-maroc\/#primaryimage"},"thumbnailUrl":"https:\/\/www.geopolitics.fr\/wp-content\/uploads\/2024\/01\/france-maroc-3.jpg","articleSection":["International","Politique"],"inLanguage":"en-GB"},{"@type":"WebPage","@id":"https:\/\/www.geopolitics.fr\/2024\/01\/11\/la-nomination-de-stephane-sejourne-au-quai-dorsay-un-chiffon-rouge-pour-le-maroc\/","url":"https:\/\/www.geopolitics.fr\/2024\/01\/11\/la-nomination-de-stephane-sejourne-au-quai-dorsay-un-chiffon-rouge-pour-le-maroc\/","name":"La nomination de St\u00e9phane S\u00e9journ\u00e9 au Quai d'Orsay, un chiffon rouge pour le Maroc ! | Geopolitics.fr","isPartOf":{"@id":"https:\/\/www.geopolitics.fr\/#website"},"primaryImageOfPage":{"@id":"https:\/\/www.geopolitics.fr\/2024\/01\/11\/la-nomination-de-stephane-sejourne-au-quai-dorsay-un-chiffon-rouge-pour-le-maroc\/#primaryimage"},"image":{"@id":"https:\/\/www.geopolitics.fr\/2024\/01\/11\/la-nomination-de-stephane-sejourne-au-quai-dorsay-un-chiffon-rouge-pour-le-maroc\/#primaryimage"},"thumbnailUrl":"https:\/\/www.geopolitics.fr\/wp-content\/uploads\/2024\/01\/france-maroc-3.jpg","datePublished":"2024-01-11T18:53:01+00:00","dateModified":"2024-03-26T22:11:49+00:00","breadcrumb":{"@id":"https:\/\/www.geopolitics.fr\/2024\/01\/11\/la-nomination-de-stephane-sejourne-au-quai-dorsay-un-chiffon-rouge-pour-le-maroc\/#breadcrumb"},"inLanguage":"en-GB","potentialAction":[{"@type":"ReadAction","target":["https:\/\/www.geopolitics.fr\/2024\/01\/11\/la-nomination-de-stephane-sejourne-au-quai-dorsay-un-chiffon-rouge-pour-le-maroc\/"]}]},{"@type":"ImageObject","inLanguage":"en-GB","@id":"https:\/\/www.geopolitics.fr\/2024\/01\/11\/la-nomination-de-stephane-sejourne-au-quai-dorsay-un-chiffon-rouge-pour-le-maroc\/#primaryimage","url":"https:\/\/www.geopolitics.fr\/wp-content\/uploads\/2024\/01\/france-maroc-3.jpg","contentUrl":"https:\/\/www.geopolitics.fr\/wp-content\/uploads\/2024\/01\/france-maroc-3.jpg","width":612,"height":343,"caption":"Morocco and France flag together realtions textile cloth fabric texture"},{"@type":"BreadcrumbList","@id":"https:\/\/www.geopolitics.fr\/2024\/01\/11\/la-nomination-de-stephane-sejourne-au-quai-dorsay-un-chiffon-rouge-pour-le-maroc\/#breadcrumb","itemListElement":[{"@type":"ListItem","position":1,"name":"Accueil","item":"https:\/\/www.geopolitics.fr\/"},{"@type":"ListItem","position":2,"name":"La nomination de St\u00e9phane S\u00e9journ\u00e9 au Quai d&#8217;Orsay, un chiffon rouge pour le Maroc !"}]},{"@type":"WebSite","@id":"https:\/\/www.geopolitics.fr\/#website","url":"https:\/\/www.geopolitics.fr\/","name":"Geopolitics.fr","description":"Geopolitics.fr Analyse politique, relations internationales, d\u00e9fense - ligne \u00e9ditoriale gaullo-chiraquienne","publisher":{"@id":"https:\/\/www.geopolitics.fr\/#organization"},"potentialAction":[{"@type":"SearchAction","target":{"@type":"EntryPoint","urlTemplate":"https:\/\/www.geopolitics.fr\/?s={search_term_string}"},"query-input":{"@type":"PropertyValueSpecification","valueRequired":true,"valueName":"search_term_string"}}],"inLanguage":"en-GB"},{"@type":"Organization","@id":"https:\/\/www.geopolitics.fr\/#organization","name":"Geopolitics.fr","url":"https:\/\/www.geopolitics.fr\/","logo":{"@type":"ImageObject","inLanguage":"en-GB","@id":"https:\/\/www.geopolitics.fr\/#\/schema\/logo\/image\/","url":"https:\/\/www.geopolitics.fr\/wp-content\/uploads\/2024\/01\/logo.jpg","contentUrl":"https:\/\/www.geopolitics.fr\/wp-content\/uploads\/2024\/01\/logo.jpg","width":500,"height":500,"caption":"Geopolitics.fr"},"image":{"@id":"https:\/\/www.geopolitics.fr\/#\/schema\/logo\/image\/"},"sameAs":["https:\/\/www.facebook.com\/people\/Erwan-Davoux\/61557098968092\/","https:\/\/x.com\/Geopolitics_Fr"]},{"@type":"Person","@id":"https:\/\/www.geopolitics.fr\/#\/schema\/person\/69dde260ad11805e2aa68f0d9e9128da","name":"contact@geopolitics.fr","image":{"@type":"ImageObject","inLanguage":"en-GB","@id":"https:\/\/www.geopolitics.fr\/wp-content\/uploads\/2024\/01\/edito-bonne-banniere-96x96.jpg","url":"https:\/\/www.geopolitics.fr\/wp-content\/uploads\/2024\/01\/edito-bonne-banniere-96x96.jpg","contentUrl":"https:\/\/www.geopolitics.fr\/wp-content\/uploads\/2024\/01\/edito-bonne-banniere-96x96.jpg","caption":"contact@geopolitics.fr"},"url":"https:\/\/www.geopolitics.fr\/en\/author\/contactgeopolitics-fr\/"}]}},"_links":{"self":[{"href":"https:\/\/www.geopolitics.fr\/en\/wp-json\/wp\/v2\/posts\/2004","targetHints":{"allow":["GET"]}}],"collection":[{"href":"https:\/\/www.geopolitics.fr\/en\/wp-json\/wp\/v2\/posts"}],"about":[{"href":"https:\/\/www.geopolitics.fr\/en\/wp-json\/wp\/v2\/types\/post"}],"author":[{"embeddable":true,"href":"https:\/\/www.geopolitics.fr\/en\/wp-json\/wp\/v2\/users\/9"}],"replies":[{"embeddable":true,"href":"https:\/\/www.geopolitics.fr\/en\/wp-json\/wp\/v2\/comments?post=2004"}],"version-history":[{"count":0,"href":"https:\/\/www.geopolitics.fr\/en\/wp-json\/wp\/v2\/posts\/2004\/revisions"}],"wp:featuredmedia":[{"embeddable":true,"href":"https:\/\/www.geopolitics.fr\/en\/wp-json\/wp\/v2\/media\/2006"}],"wp:attachment":[{"href":"https:\/\/www.geopolitics.fr\/en\/wp-json\/wp\/v2\/media?parent=2004"}],"wp:term":[{"taxonomy":"category","embeddable":true,"href":"https:\/\/www.geopolitics.fr\/en\/wp-json\/wp\/v2\/categories?post=2004"},{"taxonomy":"post_tag","embeddable":true,"href":"https:\/\/www.geopolitics.fr\/en\/wp-json\/wp\/v2\/tags?post=2004"}],"curies":[{"name":"wp","href":"https:\/\/api.w.org\/{rel}","templated":true}]}}