{"id":1994,"date":"2024-01-11T17:05:25","date_gmt":"2024-01-11T16:05:25","guid":{"rendered":"https:\/\/www.geopolitics.fr\/?p=1994"},"modified":"2024-03-26T23:17:37","modified_gmt":"2024-03-26T22:17:37","slug":"le-remaniement-ou-le-mepris-ostensible-pour-les-francais","status":"publish","type":"post","link":"https:\/\/www.geopolitics.fr\/en\/2024\/01\/11\/le-remaniement-ou-le-mepris-ostensible-pour-les-francais\/","title":{"rendered":"Le remaniement ou le m\u00e9pris ostensible pour les Fran\u00e7ais"},"content":{"rendered":"<h6 class=\"wp-block-heading has-medium-font-size\" id=\"h-deux-semaines-que-ce-mauvais-feuilleton-dure-deux-conseils-des-ministres-annules-serait-ce-pour-donner-un-nouveau-cap-et-repondre-a-la-crise-politique-majeure-que-traverse-notre-pays-nbsp-il-n-en-est-rien-nbsp\">Deux semaines que ce mauvais feuilleton dure. Deux Conseils des ministres annul\u00e9s. Serait-ce pour donner un nouveau cap et r\u00e9pondre \u00e0 la crise politique majeure que traverse notre pays&nbsp;? Il n\u2019en est rien&nbsp;!<\/h6>\n\n\n\n<h6 class=\"wp-block-heading has-medium-font-size\" id=\"h-dissoudre-l-assemblee-nationale-pour-prendre-en-consideration-la-volonte-des-francais-qui-ont-signifie-clairement-au-president-de-la-republique-en-juin-2022-qu-ils-ne-souhaitaient-pas-lui-donner-une-majorite-nbsp-respecter-l-esprit-de-la-constitution-l-aurait-exige-tant-la-veme-republique-est-indissociable-du-nbsp-fait-majoritaire-nbsp-lorsque-l-on-ne-dispose-pas-d-une-majorite-pas-d-autre-option-que-la-dissolution-ou-a-defaut-un-pacte-de-gouvernement-avec-l-opposition-peu-conforme-a-l-esprit-des-institutions-davantage-l-apanage-des-regimes-parlementaires-mais-ayant-au-moins-le-merite-de-respecter-le-choix-democratique-des-francais\">Dissoudre l\u2019Assembl\u00e9e Nationale pour prendre en consid\u00e9ration la volont\u00e9 des Fran\u00e7ais qui ont signifi\u00e9 clairement au Pr\u00e9sident de la R\u00e9publique, en juin 2022, qu\u2019ils ne souhaitaient pas lui donner une majorit\u00e9&nbsp;? Respecter l\u2019esprit de la Constitution l\u2019aurait exig\u00e9, tant la V\u00e8me R\u00e9publique est indissociable du \u00ab&nbsp;fait majoritaire&nbsp;\u00bb. Lorsque l\u2019on ne dispose pas d\u2019une majorit\u00e9, pas d\u2019autre option que la dissolution. Ou, \u00e0 d\u00e9faut, un pacte de gouvernement avec l\u2019opposition. Peu conforme \u00e0 l\u2019esprit des Institutions, davantage l\u2019apanage des r\u00e9gimes parlementaires, mais ayant, au moins, le m\u00e9rite de respecter le choix d\u00e9mocratique des Fran\u00e7ais.<\/h6>\n\n\n\n<h6 class=\"wp-block-heading has-medium-font-size\" id=\"h-ce-remaniement-ne-change-en-rien-la-donne-politique-la-designation-de-gabrial-attal-releve-de-marchandages-internes-a-la-majorite-du-soutien-extremement-marque-que-lui-a-apporte-la-premiere-dame-et-in-fine-du-choix-d-emmanuel-macron-version-2024-de-nommer-emmanuel-macron-version-2017-meme-talent-meme-excellence-a-communiquer-meme-absence-d-experience-meme-absence-de-connaissance-de-la-france-et-des-francais-meme-absence-d-encrage-politique\">Ce remaniement ne change en rien la donne politique. La d\u00e9signation de Gabrial Attal rel\u00e8ve de marchandages internes \u00e0 la majorit\u00e9, du soutien extr\u00eamement marqu\u00e9 que lui a apport\u00e9 la Premi\u00e8re dame et, <em>in fine<\/em>, du choix d\u2019Emmanuel Macron, version 2024, de nommer Emmanuel Macron version 2017. M\u00eame talent, m\u00eame excellence \u00e0 communiquer. M\u00eame absence d\u2019exp\u00e9rience, m\u00eame absence de connaissance de la France et des Fran\u00e7ais, m\u00eame absence d\u2019encrage politique.<\/h6>\n\n\n\n<h4 class=\"wp-block-heading\" id=\"h-les-tenors-de-la-macronie-conservent-leurs-fonctions-des-inconnus-dont-on-apprend-le-nom-qu-a-l-occasion-de-leur-mise-en-examen-leur-bourde-ou-leur-depart-sont-remplaces-par-d-autres-inconnus-quelques-debauchages-individuels-sur-le-modele-de-nicolas-sarkozy-en-2007-est-il-utile-de-rappeler-que-pas-un-seul-des-concernes-n-aura-appele-a-voter-pour-lui-en-2012-nbsp-il-est-si-facile-de-flatter-celles-et-ceux-dont-l-ego-n-a-jamais-fait-concurrence-aux-nbsp-idees-nbsp\">Les t\u00e9nors de la macronie conservent leurs fonctions. Des inconnus dont on apprend le nom qu\u2019\u00e0 l\u2019occasion de leur mise en examen, leur bourde ou leur d\u00e9part, sont remplac\u00e9s par d\u2019autres inconnus. Quelques d\u00e9bauchages individuels, sur le mod\u00e8le de Nicolas Sarkozy en 2007. Est-il utile de rappeler que pas un seul  des concern\u00e9s n\u2019aura appel\u00e9 \u00e0 voter pour lui en 2012&nbsp;? Il est si facile de flatter celles et ceux dont l\u2019\u00e9go n\u2019a jamais fait concurrence aux \u00ab&nbsp;id\u00e9es&nbsp;\u00bb.<\/h4>\n\n\n\n<h4 class=\"wp-block-heading\" id=\"h-pas-de-changement-de-cap-politique-peu-de-renouvellement-il-est-peu-de-dire-que-la-montagne-a-accouche-d-une-souris-et-qu-une-journee-aurait-largement-suffit-pour-ce-remaniement-quasi-insignifiant\">Pas de changement de cap politique, peu de renouvellement, il est peu de dire que la montagne a accouch\u00e9 d\u2019une souris et qu\u2019une journ\u00e9e aurait largement suffit pour ce remaniement quasi-insignifiant.<\/h4>\n\n\n\n<h4 class=\"wp-block-heading\" id=\"h-depuis-dix-jours-la-france-est-paralysee-son-absence-sur-la-scene-internationale-est-encore-plus-marquee-qu-a-l-accoutumee-les-prix-de-l-energie-s-envolent-les-intemperies-frappent-durement-et-la-seule-question-est-nbsp-est-ce-qu-untel-peut-rester-a-son-poste-sans-mecontenter-untel-nbsp-derisoire-nbsp-il-y-a-un-moment-helas-pas-eloigne-ou-le-mepris-pour-les-francais-le-non-respect-de-l-esprit-des-institutions-conduiront-a-une-crise-politique-irreversible\">Depuis dix jours, la France est paralys\u00e9e. Son absence sur la sc\u00e8ne internationale est encore plus marqu\u00e9e qu\u2019\u00e0 l\u2019accoutum\u00e9e, les prix de l\u2019\u00e9nergie s\u2019envolent, les intemp\u00e9ries frappent durement. Et la seule question est&nbsp;: est-ce qu\u2019untel peut rester \u00e0 son poste sans m\u00e9contenter untel&nbsp;? D\u00e9risoire&nbsp;! Il y a un moment, h\u00e9las pas \u00e9loign\u00e9, o\u00f9 le m\u00e9pris pour les Fran\u00e7ais, le non- respect de l\u2019esprit des Institutions, conduiront \u00e0 une crise politique irr\u00e9versible.<\/h4>\n\n\n\n<p class=\"wp-block-paragraph\"><\/p>","protected":false},"excerpt":{"rendered":"<p>Deux semaines que ce mauvais feuilleton dure. Deux Conseils des ministres annul\u00e9s. Serait-ce pour donner un nouveau cap et r\u00e9pondre \u00e0 la&hellip;<\/p>","protected":false},"author":9,"featured_media":2176,"comment_status":"open","ping_status":"open","sticky":false,"template":"","format":"standard","meta":{"_lmt_disableupdate":"","_lmt_disable":"","footnotes":""},"categories":[34,3],"tags":[],"class_list":["post-1994","post","type-post","status-publish","format-standard","has-post-thumbnail","hentry","category-editorial","category-politique"],"yoast_head":"<!-- This site is optimized with the Yoast SEO Premium plugin v28.1 (Yoast SEO v28.1) - https:\/\/yoast.com\/product\/yoast-seo-premium-wordpress\/ -->\n<title>Le remaniement ou le m\u00e9pris ostensible pour les Fran\u00e7ais | Geopolitics.fr<\/title>\n<meta name=\"robots\" content=\"index, follow, max-snippet:-1, max-image-preview:large, max-video-preview:-1\" \/>\n<link rel=\"canonical\" href=\"https:\/\/www.geopolitics.fr\/en\/2024\/01\/11\/le-remaniement-ou-le-mepris-ostensible-pour-les-francais\/\" \/>\n<meta property=\"og:locale\" content=\"en_GB\" \/>\n<meta property=\"og:type\" content=\"article\" \/>\n<meta property=\"og:title\" content=\"Le remaniement ou le m\u00e9pris ostensible pour les Fran\u00e7ais\" \/>\n<meta property=\"og:description\" content=\"Deux semaines que ce mauvais feuilleton dure. Deux Conseils des ministres annul\u00e9s. Serait-ce pour donner un nouveau cap et r\u00e9pondre \u00e0 la&hellip;\" \/>\n<meta property=\"og:url\" content=\"https:\/\/www.geopolitics.fr\/en\/2024\/01\/11\/le-remaniement-ou-le-mepris-ostensible-pour-les-francais\/\" \/>\n<meta property=\"og:site_name\" content=\"Geopolitics.fr\" \/>\n<meta property=\"article:publisher\" content=\"https:\/\/www.facebook.com\/people\/Erwan-Davoux\/61557098968092\/\" \/>\n<meta property=\"article:published_time\" content=\"2024-01-11T16:05:25+00:00\" \/>\n<meta property=\"article:modified_time\" content=\"2024-03-26T22:17:37+00:00\" \/>\n<meta property=\"og:image\" content=\"https:\/\/www.geopolitics.fr\/wp-content\/uploads\/2024\/01\/edito-bonne-banniere.jpg\" \/>\n\t<meta property=\"og:image:width\" content=\"600\" \/>\n\t<meta property=\"og:image:height\" content=\"600\" \/>\n\t<meta property=\"og:image:type\" content=\"image\/jpeg\" \/>\n<meta name=\"author\" content=\"contact@geopolitics.fr\" \/>\n<meta name=\"twitter:card\" content=\"summary_large_image\" \/>\n<meta name=\"twitter:creator\" content=\"@Geopolitics_Fr\" \/>\n<meta name=\"twitter:site\" content=\"@Geopolitics_Fr\" \/>\n<meta name=\"twitter:label1\" content=\"Written by\" \/>\n\t<meta name=\"twitter:data1\" content=\"contact@geopolitics.fr\" \/>\n\t<meta name=\"twitter:label2\" content=\"Estimated reading time\" \/>\n\t<meta name=\"twitter:data2\" content=\"3 minutes\" \/>\n<script type=\"application\/ld+json\" class=\"yoast-schema-graph\">{\"@context\":\"https:\\\/\\\/schema.org\",\"@graph\":[{\"@type\":\"Article\",\"@id\":\"https:\\\/\\\/www.geopolitics.fr\\\/2024\\\/01\\\/11\\\/le-remaniement-ou-le-mepris-ostensible-pour-les-francais\\\/#article\",\"isPartOf\":{\"@id\":\"https:\\\/\\\/www.geopolitics.fr\\\/2024\\\/01\\\/11\\\/le-remaniement-ou-le-mepris-ostensible-pour-les-francais\\\/\"},\"author\":{\"name\":\"contact@geopolitics.fr\",\"@id\":\"https:\\\/\\\/www.geopolitics.fr\\\/#\\\/schema\\\/person\\\/69dde260ad11805e2aa68f0d9e9128da\"},\"headline\":\"Le remaniement ou le m\u00e9pris ostensible pour les Fran\u00e7ais\",\"datePublished\":\"2024-01-11T16:05:25+00:00\",\"dateModified\":\"2024-03-26T22:17:37+00:00\",\"mainEntityOfPage\":{\"@id\":\"https:\\\/\\\/www.geopolitics.fr\\\/2024\\\/01\\\/11\\\/le-remaniement-ou-le-mepris-ostensible-pour-les-francais\\\/\"},\"wordCount\":455,\"commentCount\":0,\"publisher\":{\"@id\":\"https:\\\/\\\/www.geopolitics.fr\\\/#organization\"},\"image\":{\"@id\":\"https:\\\/\\\/www.geopolitics.fr\\\/2024\\\/01\\\/11\\\/le-remaniement-ou-le-mepris-ostensible-pour-les-francais\\\/#primaryimage\"},\"thumbnailUrl\":\"https:\\\/\\\/www.geopolitics.fr\\\/wp-content\\\/uploads\\\/2024\\\/01\\\/edito-bonne-banniere.jpg\",\"articleSection\":[\"Editorial\",\"Politique\"],\"inLanguage\":\"en-GB\"},{\"@type\":\"WebPage\",\"@id\":\"https:\\\/\\\/www.geopolitics.fr\\\/2024\\\/01\\\/11\\\/le-remaniement-ou-le-mepris-ostensible-pour-les-francais\\\/\",\"url\":\"https:\\\/\\\/www.geopolitics.fr\\\/2024\\\/01\\\/11\\\/le-remaniement-ou-le-mepris-ostensible-pour-les-francais\\\/\",\"name\":\"Le remaniement ou le m\u00e9pris ostensible pour les Fran\u00e7ais | Geopolitics.fr\",\"isPartOf\":{\"@id\":\"https:\\\/\\\/www.geopolitics.fr\\\/#website\"},\"primaryImageOfPage\":{\"@id\":\"https:\\\/\\\/www.geopolitics.fr\\\/2024\\\/01\\\/11\\\/le-remaniement-ou-le-mepris-ostensible-pour-les-francais\\\/#primaryimage\"},\"image\":{\"@id\":\"https:\\\/\\\/www.geopolitics.fr\\\/2024\\\/01\\\/11\\\/le-remaniement-ou-le-mepris-ostensible-pour-les-francais\\\/#primaryimage\"},\"thumbnailUrl\":\"https:\\\/\\\/www.geopolitics.fr\\\/wp-content\\\/uploads\\\/2024\\\/01\\\/edito-bonne-banniere.jpg\",\"datePublished\":\"2024-01-11T16:05:25+00:00\",\"dateModified\":\"2024-03-26T22:17:37+00:00\",\"breadcrumb\":{\"@id\":\"https:\\\/\\\/www.geopolitics.fr\\\/2024\\\/01\\\/11\\\/le-remaniement-ou-le-mepris-ostensible-pour-les-francais\\\/#breadcrumb\"},\"inLanguage\":\"en-GB\",\"potentialAction\":[{\"@type\":\"ReadAction\",\"target\":[\"https:\\\/\\\/www.geopolitics.fr\\\/2024\\\/01\\\/11\\\/le-remaniement-ou-le-mepris-ostensible-pour-les-francais\\\/\"]}]},{\"@type\":\"ImageObject\",\"inLanguage\":\"en-GB\",\"@id\":\"https:\\\/\\\/www.geopolitics.fr\\\/2024\\\/01\\\/11\\\/le-remaniement-ou-le-mepris-ostensible-pour-les-francais\\\/#primaryimage\",\"url\":\"https:\\\/\\\/www.geopolitics.fr\\\/wp-content\\\/uploads\\\/2024\\\/01\\\/edito-bonne-banniere.jpg\",\"contentUrl\":\"https:\\\/\\\/www.geopolitics.fr\\\/wp-content\\\/uploads\\\/2024\\\/01\\\/edito-bonne-banniere.jpg\",\"width\":600,\"height\":600},{\"@type\":\"BreadcrumbList\",\"@id\":\"https:\\\/\\\/www.geopolitics.fr\\\/2024\\\/01\\\/11\\\/le-remaniement-ou-le-mepris-ostensible-pour-les-francais\\\/#breadcrumb\",\"itemListElement\":[{\"@type\":\"ListItem\",\"position\":1,\"name\":\"Accueil\",\"item\":\"https:\\\/\\\/www.geopolitics.fr\\\/\"},{\"@type\":\"ListItem\",\"position\":2,\"name\":\"Le remaniement ou le m\u00e9pris ostensible pour les Fran\u00e7ais\"}]},{\"@type\":\"WebSite\",\"@id\":\"https:\\\/\\\/www.geopolitics.fr\\\/#website\",\"url\":\"https:\\\/\\\/www.geopolitics.fr\\\/\",\"name\":\"Geopolitics.fr\",\"description\":\"Geopolitics.fr Analyse politique, relations internationales, d\u00e9fense - ligne \u00e9ditoriale gaullo-chiraquienne\",\"publisher\":{\"@id\":\"https:\\\/\\\/www.geopolitics.fr\\\/#organization\"},\"potentialAction\":[{\"@type\":\"SearchAction\",\"target\":{\"@type\":\"EntryPoint\",\"urlTemplate\":\"https:\\\/\\\/www.geopolitics.fr\\\/?s={search_term_string}\"},\"query-input\":{\"@type\":\"PropertyValueSpecification\",\"valueRequired\":true,\"valueName\":\"search_term_string\"}}],\"inLanguage\":\"en-GB\"},{\"@type\":\"Organization\",\"@id\":\"https:\\\/\\\/www.geopolitics.fr\\\/#organization\",\"name\":\"Geopolitics.fr\",\"url\":\"https:\\\/\\\/www.geopolitics.fr\\\/\",\"logo\":{\"@type\":\"ImageObject\",\"inLanguage\":\"en-GB\",\"@id\":\"https:\\\/\\\/www.geopolitics.fr\\\/#\\\/schema\\\/logo\\\/image\\\/\",\"url\":\"https:\\\/\\\/www.geopolitics.fr\\\/wp-content\\\/uploads\\\/2024\\\/01\\\/logo.jpg\",\"contentUrl\":\"https:\\\/\\\/www.geopolitics.fr\\\/wp-content\\\/uploads\\\/2024\\\/01\\\/logo.jpg\",\"width\":500,\"height\":500,\"caption\":\"Geopolitics.fr\"},\"image\":{\"@id\":\"https:\\\/\\\/www.geopolitics.fr\\\/#\\\/schema\\\/logo\\\/image\\\/\"},\"sameAs\":[\"https:\\\/\\\/www.facebook.com\\\/people\\\/Erwan-Davoux\\\/61557098968092\\\/\",\"https:\\\/\\\/x.com\\\/Geopolitics_Fr\"]},{\"@type\":\"Person\",\"@id\":\"https:\\\/\\\/www.geopolitics.fr\\\/#\\\/schema\\\/person\\\/69dde260ad11805e2aa68f0d9e9128da\",\"name\":\"contact@geopolitics.fr\",\"image\":{\"@type\":\"ImageObject\",\"inLanguage\":\"en-GB\",\"@id\":\"https:\\\/\\\/www.geopolitics.fr\\\/wp-content\\\/uploads\\\/2024\\\/01\\\/edito-bonne-banniere-96x96.jpg\",\"url\":\"https:\\\/\\\/www.geopolitics.fr\\\/wp-content\\\/uploads\\\/2024\\\/01\\\/edito-bonne-banniere-96x96.jpg\",\"contentUrl\":\"https:\\\/\\\/www.geopolitics.fr\\\/wp-content\\\/uploads\\\/2024\\\/01\\\/edito-bonne-banniere-96x96.jpg\",\"caption\":\"contact@geopolitics.fr\"},\"url\":\"https:\\\/\\\/www.geopolitics.fr\\\/en\\\/author\\\/contactgeopolitics-fr\\\/\"}]}<\/script>\n<!-- \/ Yoast SEO Premium plugin. -->","yoast_head_json":{"title":"Le remaniement ou le m\u00e9pris ostensible pour les Fran\u00e7ais | Geopolitics.fr","robots":{"index":"index","follow":"follow","max-snippet":"max-snippet:-1","max-image-preview":"max-image-preview:large","max-video-preview":"max-video-preview:-1"},"canonical":"https:\/\/www.geopolitics.fr\/en\/2024\/01\/11\/le-remaniement-ou-le-mepris-ostensible-pour-les-francais\/","og_locale":"en_GB","og_type":"article","og_title":"Le remaniement ou le m\u00e9pris ostensible pour les Fran\u00e7ais","og_description":"Deux semaines que ce mauvais feuilleton dure. Deux Conseils des ministres annul\u00e9s. Serait-ce pour donner un nouveau cap et r\u00e9pondre \u00e0 la&hellip;","og_url":"https:\/\/www.geopolitics.fr\/en\/2024\/01\/11\/le-remaniement-ou-le-mepris-ostensible-pour-les-francais\/","og_site_name":"Geopolitics.fr","article_publisher":"https:\/\/www.facebook.com\/people\/Erwan-Davoux\/61557098968092\/","article_published_time":"2024-01-11T16:05:25+00:00","article_modified_time":"2024-03-26T22:17:37+00:00","og_image":[{"width":600,"height":600,"url":"https:\/\/www.geopolitics.fr\/wp-content\/uploads\/2024\/01\/edito-bonne-banniere.jpg","type":"image\/jpeg"}],"author":"contact@geopolitics.fr","twitter_card":"summary_large_image","twitter_creator":"@Geopolitics_Fr","twitter_site":"@Geopolitics_Fr","twitter_misc":{"Written by":"contact@geopolitics.fr","Estimated reading time":"3 minutes"},"schema":{"@context":"https:\/\/schema.org","@graph":[{"@type":"Article","@id":"https:\/\/www.geopolitics.fr\/2024\/01\/11\/le-remaniement-ou-le-mepris-ostensible-pour-les-francais\/#article","isPartOf":{"@id":"https:\/\/www.geopolitics.fr\/2024\/01\/11\/le-remaniement-ou-le-mepris-ostensible-pour-les-francais\/"},"author":{"name":"contact@geopolitics.fr","@id":"https:\/\/www.geopolitics.fr\/#\/schema\/person\/69dde260ad11805e2aa68f0d9e9128da"},"headline":"Le remaniement ou le m\u00e9pris ostensible pour les Fran\u00e7ais","datePublished":"2024-01-11T16:05:25+00:00","dateModified":"2024-03-26T22:17:37+00:00","mainEntityOfPage":{"@id":"https:\/\/www.geopolitics.fr\/2024\/01\/11\/le-remaniement-ou-le-mepris-ostensible-pour-les-francais\/"},"wordCount":455,"commentCount":0,"publisher":{"@id":"https:\/\/www.geopolitics.fr\/#organization"},"image":{"@id":"https:\/\/www.geopolitics.fr\/2024\/01\/11\/le-remaniement-ou-le-mepris-ostensible-pour-les-francais\/#primaryimage"},"thumbnailUrl":"https:\/\/www.geopolitics.fr\/wp-content\/uploads\/2024\/01\/edito-bonne-banniere.jpg","articleSection":["Editorial","Politique"],"inLanguage":"en-GB"},{"@type":"WebPage","@id":"https:\/\/www.geopolitics.fr\/2024\/01\/11\/le-remaniement-ou-le-mepris-ostensible-pour-les-francais\/","url":"https:\/\/www.geopolitics.fr\/2024\/01\/11\/le-remaniement-ou-le-mepris-ostensible-pour-les-francais\/","name":"Le remaniement ou le m\u00e9pris ostensible pour les Fran\u00e7ais | Geopolitics.fr","isPartOf":{"@id":"https:\/\/www.geopolitics.fr\/#website"},"primaryImageOfPage":{"@id":"https:\/\/www.geopolitics.fr\/2024\/01\/11\/le-remaniement-ou-le-mepris-ostensible-pour-les-francais\/#primaryimage"},"image":{"@id":"https:\/\/www.geopolitics.fr\/2024\/01\/11\/le-remaniement-ou-le-mepris-ostensible-pour-les-francais\/#primaryimage"},"thumbnailUrl":"https:\/\/www.geopolitics.fr\/wp-content\/uploads\/2024\/01\/edito-bonne-banniere.jpg","datePublished":"2024-01-11T16:05:25+00:00","dateModified":"2024-03-26T22:17:37+00:00","breadcrumb":{"@id":"https:\/\/www.geopolitics.fr\/2024\/01\/11\/le-remaniement-ou-le-mepris-ostensible-pour-les-francais\/#breadcrumb"},"inLanguage":"en-GB","potentialAction":[{"@type":"ReadAction","target":["https:\/\/www.geopolitics.fr\/2024\/01\/11\/le-remaniement-ou-le-mepris-ostensible-pour-les-francais\/"]}]},{"@type":"ImageObject","inLanguage":"en-GB","@id":"https:\/\/www.geopolitics.fr\/2024\/01\/11\/le-remaniement-ou-le-mepris-ostensible-pour-les-francais\/#primaryimage","url":"https:\/\/www.geopolitics.fr\/wp-content\/uploads\/2024\/01\/edito-bonne-banniere.jpg","contentUrl":"https:\/\/www.geopolitics.fr\/wp-content\/uploads\/2024\/01\/edito-bonne-banniere.jpg","width":600,"height":600},{"@type":"BreadcrumbList","@id":"https:\/\/www.geopolitics.fr\/2024\/01\/11\/le-remaniement-ou-le-mepris-ostensible-pour-les-francais\/#breadcrumb","itemListElement":[{"@type":"ListItem","position":1,"name":"Accueil","item":"https:\/\/www.geopolitics.fr\/"},{"@type":"ListItem","position":2,"name":"Le remaniement ou le m\u00e9pris ostensible pour les Fran\u00e7ais"}]},{"@type":"WebSite","@id":"https:\/\/www.geopolitics.fr\/#website","url":"https:\/\/www.geopolitics.fr\/","name":"Geopolitics.fr","description":"Geopolitics.fr Analyse politique, relations internationales, d\u00e9fense - ligne \u00e9ditoriale gaullo-chiraquienne","publisher":{"@id":"https:\/\/www.geopolitics.fr\/#organization"},"potentialAction":[{"@type":"SearchAction","target":{"@type":"EntryPoint","urlTemplate":"https:\/\/www.geopolitics.fr\/?s={search_term_string}"},"query-input":{"@type":"PropertyValueSpecification","valueRequired":true,"valueName":"search_term_string"}}],"inLanguage":"en-GB"},{"@type":"Organization","@id":"https:\/\/www.geopolitics.fr\/#organization","name":"Geopolitics.fr","url":"https:\/\/www.geopolitics.fr\/","logo":{"@type":"ImageObject","inLanguage":"en-GB","@id":"https:\/\/www.geopolitics.fr\/#\/schema\/logo\/image\/","url":"https:\/\/www.geopolitics.fr\/wp-content\/uploads\/2024\/01\/logo.jpg","contentUrl":"https:\/\/www.geopolitics.fr\/wp-content\/uploads\/2024\/01\/logo.jpg","width":500,"height":500,"caption":"Geopolitics.fr"},"image":{"@id":"https:\/\/www.geopolitics.fr\/#\/schema\/logo\/image\/"},"sameAs":["https:\/\/www.facebook.com\/people\/Erwan-Davoux\/61557098968092\/","https:\/\/x.com\/Geopolitics_Fr"]},{"@type":"Person","@id":"https:\/\/www.geopolitics.fr\/#\/schema\/person\/69dde260ad11805e2aa68f0d9e9128da","name":"contact@geopolitics.fr","image":{"@type":"ImageObject","inLanguage":"en-GB","@id":"https:\/\/www.geopolitics.fr\/wp-content\/uploads\/2024\/01\/edito-bonne-banniere-96x96.jpg","url":"https:\/\/www.geopolitics.fr\/wp-content\/uploads\/2024\/01\/edito-bonne-banniere-96x96.jpg","contentUrl":"https:\/\/www.geopolitics.fr\/wp-content\/uploads\/2024\/01\/edito-bonne-banniere-96x96.jpg","caption":"contact@geopolitics.fr"},"url":"https:\/\/www.geopolitics.fr\/en\/author\/contactgeopolitics-fr\/"}]}},"_links":{"self":[{"href":"https:\/\/www.geopolitics.fr\/en\/wp-json\/wp\/v2\/posts\/1994","targetHints":{"allow":["GET"]}}],"collection":[{"href":"https:\/\/www.geopolitics.fr\/en\/wp-json\/wp\/v2\/posts"}],"about":[{"href":"https:\/\/www.geopolitics.fr\/en\/wp-json\/wp\/v2\/types\/post"}],"author":[{"embeddable":true,"href":"https:\/\/www.geopolitics.fr\/en\/wp-json\/wp\/v2\/users\/9"}],"replies":[{"embeddable":true,"href":"https:\/\/www.geopolitics.fr\/en\/wp-json\/wp\/v2\/comments?post=1994"}],"version-history":[{"count":0,"href":"https:\/\/www.geopolitics.fr\/en\/wp-json\/wp\/v2\/posts\/1994\/revisions"}],"wp:featuredmedia":[{"embeddable":true,"href":"https:\/\/www.geopolitics.fr\/en\/wp-json\/wp\/v2\/media\/2176"}],"wp:attachment":[{"href":"https:\/\/www.geopolitics.fr\/en\/wp-json\/wp\/v2\/media?parent=1994"}],"wp:term":[{"taxonomy":"category","embeddable":true,"href":"https:\/\/www.geopolitics.fr\/en\/wp-json\/wp\/v2\/categories?post=1994"},{"taxonomy":"post_tag","embeddable":true,"href":"https:\/\/www.geopolitics.fr\/en\/wp-json\/wp\/v2\/tags?post=1994"}],"curies":[{"name":"wp","href":"https:\/\/api.w.org\/{rel}","templated":true}]}}