{"id":1984,"date":"2024-01-10T21:00:00","date_gmt":"2024-01-10T20:00:00","guid":{"rendered":"https:\/\/www.geopolitics.fr\/?p=1984"},"modified":"2024-03-26T23:22:59","modified_gmt":"2024-03-26T22:22:59","slug":"israel-palestine-le-defaite-de-la-pensee-1","status":"publish","type":"post","link":"https:\/\/www.geopolitics.fr\/en\/2024\/01\/10\/israel-palestine-le-defaite-de-la-pensee-1\/","title":{"rendered":"Isra\u00ebl &#8211; Palestine :  \u00ab\u00a0La d\u00e9faite de la pens\u00e9e\u00a0\u00bb"},"content":{"rendered":"\n<p class=\"has-medium-font-size wp-block-paragraph\"><strong>Ou la chape de plomb qui s\u2019est abattue sur les milieux universitaires fran\u00e7ais concernant le conflit isra\u00e9lo-palestinien.<\/strong><\/p>\n\n\n\n<p class=\"has-medium-font-size wp-block-paragraph\"><strong>Article 11 de la D\u00e9claration des Droits de l\u2019homme et du citoyen&nbsp;: <\/strong> \u00ab\u00a0La libre communication des pens\u00e9es et des opinions est un des droits les plus pr\u00e9cieux de l&rsquo;homme : tout citoyen peut donc parler, \u00e9crire, imprimer librement, sauf \u00e0 r\u00e9pondre de l&rsquo;abus de cette libert\u00e9 dans les cas d\u00e9termin\u00e9s par la loi\u00a0\u00bb.<\/p>\n\n\n\n<figure class=\"wp-block-image size-large\"><img fetchpriority=\"high\" decoding=\"async\" width=\"799\" height=\"1024\" src=\"https:\/\/www.geopolitics.fr\/wp-content\/uploads\/2024\/01\/ddhc-799x1024.jpeg\" alt=\"\" class=\"wp-image-1985\" srcset=\"https:\/\/www.geopolitics.fr\/wp-content\/uploads\/2024\/01\/ddhc-799x1024.jpeg 799w, https:\/\/www.geopolitics.fr\/wp-content\/uploads\/2024\/01\/ddhc-600x769.jpeg 600w, https:\/\/www.geopolitics.fr\/wp-content\/uploads\/2024\/01\/ddhc-234x300.jpeg 234w, https:\/\/www.geopolitics.fr\/wp-content\/uploads\/2024\/01\/ddhc-768x984.jpeg 768w, https:\/\/www.geopolitics.fr\/wp-content\/uploads\/2024\/01\/ddhc-1199x1536.jpeg 1199w, https:\/\/www.geopolitics.fr\/wp-content\/uploads\/2024\/01\/ddhc-1170x1499.jpeg 1170w, https:\/\/www.geopolitics.fr\/wp-content\/uploads\/2024\/01\/ddhc-585x750.jpeg 585w, https:\/\/www.geopolitics.fr\/wp-content\/uploads\/2024\/01\/ddhc.jpeg 1498w\" sizes=\"(max-width: 799px) 100vw, 799px\" \/><\/figure>\n\n\n\n<p class=\"has-text-align-right wp-block-paragraph\"><em><strong>Par \u00ab&nbsp;Nicom\u00e8de&nbsp;\u00bb, Universitaire<\/strong><\/em><\/p>\n\n\n\n<p class=\"has-medium-font-size wp-block-paragraph\">Le silence-radio en France, du moins au d\u00e9but de l&rsquo;intervention a\u00e9rienne et terrestre isra\u00e9lienne (Op\u00e9ration \u00ab\u00a0Sabre de fer\u00a0\u00bb), d&rsquo;une grande partie de la classe m\u00e9diatico-politique (\u00e0 quelques exceptions notables), sur les massacres et un possible \u00ab&nbsp;g\u00e9nocide&nbsp;\u00bb commis \u00e0 Gaza (il appartiendra \u00e0 la Cour Internationale de Justice de qualifier comme tel ou pas), sur la violence des colons en Cisjordanie s&rsquo;est accompagn\u00e9 de celle, impos\u00e9e cette fois, au monde de l&rsquo;enseignement et de la recherche. En effet, par courrier, la ministre de l&rsquo;Enseignement sup\u00e9rieur, <strong>Sylvie Retailleau, a enjoint, d\u00e8s le 9 octobre 2023, aux pr\u00e9sidents d&rsquo;\u00e9tablissements d&rsquo;enseignement sup\u00e9rieur de \u00ab\u00a0signaler et sanctionner\u00a0\u00bb toute prise de position \u00ab\u00a0ind\u00e9cente\u00a0\u00bb, entendez dans le contexte<\/strong>, \u00ab\u00a0tout soutien \u00e0 la cause palestinienne\u00a0\u00bb<a href=\"#_ftn2\" id=\"_ftnref2\">[2]<\/a>. Dans le m\u00eame temps, l\u2019interdiction g\u00e9n\u00e9rale de toute manifestation pro-palestinienne \u00e9tait d\u00e9cr\u00e9t\u00e9e par le Ministre de l&rsquo;Int\u00e9rieur, G\u00e9rald Darmanin, au motif qu\u2019elles constitueraient n\u00e9cessairement un soutien au mouvement terroriste Hamas (signalons que de telles manifestations ont eu lieu un peu partout dans le monde, y compris aux Etats-Unis et au Royaume-Uni).<\/p>\n\n\n\n<p class=\"has-medium-font-size wp-block-paragraph\">Si, depuis, le tr\u00e8s lourd bilan humain \u00e0 Gaza et la persistance de la colonisation organis\u00e9e en Cisjordanie ont pouss\u00e9 le gouvernement fran\u00e7ais et certains m\u00e9dias \u00e0 r\u00e9\u00e9quilibrer leurs positions et \u00e0 d\u00e9noncer les actions du gouvernement Netanyahou, <strong>les chercheurs et enseignants, eux, sont toujours astreints \u00e0 un \u00ab\u00a0devoir de r\u00e9serve\u00a0\u00bb, alors m\u00eame que leur parole est plus que jamais n\u00e9cessaire pour \u00e9clairer les d\u00e9bats<\/strong>. Car, dans la r\u00e9alit\u00e9, l&rsquo;argument de \u00ab\u00a0la s\u00e9curit\u00e9 d&rsquo;Isra\u00ebl et son droit \u00e0 la d\u00e9fense\u00a0\u00bb a \u00e9t\u00e9 d\u00e9voy\u00e9 pour permettre \u00e0 l\u2019une des parties \u00e0 ce conflit de s\u2019exprimer davantage que l\u2019autre. Si les d\u00e9rapages verbaux pro-Hamas ont \u00e9t\u00e9 logiquement sanctionn\u00e9s, il est peu de dire que des propos virulents niant les droits des Palestiniens et leur dignit\u00e9 humaine, ne l\u2019ont pas \u00e9t\u00e9, eux.<\/p>\n\n\n\n<p class=\"has-medium-font-size wp-block-paragraph\">C&rsquo;est ce cadre peu impartial qui semble donc avoir, au d\u00e9part, r\u00e9gi la prise de parole et\/ou de position au sein des chercheurs, ceux connus pour leurs sympathies pro-isra\u00e9lienne ayant moins de scrupules \u00e0 exprimer leur position. La retenue est de mise pour le reste de la communaut\u00e9 scientifique, la pression gouvernementale exerc\u00e9e sur les chefs d&rsquo;\u00e9tablissements et les tutelles scientifiques, les cas de d\u00e9lation de coll\u00e8gues (2 au moins recens\u00e9s) ayant instaur\u00e9 un climat de prudence, voir de peur. Le risque d&rsquo;\u00eatre point\u00e9 du doigt, voir d&rsquo;\u00eatre confront\u00e9 \u00e0 l&rsquo;accusation d&rsquo;antis\u00e9mitisme, v\u00e9ritables pistolet paralysant, a anesth\u00e9si\u00e9 toute forme de d\u00e9bat et r\u00e9duit la libert\u00e9 des travaux scientifiques, dans les cas des sp\u00e9cialit\u00e9s ayant un rapport avec la question palestinienne, au moins. Un chercheur \u00e0 Paris, qui a pr\u00e9f\u00e9r\u00e9 garder l&rsquo;anonymat, t\u00e9moigne d&rsquo;une lourde atmosph\u00e8re au sein de son institution dont t\u00e9moignent la forme et le fond des discussions au sujet des atteintes au Droit international et aux Droits de l&rsquo;Homme dans les territoires occup\u00e9s palestiniens : le cadre estim\u00e9 coercitif dessin\u00e9 par le courrier de Sylvie Retailleau mais \u00e9galement les postures m\u00e9diatico-politiques d\u00e9clin\u00e9es \u00e0 longueur de journ\u00e9e depuis le d\u00e9but de l&rsquo;Op\u00e9ration \u00ab\u00a0Sabre de fer\u00a0\u00bb ont fini, poursuit-il, par rendre tr\u00e8s sensible tout avis pouvant \u00eatre consid\u00e9r\u00e9 comme allant dans le sens de la d\u00e9nonciation des crimes isra\u00e9liens. Cette autre universitaire \u00e9voquait m\u00eame <strong>une atmosph\u00e8re de \u00ab\u00a0maccarthisme \u00e0 la fran\u00e7aise qui ne dit pas son nom\u00a0\u00bb, relevant au passage que la parole universitaire est bien plus libre aux Etats-Unis, finalement<\/strong>.<\/p>\n\n\n\n<figure class=\"wp-block-image size-large\"><img decoding=\"async\" width=\"1024\" height=\"640\" src=\"https:\/\/www.geopolitics.fr\/wp-content\/uploads\/2024\/01\/UNIVERSITAIRE-3-1024x640.webp\" alt=\"\" class=\"wp-image-1986\" srcset=\"https:\/\/www.geopolitics.fr\/wp-content\/uploads\/2024\/01\/UNIVERSITAIRE-3-1024x640.webp 1024w, https:\/\/www.geopolitics.fr\/wp-content\/uploads\/2024\/01\/UNIVERSITAIRE-3-600x375.webp 600w, https:\/\/www.geopolitics.fr\/wp-content\/uploads\/2024\/01\/UNIVERSITAIRE-3-300x187.webp 300w, https:\/\/www.geopolitics.fr\/wp-content\/uploads\/2024\/01\/UNIVERSITAIRE-3-768x480.webp 768w, https:\/\/www.geopolitics.fr\/wp-content\/uploads\/2024\/01\/UNIVERSITAIRE-3-1536x960.webp 1536w, https:\/\/www.geopolitics.fr\/wp-content\/uploads\/2024\/01\/UNIVERSITAIRE-3-1170x731.webp 1170w, https:\/\/www.geopolitics.fr\/wp-content\/uploads\/2024\/01\/UNIVERSITAIRE-3-585x366.webp 585w, https:\/\/www.geopolitics.fr\/wp-content\/uploads\/2024\/01\/UNIVERSITAIRE-3.webp 1858w\" sizes=\"(max-width: 1024px) 100vw, 1024px\" \/><\/figure>\n\n\n\n<p class=\"has-medium-font-size wp-block-paragraph\">Les \u00e9coles employant l&rsquo;intersectionnalit\u00e9 comme m\u00e9thode de recherche sont stigmatis\u00e9es et pr\u00e9sent\u00e9es comme oppos\u00e9es, par principe, \u00e0 la politique isra\u00e9lienne. Dans les faits, on peut constater <em>in fine<\/em> que seuls les universitaires et chercheurs de nationalit\u00e9 isra\u00e9lienne ou de confession juive s&rsquo;autorisent \u00e0 donner franchement et librement leurs avis pr\u00e9cieux sur la question, leur nationalit\u00e9 ou leur religion leur offrant la protection n\u00e9cessaire face \u00e0 d&rsquo;\u00e9ventuelles accusations d&rsquo;antis\u00e9mitisme. Certains, le font sans aucune concession pour le gouvernement Netanyahou, d\u2019autres soutiennent son action. <strong>Peu importe <em>in fine<\/em>. La sph\u00e8re universitaire est actuellement musel\u00e9e en France alors que dans ces circonstances tragiques, la parole des chercheurs aurait bien plus d\u2019importance que celle de beaucoup de politiques qui prennent des positions tranch\u00e9es en toute m\u00e9connaissance de cause<\/strong>&nbsp;! &nbsp;&nbsp;<\/p>\n\n\n\n<hr class=\"wp-block-separator has-alpha-channel-opacity\"\/>\n\n\n\n<p class=\"wp-block-paragraph\"><a href=\"#_ftnref1\" id=\"_ftn1\">[1]<\/a> Titre d\u2019un ouvrage d\u2019Alain Finkielkraut.<\/p>\n\n\n\n<p class=\"wp-block-paragraph\"><a id=\"_ftn2\" href=\"#_ftnref2\">[2]<\/a> Chacun sait qu\u2019il existe d\u00e9j\u00e0 un arsenal l\u00e9gislatif ad\u00e9quat permettant de condamner l\u2019apologie du terrorisme, le racisme, l\u2019antis\u00e9mitisme, ou les pratiques discriminatoires.<\/p>\n","protected":false},"excerpt":{"rendered":"<p>Ou la chape de plomb qui s\u2019est abattue sur les milieux universitaires fran\u00e7ais concernant le conflit isra\u00e9lo-palestinien. Article 11 de la D\u00e9claration&hellip;<\/p>","protected":false},"author":9,"featured_media":1985,"comment_status":"open","ping_status":"open","sticky":false,"template":"","format":"standard","meta":{"_lmt_disableupdate":"","_lmt_disable":"","footnotes":""},"categories":[41,3],"tags":[],"class_list":["post-1984","post","type-post","status-publish","format-standard","has-post-thumbnail","hentry","category-actualite","category-politique"],"yoast_head":"<!-- This site is optimized with the Yoast SEO Premium plugin v28.1 (Yoast SEO v28.1) - https:\/\/yoast.com\/product\/yoast-seo-premium-wordpress\/ -->\n<title>Isra\u00ebl - Palestine : \u00ab\u00a0La d\u00e9faite de la pens\u00e9e&quot; | Geopolitics.fr<\/title>\n<meta name=\"robots\" content=\"index, follow, max-snippet:-1, max-image-preview:large, max-video-preview:-1\" \/>\n<link rel=\"canonical\" href=\"https:\/\/www.geopolitics.fr\/en\/2024\/01\/10\/israel-palestine-le-defaite-de-la-pensee-1\/\" \/>\n<meta property=\"og:locale\" content=\"en_GB\" \/>\n<meta property=\"og:type\" content=\"article\" \/>\n<meta property=\"og:title\" content=\"Isra\u00ebl - Palestine : \u00ab\u00a0La d\u00e9faite de la pens\u00e9e&quot;\" \/>\n<meta property=\"og:description\" content=\"Ou la chape de plomb qui s\u2019est abattue sur les milieux universitaires fran\u00e7ais concernant le conflit isra\u00e9lo-palestinien. Article 11 de la D\u00e9claration&hellip;\" \/>\n<meta property=\"og:url\" content=\"https:\/\/www.geopolitics.fr\/en\/2024\/01\/10\/israel-palestine-le-defaite-de-la-pensee-1\/\" \/>\n<meta property=\"og:site_name\" content=\"Geopolitics.fr\" \/>\n<meta property=\"article:publisher\" content=\"https:\/\/www.facebook.com\/people\/Erwan-Davoux\/61557098968092\/\" \/>\n<meta property=\"article:published_time\" content=\"2024-01-10T20:00:00+00:00\" \/>\n<meta property=\"article:modified_time\" content=\"2024-03-26T22:22:59+00:00\" \/>\n<meta property=\"og:image\" content=\"https:\/\/www.geopolitics.fr\/wp-content\/uploads\/2024\/01\/ddhc.jpeg\" \/>\n\t<meta property=\"og:image:width\" content=\"1498\" \/>\n\t<meta property=\"og:image:height\" content=\"1920\" \/>\n\t<meta property=\"og:image:type\" content=\"image\/jpeg\" \/>\n<meta name=\"author\" content=\"contact@geopolitics.fr\" \/>\n<meta name=\"twitter:card\" content=\"summary_large_image\" \/>\n<meta name=\"twitter:creator\" content=\"@Geopolitics_Fr\" \/>\n<meta name=\"twitter:site\" content=\"@Geopolitics_Fr\" \/>\n<meta name=\"twitter:label1\" content=\"Written by\" \/>\n\t<meta name=\"twitter:data1\" content=\"contact@geopolitics.fr\" \/>\n\t<meta name=\"twitter:label2\" content=\"Estimated reading time\" \/>\n\t<meta name=\"twitter:data2\" content=\"5 minutes\" \/>\n<script type=\"application\/ld+json\" class=\"yoast-schema-graph\">{\"@context\":\"https:\\\/\\\/schema.org\",\"@graph\":[{\"@type\":\"Article\",\"@id\":\"https:\\\/\\\/www.geopolitics.fr\\\/2024\\\/01\\\/10\\\/israel-palestine-le-defaite-de-la-pensee-1\\\/#article\",\"isPartOf\":{\"@id\":\"https:\\\/\\\/www.geopolitics.fr\\\/2024\\\/01\\\/10\\\/israel-palestine-le-defaite-de-la-pensee-1\\\/\"},\"author\":{\"name\":\"contact@geopolitics.fr\",\"@id\":\"https:\\\/\\\/www.geopolitics.fr\\\/#\\\/schema\\\/person\\\/69dde260ad11805e2aa68f0d9e9128da\"},\"headline\":\"Isra\u00ebl &#8211; Palestine : \u00ab\u00a0La d\u00e9faite de la pens\u00e9e\u00a0\u00bb\",\"datePublished\":\"2024-01-10T20:00:00+00:00\",\"dateModified\":\"2024-03-26T22:22:59+00:00\",\"mainEntityOfPage\":{\"@id\":\"https:\\\/\\\/www.geopolitics.fr\\\/2024\\\/01\\\/10\\\/israel-palestine-le-defaite-de-la-pensee-1\\\/\"},\"wordCount\":905,\"commentCount\":0,\"publisher\":{\"@id\":\"https:\\\/\\\/www.geopolitics.fr\\\/#organization\"},\"image\":{\"@id\":\"https:\\\/\\\/www.geopolitics.fr\\\/2024\\\/01\\\/10\\\/israel-palestine-le-defaite-de-la-pensee-1\\\/#primaryimage\"},\"thumbnailUrl\":\"https:\\\/\\\/www.geopolitics.fr\\\/wp-content\\\/uploads\\\/2024\\\/01\\\/ddhc.jpeg\",\"articleSection\":[\"Actualit\u00e9\",\"Politique\"],\"inLanguage\":\"en-GB\"},{\"@type\":\"WebPage\",\"@id\":\"https:\\\/\\\/www.geopolitics.fr\\\/2024\\\/01\\\/10\\\/israel-palestine-le-defaite-de-la-pensee-1\\\/\",\"url\":\"https:\\\/\\\/www.geopolitics.fr\\\/2024\\\/01\\\/10\\\/israel-palestine-le-defaite-de-la-pensee-1\\\/\",\"name\":\"Isra\u00ebl - Palestine : \u00ab\u00a0La d\u00e9faite de la pens\u00e9e\\\" | Geopolitics.fr\",\"isPartOf\":{\"@id\":\"https:\\\/\\\/www.geopolitics.fr\\\/#website\"},\"primaryImageOfPage\":{\"@id\":\"https:\\\/\\\/www.geopolitics.fr\\\/2024\\\/01\\\/10\\\/israel-palestine-le-defaite-de-la-pensee-1\\\/#primaryimage\"},\"image\":{\"@id\":\"https:\\\/\\\/www.geopolitics.fr\\\/2024\\\/01\\\/10\\\/israel-palestine-le-defaite-de-la-pensee-1\\\/#primaryimage\"},\"thumbnailUrl\":\"https:\\\/\\\/www.geopolitics.fr\\\/wp-content\\\/uploads\\\/2024\\\/01\\\/ddhc.jpeg\",\"datePublished\":\"2024-01-10T20:00:00+00:00\",\"dateModified\":\"2024-03-26T22:22:59+00:00\",\"breadcrumb\":{\"@id\":\"https:\\\/\\\/www.geopolitics.fr\\\/2024\\\/01\\\/10\\\/israel-palestine-le-defaite-de-la-pensee-1\\\/#breadcrumb\"},\"inLanguage\":\"en-GB\",\"potentialAction\":[{\"@type\":\"ReadAction\",\"target\":[\"https:\\\/\\\/www.geopolitics.fr\\\/2024\\\/01\\\/10\\\/israel-palestine-le-defaite-de-la-pensee-1\\\/\"]}]},{\"@type\":\"ImageObject\",\"inLanguage\":\"en-GB\",\"@id\":\"https:\\\/\\\/www.geopolitics.fr\\\/2024\\\/01\\\/10\\\/israel-palestine-le-defaite-de-la-pensee-1\\\/#primaryimage\",\"url\":\"https:\\\/\\\/www.geopolitics.fr\\\/wp-content\\\/uploads\\\/2024\\\/01\\\/ddhc.jpeg\",\"contentUrl\":\"https:\\\/\\\/www.geopolitics.fr\\\/wp-content\\\/uploads\\\/2024\\\/01\\\/ddhc.jpeg\",\"width\":1498,\"height\":1920},{\"@type\":\"BreadcrumbList\",\"@id\":\"https:\\\/\\\/www.geopolitics.fr\\\/2024\\\/01\\\/10\\\/israel-palestine-le-defaite-de-la-pensee-1\\\/#breadcrumb\",\"itemListElement\":[{\"@type\":\"ListItem\",\"position\":1,\"name\":\"Accueil\",\"item\":\"https:\\\/\\\/www.geopolitics.fr\\\/\"},{\"@type\":\"ListItem\",\"position\":2,\"name\":\"Isra\u00ebl &#8211; Palestine : \u00ab\u00a0La d\u00e9faite de la pens\u00e9e&#8221;\"}]},{\"@type\":\"WebSite\",\"@id\":\"https:\\\/\\\/www.geopolitics.fr\\\/#website\",\"url\":\"https:\\\/\\\/www.geopolitics.fr\\\/\",\"name\":\"Geopolitics.fr\",\"description\":\"Geopolitics.fr Analyse politique, relations internationales, d\u00e9fense - ligne \u00e9ditoriale gaullo-chiraquienne\",\"publisher\":{\"@id\":\"https:\\\/\\\/www.geopolitics.fr\\\/#organization\"},\"potentialAction\":[{\"@type\":\"SearchAction\",\"target\":{\"@type\":\"EntryPoint\",\"urlTemplate\":\"https:\\\/\\\/www.geopolitics.fr\\\/?s={search_term_string}\"},\"query-input\":{\"@type\":\"PropertyValueSpecification\",\"valueRequired\":true,\"valueName\":\"search_term_string\"}}],\"inLanguage\":\"en-GB\"},{\"@type\":\"Organization\",\"@id\":\"https:\\\/\\\/www.geopolitics.fr\\\/#organization\",\"name\":\"Geopolitics.fr\",\"url\":\"https:\\\/\\\/www.geopolitics.fr\\\/\",\"logo\":{\"@type\":\"ImageObject\",\"inLanguage\":\"en-GB\",\"@id\":\"https:\\\/\\\/www.geopolitics.fr\\\/#\\\/schema\\\/logo\\\/image\\\/\",\"url\":\"https:\\\/\\\/www.geopolitics.fr\\\/wp-content\\\/uploads\\\/2024\\\/01\\\/logo.jpg\",\"contentUrl\":\"https:\\\/\\\/www.geopolitics.fr\\\/wp-content\\\/uploads\\\/2024\\\/01\\\/logo.jpg\",\"width\":500,\"height\":500,\"caption\":\"Geopolitics.fr\"},\"image\":{\"@id\":\"https:\\\/\\\/www.geopolitics.fr\\\/#\\\/schema\\\/logo\\\/image\\\/\"},\"sameAs\":[\"https:\\\/\\\/www.facebook.com\\\/people\\\/Erwan-Davoux\\\/61557098968092\\\/\",\"https:\\\/\\\/x.com\\\/Geopolitics_Fr\"]},{\"@type\":\"Person\",\"@id\":\"https:\\\/\\\/www.geopolitics.fr\\\/#\\\/schema\\\/person\\\/69dde260ad11805e2aa68f0d9e9128da\",\"name\":\"contact@geopolitics.fr\",\"image\":{\"@type\":\"ImageObject\",\"inLanguage\":\"en-GB\",\"@id\":\"https:\\\/\\\/www.geopolitics.fr\\\/wp-content\\\/uploads\\\/2024\\\/01\\\/edito-bonne-banniere-96x96.jpg\",\"url\":\"https:\\\/\\\/www.geopolitics.fr\\\/wp-content\\\/uploads\\\/2024\\\/01\\\/edito-bonne-banniere-96x96.jpg\",\"contentUrl\":\"https:\\\/\\\/www.geopolitics.fr\\\/wp-content\\\/uploads\\\/2024\\\/01\\\/edito-bonne-banniere-96x96.jpg\",\"caption\":\"contact@geopolitics.fr\"},\"url\":\"https:\\\/\\\/www.geopolitics.fr\\\/en\\\/author\\\/contactgeopolitics-fr\\\/\"}]}<\/script>\n<!-- \/ Yoast SEO Premium plugin. -->","yoast_head_json":{"title":"Isra\u00ebl - Palestine : \u00ab\u00a0La d\u00e9faite de la pens\u00e9e\" | Geopolitics.fr","robots":{"index":"index","follow":"follow","max-snippet":"max-snippet:-1","max-image-preview":"max-image-preview:large","max-video-preview":"max-video-preview:-1"},"canonical":"https:\/\/www.geopolitics.fr\/en\/2024\/01\/10\/israel-palestine-le-defaite-de-la-pensee-1\/","og_locale":"en_GB","og_type":"article","og_title":"Isra\u00ebl - Palestine : \u00ab\u00a0La d\u00e9faite de la pens\u00e9e\"","og_description":"Ou la chape de plomb qui s\u2019est abattue sur les milieux universitaires fran\u00e7ais concernant le conflit isra\u00e9lo-palestinien. Article 11 de la D\u00e9claration&hellip;","og_url":"https:\/\/www.geopolitics.fr\/en\/2024\/01\/10\/israel-palestine-le-defaite-de-la-pensee-1\/","og_site_name":"Geopolitics.fr","article_publisher":"https:\/\/www.facebook.com\/people\/Erwan-Davoux\/61557098968092\/","article_published_time":"2024-01-10T20:00:00+00:00","article_modified_time":"2024-03-26T22:22:59+00:00","og_image":[{"width":1498,"height":1920,"url":"https:\/\/www.geopolitics.fr\/wp-content\/uploads\/2024\/01\/ddhc.jpeg","type":"image\/jpeg"}],"author":"contact@geopolitics.fr","twitter_card":"summary_large_image","twitter_creator":"@Geopolitics_Fr","twitter_site":"@Geopolitics_Fr","twitter_misc":{"Written by":"contact@geopolitics.fr","Estimated reading time":"5 minutes"},"schema":{"@context":"https:\/\/schema.org","@graph":[{"@type":"Article","@id":"https:\/\/www.geopolitics.fr\/2024\/01\/10\/israel-palestine-le-defaite-de-la-pensee-1\/#article","isPartOf":{"@id":"https:\/\/www.geopolitics.fr\/2024\/01\/10\/israel-palestine-le-defaite-de-la-pensee-1\/"},"author":{"name":"contact@geopolitics.fr","@id":"https:\/\/www.geopolitics.fr\/#\/schema\/person\/69dde260ad11805e2aa68f0d9e9128da"},"headline":"Isra\u00ebl &#8211; Palestine : \u00ab\u00a0La d\u00e9faite de la pens\u00e9e\u00a0\u00bb","datePublished":"2024-01-10T20:00:00+00:00","dateModified":"2024-03-26T22:22:59+00:00","mainEntityOfPage":{"@id":"https:\/\/www.geopolitics.fr\/2024\/01\/10\/israel-palestine-le-defaite-de-la-pensee-1\/"},"wordCount":905,"commentCount":0,"publisher":{"@id":"https:\/\/www.geopolitics.fr\/#organization"},"image":{"@id":"https:\/\/www.geopolitics.fr\/2024\/01\/10\/israel-palestine-le-defaite-de-la-pensee-1\/#primaryimage"},"thumbnailUrl":"https:\/\/www.geopolitics.fr\/wp-content\/uploads\/2024\/01\/ddhc.jpeg","articleSection":["Actualit\u00e9","Politique"],"inLanguage":"en-GB"},{"@type":"WebPage","@id":"https:\/\/www.geopolitics.fr\/2024\/01\/10\/israel-palestine-le-defaite-de-la-pensee-1\/","url":"https:\/\/www.geopolitics.fr\/2024\/01\/10\/israel-palestine-le-defaite-de-la-pensee-1\/","name":"Isra\u00ebl - Palestine : \u00ab\u00a0La d\u00e9faite de la pens\u00e9e\" | Geopolitics.fr","isPartOf":{"@id":"https:\/\/www.geopolitics.fr\/#website"},"primaryImageOfPage":{"@id":"https:\/\/www.geopolitics.fr\/2024\/01\/10\/israel-palestine-le-defaite-de-la-pensee-1\/#primaryimage"},"image":{"@id":"https:\/\/www.geopolitics.fr\/2024\/01\/10\/israel-palestine-le-defaite-de-la-pensee-1\/#primaryimage"},"thumbnailUrl":"https:\/\/www.geopolitics.fr\/wp-content\/uploads\/2024\/01\/ddhc.jpeg","datePublished":"2024-01-10T20:00:00+00:00","dateModified":"2024-03-26T22:22:59+00:00","breadcrumb":{"@id":"https:\/\/www.geopolitics.fr\/2024\/01\/10\/israel-palestine-le-defaite-de-la-pensee-1\/#breadcrumb"},"inLanguage":"en-GB","potentialAction":[{"@type":"ReadAction","target":["https:\/\/www.geopolitics.fr\/2024\/01\/10\/israel-palestine-le-defaite-de-la-pensee-1\/"]}]},{"@type":"ImageObject","inLanguage":"en-GB","@id":"https:\/\/www.geopolitics.fr\/2024\/01\/10\/israel-palestine-le-defaite-de-la-pensee-1\/#primaryimage","url":"https:\/\/www.geopolitics.fr\/wp-content\/uploads\/2024\/01\/ddhc.jpeg","contentUrl":"https:\/\/www.geopolitics.fr\/wp-content\/uploads\/2024\/01\/ddhc.jpeg","width":1498,"height":1920},{"@type":"BreadcrumbList","@id":"https:\/\/www.geopolitics.fr\/2024\/01\/10\/israel-palestine-le-defaite-de-la-pensee-1\/#breadcrumb","itemListElement":[{"@type":"ListItem","position":1,"name":"Accueil","item":"https:\/\/www.geopolitics.fr\/"},{"@type":"ListItem","position":2,"name":"Isra\u00ebl &#8211; Palestine : \u00ab\u00a0La d\u00e9faite de la pens\u00e9e&#8221;"}]},{"@type":"WebSite","@id":"https:\/\/www.geopolitics.fr\/#website","url":"https:\/\/www.geopolitics.fr\/","name":"Geopolitics.fr","description":"Geopolitics.fr Analyse politique, relations internationales, d\u00e9fense - ligne \u00e9ditoriale gaullo-chiraquienne","publisher":{"@id":"https:\/\/www.geopolitics.fr\/#organization"},"potentialAction":[{"@type":"SearchAction","target":{"@type":"EntryPoint","urlTemplate":"https:\/\/www.geopolitics.fr\/?s={search_term_string}"},"query-input":{"@type":"PropertyValueSpecification","valueRequired":true,"valueName":"search_term_string"}}],"inLanguage":"en-GB"},{"@type":"Organization","@id":"https:\/\/www.geopolitics.fr\/#organization","name":"Geopolitics.fr","url":"https:\/\/www.geopolitics.fr\/","logo":{"@type":"ImageObject","inLanguage":"en-GB","@id":"https:\/\/www.geopolitics.fr\/#\/schema\/logo\/image\/","url":"https:\/\/www.geopolitics.fr\/wp-content\/uploads\/2024\/01\/logo.jpg","contentUrl":"https:\/\/www.geopolitics.fr\/wp-content\/uploads\/2024\/01\/logo.jpg","width":500,"height":500,"caption":"Geopolitics.fr"},"image":{"@id":"https:\/\/www.geopolitics.fr\/#\/schema\/logo\/image\/"},"sameAs":["https:\/\/www.facebook.com\/people\/Erwan-Davoux\/61557098968092\/","https:\/\/x.com\/Geopolitics_Fr"]},{"@type":"Person","@id":"https:\/\/www.geopolitics.fr\/#\/schema\/person\/69dde260ad11805e2aa68f0d9e9128da","name":"contact@geopolitics.fr","image":{"@type":"ImageObject","inLanguage":"en-GB","@id":"https:\/\/www.geopolitics.fr\/wp-content\/uploads\/2024\/01\/edito-bonne-banniere-96x96.jpg","url":"https:\/\/www.geopolitics.fr\/wp-content\/uploads\/2024\/01\/edito-bonne-banniere-96x96.jpg","contentUrl":"https:\/\/www.geopolitics.fr\/wp-content\/uploads\/2024\/01\/edito-bonne-banniere-96x96.jpg","caption":"contact@geopolitics.fr"},"url":"https:\/\/www.geopolitics.fr\/en\/author\/contactgeopolitics-fr\/"}]}},"_links":{"self":[{"href":"https:\/\/www.geopolitics.fr\/en\/wp-json\/wp\/v2\/posts\/1984","targetHints":{"allow":["GET"]}}],"collection":[{"href":"https:\/\/www.geopolitics.fr\/en\/wp-json\/wp\/v2\/posts"}],"about":[{"href":"https:\/\/www.geopolitics.fr\/en\/wp-json\/wp\/v2\/types\/post"}],"author":[{"embeddable":true,"href":"https:\/\/www.geopolitics.fr\/en\/wp-json\/wp\/v2\/users\/9"}],"replies":[{"embeddable":true,"href":"https:\/\/www.geopolitics.fr\/en\/wp-json\/wp\/v2\/comments?post=1984"}],"version-history":[{"count":0,"href":"https:\/\/www.geopolitics.fr\/en\/wp-json\/wp\/v2\/posts\/1984\/revisions"}],"wp:featuredmedia":[{"embeddable":true,"href":"https:\/\/www.geopolitics.fr\/en\/wp-json\/wp\/v2\/media\/1985"}],"wp:attachment":[{"href":"https:\/\/www.geopolitics.fr\/en\/wp-json\/wp\/v2\/media?parent=1984"}],"wp:term":[{"taxonomy":"category","embeddable":true,"href":"https:\/\/www.geopolitics.fr\/en\/wp-json\/wp\/v2\/categories?post=1984"},{"taxonomy":"post_tag","embeddable":true,"href":"https:\/\/www.geopolitics.fr\/en\/wp-json\/wp\/v2\/tags?post=1984"}],"curies":[{"name":"wp","href":"https:\/\/api.w.org\/{rel}","templated":true}]}}