{"id":1875,"date":"2024-01-08T09:43:09","date_gmt":"2024-01-08T08:43:09","guid":{"rendered":"https:\/\/www.geopolitics.fr\/?p=1875"},"modified":"2024-03-26T23:39:10","modified_gmt":"2024-03-26T22:39:10","slug":"comment-francois-hollande-et-emmanuel-macron-ont-tue-la-politique-arabe-de-la-franceet-ruine-notre-influence-dans-la-region","status":"publish","type":"post","link":"https:\/\/www.geopolitics.fr\/en\/2024\/01\/08\/comment-francois-hollande-et-emmanuel-macron-ont-tue-la-politique-arabe-de-la-franceet-ruine-notre-influence-dans-la-region\/","title":{"rendered":"Comment Fran\u00e7ois Hollande et Emmanuel Macron ont tu\u00e9 la politique arabe de la France\u2026"},"content":{"rendered":"\n<figure class=\"wp-block-image size-large is-resized\"><img fetchpriority=\"high\" decoding=\"async\" width=\"1024\" height=\"618\" src=\"https:\/\/www.geopolitics.fr\/wp-content\/uploads\/2024\/01\/thumbnail_politique-arabe-1024x618.jpg\" alt=\"\" class=\"wp-image-1934\" style=\"width:780px;height:auto\" srcset=\"https:\/\/www.geopolitics.fr\/wp-content\/uploads\/2024\/01\/thumbnail_politique-arabe-1024x618.jpg 1024w, https:\/\/www.geopolitics.fr\/wp-content\/uploads\/2024\/01\/thumbnail_politique-arabe-600x362.jpg 600w, https:\/\/www.geopolitics.fr\/wp-content\/uploads\/2024\/01\/thumbnail_politique-arabe-300x181.jpg 300w, https:\/\/www.geopolitics.fr\/wp-content\/uploads\/2024\/01\/thumbnail_politique-arabe-768x463.jpg 768w, https:\/\/www.geopolitics.fr\/wp-content\/uploads\/2024\/01\/thumbnail_politique-arabe-1170x706.jpg 1170w, https:\/\/www.geopolitics.fr\/wp-content\/uploads\/2024\/01\/thumbnail_politique-arabe-585x353.jpg 585w, https:\/\/www.geopolitics.fr\/wp-content\/uploads\/2024\/01\/thumbnail_politique-arabe.jpg 1318w\" sizes=\"(max-width: 1024px) 100vw, 1024px\" \/><\/figure>\n\n\n\n<p class=\"wp-block-paragraph\"><em>Erwan Davoux est sp\u00e9cialiste des relations internationales. Dipl\u00f4m\u00e9 de l&rsquo;IEP de Paris et de l&rsquo;INALCO, ancien charg\u00e9 de mission \u00e0 la Pr\u00e9sidence de la R\u00e9publique (Francophonie, Monde arabe), il a conseill\u00e9 plusieurs personnalit\u00e9s politiques de droite \u00e0 l&rsquo;international.<\/em><\/p>\n\n\n\n<figure class=\"wp-block-image size-large\"><img decoding=\"async\" width=\"1024\" height=\"681\" src=\"https:\/\/www.geopolitics.fr\/wp-content\/uploads\/2024\/01\/gaza-1024x681.webp\" alt=\"\" class=\"wp-image-1876\" srcset=\"https:\/\/www.geopolitics.fr\/wp-content\/uploads\/2024\/01\/gaza-1024x681.webp 1024w, https:\/\/www.geopolitics.fr\/wp-content\/uploads\/2024\/01\/gaza-600x399.webp 600w, https:\/\/www.geopolitics.fr\/wp-content\/uploads\/2024\/01\/gaza-300x200.webp 300w, https:\/\/www.geopolitics.fr\/wp-content\/uploads\/2024\/01\/gaza-768x511.webp 768w, https:\/\/www.geopolitics.fr\/wp-content\/uploads\/2024\/01\/gaza-1536x1022.webp 1536w, https:\/\/www.geopolitics.fr\/wp-content\/uploads\/2024\/01\/gaza-1170x778.webp 1170w, https:\/\/www.geopolitics.fr\/wp-content\/uploads\/2024\/01\/gaza-585x389.webp 585w, https:\/\/www.geopolitics.fr\/wp-content\/uploads\/2024\/01\/gaza-263x175.webp 263w, https:\/\/www.geopolitics.fr\/wp-content\/uploads\/2024\/01\/gaza.webp 1772w\" sizes=\"(max-width: 1024px) 100vw, 1024px\" \/><\/figure>\n\n\n\n<p class=\"wp-block-paragraph\">L\u2019heure n\u2019est plus \u00e0 parler du d\u00e9clin mais plut\u00f4t du \u00ab&nbsp;d\u00e9classement&nbsp;\u00bb<a href=\"#_ftn1\" id=\"_ftnref1\">[1]<\/a> voire de disparition de la France dans les grandes affaires du Monde. <strong>L\u2019attaque lanc\u00e9e par le Hamas \u00e0 l\u2019encontre d\u2019Isra\u00ebl a illustr\u00e9, une fois de plus, la rel\u00e9gation de la France au Proche-Orient<\/strong>. Notre pays ne joue aucun r\u00f4le tangible dans la sortie de crise car il ne s\u2019investit plus, depuis plusieurs ann\u00e9es, sur ce dossier. Sa seule politique aura \u00e9t\u00e9 d\u2019ent\u00e9riner une situation de fait, le droit du plus fort.<\/p>\n\n\n\n<p class=\"wp-block-paragraph\">Des communiqu\u00e9s compassionnels, des changements incessants de strat\u00e9gie qui ont, fort logiquement, suscit\u00e9 une r\u00e9action inhabituelle et justifi\u00e9e de la plupart de nos ambassadeurs en poste dans la r\u00e9gion, l\u2019approbation donn\u00e9e \u00e0 de petites initiatives diplomatiques prises par d\u2019autres :&nbsp;en somme, le r\u00f4le d\u2019une puissance europ\u00e9enne moyenne qui n\u2019a plus aucune prise sur les affaires du monde. Emmanuel Macron s\u2019est rendu tardivement au Proche-Orient. Benjamin Netanyahou a annonc\u00e9 la venue du Pr\u00e9sident fran\u00e7ais et du Premier ministre n\u00e9erlandais dans un m\u00eame tweet. Le pr\u00e9sident fran\u00e7ais y a commis une grosse bourde en \u00e9voquant une coalition anti-Hamas sur le mod\u00e8le de celle anti-Daesch. Sa proposition de seconde tourn\u00e9e dans la foul\u00e9e de le COP de Duba\u00ef a fait long feu&nbsp;: personne n\u2019y a vu d\u2019int\u00e9r\u00eat. Il est bien retourn\u00e9 en Jordanie le 22 d\u00e9cembre. Le Pr\u00e9sident a tenu \u00e0 faire remarquer que, cette fois, le roi Abdallah II venait l\u2019accueillir \u00e0 l\u2019a\u00e9roport. Mais encore&nbsp;?<\/p>\n\n\n\n<p class=\"wp-block-paragraph\">S\u2019en tenir \u00e0 une aide humanitaire ne peut remplacer une politique d\u2019influence et de pression. Bien au contraire, l\u2019humanitaire seul ne fait qu\u2019accompagner le plus fort dans sa politique impitoyable tout en se donnant bonne conscience.<\/p>\n\n\n\n<h2 class=\"wp-block-heading\"><strong>Sous Jacques Chirac, le r\u00f4le de la France \u00e9tait incontournable dans le d\u00e9nouement des crises au Proche-Orient&nbsp;<\/strong><\/h2>\n\n\n\n<ul class=\"wp-block-list\">\n<li>Lors de l\u2019op\u00e9ration \u00ab&nbsp;Raisins de la col\u00e8re&nbsp;\u00bb men\u00e9e par Isra\u00ebl au Liban (avril 1996), le Pr\u00e9sident fran\u00e7ais avait d\u00e9cid\u00e9 d\u2019envoyer imm\u00e9diatement son&nbsp;<a href=\"https:\/\/fr.wikipedia.org\/wiki\/Liste_des_ministres_fran%C3%A7ais_des_Affaires_%C3%A9trang%C3%A8res\">ministre des Affaires \u00e9trang\u00e8res<\/a> sur place avec mission&nbsp;\u00ab&nbsp;d\u2019obtenir la cessation des combats et de chercher des arrangements qui garantissent la s\u00e9curit\u00e9 des populations de part et d\u2019autre de la fronti\u00e8re libanaise&nbsp;\u00bb. Malgr\u00e9 l\u2019opposition am\u00e9ricaine, la France participera grandement \u00e0 la sortie de crise et sera associ\u00e9e \u00e0 la surveillance du \u00ab&nbsp;cessez-le-feu.<\/li>\n<\/ul>\n\n\n\n<ul class=\"wp-block-list\">\n<li>Durant le conflit isra\u00e9lo-libanais de l\u2019\u00e9t\u00e9 2006, c\u2019est encore avec le concours de la France que sera adopt\u00e9e la R\u00e9solution 1701 du&nbsp;<a href=\"https:\/\/fr.wikipedia.org\/wiki\/Conseil_de_s%C3%A9curit%C3%A9_des_Nations_unies\">conseil de s\u00e9curit\u00e9 des Nations unies<\/a>&nbsp;(11 ao\u00fbt 2006)&nbsp;qui mettra un terme provisoire au conflit.<\/li>\n<\/ul>\n\n\n\n<ul class=\"wp-block-list\">\n<li>En 2002-2003, l\u2019action diplomatique de la France, soutenue par une grande majorit\u00e9 de la communaut\u00e9 internationale (et notamment l\u2019Allemagne) parvenait \u00e0 mettre hors-la-loi la guerre voulue par les Etats-Unis en Irak et la vision pr\u00e9monitoire de Jacques Chirac sur la d\u00e9stabilisation globale de la r\u00e9gion qui ne manquerait pas de s\u2019en suivre fut valid\u00e9e&nbsp;: puissance iranienne se d\u00e9ployant sans contrepoids, exacerbation des violences entre sunnites et chiites\u2026<\/li>\n<\/ul>\n\n\n\n<h2 class=\"wp-block-heading\">Au Maghreb, l&rsquo;attente impatiente de l&rsquo;apr\u00e8s-Macron<\/h2>\n\n\n\n<p class=\"wp-block-paragraph\">Que l\u2019on se souvienne que Jacques Chirac \u00e9tait aim\u00e9 et respect\u00e9 dans chacun des trois pays. Maroc, Alg\u00e9rie, Tunisie (avec le premier Nicolas Sarkozy a su maintenir un partenariat d\u2019excellence) attendent impatiemment que la page Macron soit tourn\u00e9e. Emmanuel Macron r\u00e9alise l\u2019exploit particulier d\u2019\u00eatre brouill\u00e9 avec les trois pays simultan\u00e9ment alors m\u00eame qu\u2019il avait effectu\u00e9 un d\u00e9placement au Maroc trois semaines apr\u00e8s sa prise de fonction et qu\u2019il faisait de l\u2019\u00e9tablissement d\u2019une relation forte et apais\u00e9e avec l\u2019Alg\u00e9rie, une priorit\u00e9. Aujourd\u2019hui, Maroc, Alg\u00e9rie, Tunisie attendent impatiemment que la page Macron soit tourn\u00e9e. Les quelques signes de d\u00e9glaciation doivent \u00eatre interpr\u00e9t\u00e9s pour ce qu\u2019ils sont&nbsp;: protocolaires pour le Maroc qui a choisi d\u2019autres options diplomatiques, un concours de lenteur avec l\u2019Alg\u00e9rie qui n\u2019aboutira \u00e0 rien de tangible avant la fin du quinquennat. La visite d\u2019Etat du Pr\u00e9sident Tebboune en France devient l\u2019arl\u00e9sienne et n\u2019en finit plus d\u2019\u00eatre report\u00e9e. Un certain amateurisme dans la pr\u00e9paration du d\u00e9placement est perceptible.<\/p>\n\n\n\n<h2 class=\"wp-block-heading\">La France en net recul au Liban<\/h2>\n\n\n\n<p class=\"wp-block-paragraph\">Les gesticulations du Pr\u00e9sident Macron apr\u00e8s la dramatique explosion survenue au port de Beyrouth le 4 ao\u00fbt 2020 n\u2019auront eu aucun effet. Le Pr\u00e9sident fran\u00e7ais se pensant comme le grand lib\u00e9rateur qui allait \u00eatre \u00e0 l\u2019initiative d\u2019un nouveau pacte politique dans ce pays n\u2019aura, en r\u00e9alit\u00e9, abouti \u00e0 aucun r\u00e9sultat tangible et \u00e9tal\u00e9 sa m\u00e9connaissance des us et coutumes de ce pays pourtant si proche de la France.&nbsp; Victime privil\u00e9gi\u00e9e de du d\u00e9sordre s\u00e9curitaire qui l\u2019entoure, le pays ne cesse de s\u2019enfoncer dans la crise. La France de Jacques Chirac \u00e9tait un alliant s\u00fbr pour assurer la stabilit\u00e9 et la souverainet\u00e9 du Liban.<\/p>\n\n\n\n<p class=\"wp-block-paragraph\">Comment en est-on arriv\u00e9 aujourd\u2019hui \u00e0 cette d\u00e9route diplomatique particuli\u00e8rement rapide et marqu\u00e9e dans le monde arabe ou<strong> la voix de la France n\u2019est plus entendue et, pire encore, attendue&nbsp;?<\/strong><\/p>\n\n\n\n<p class=\"wp-block-paragraph\"><strong>Fran\u00e7ois Hollande et Emmanuel Macron ont tu\u00e9 la politique arabe de la France, le constat est l\u00e0<\/strong>. Associer Fran\u00e7ois Hollande et Emmanuel Macron peut para\u00eetre \u00e9trange tant les hommes sont diff\u00e9rents. Emmanuel Macron est un esprit brillant, mal conseill\u00e9 et aux convictions peu marqu\u00e9es. Fran\u00e7ois Hollande un id\u00e9ologue qui aura men\u00e9 une politique \u00e9trang\u00e8re partisane.<\/p>\n\n\n\n<p class=\"wp-block-paragraph\">N\u00e9anmoins, dans ce domaine, Emmanuel Macron n\u2019aura \u00e9t\u00e9 qu\u2019un continuateur dans l\u2019\u00e9chec cuisant de Fran\u00e7ois Hollande.<\/p>\n\n\n\n<p class=\"wp-block-paragraph\">Quels facteurs propres aux deux hommes sont entr\u00e9s en jeu&nbsp;?<\/p>\n\n\n\n<h2 class=\"wp-block-heading\">L&rsquo;inexp\u00e9rience ne pardonne pas en politique \u00e9trang\u00e8re<\/h2>\n\n\n\n<p class=\"wp-block-paragraph\"><strong>Citons, tout d\u2019abord, l\u2019inexp\u00e9rience totale qui est la leur<\/strong> dans le domaine international lorsqu\u2019ils arrivent au pouvoir. Or la politique \u00e9trang\u00e8re ne s\u2019invente pas. Il ne suffit pas d\u2019avaler des notes, de publier des communiqu\u00e9s convenus et d\u2019assister \u00e0 des sommets internationaux protocolaires pour peser sur les affaires du monde. Elle n\u00e9cessite un apprentissage long qui s\u2019acquiert au fil des d\u00e9placement \u00e0 l\u2019\u00e9tranger (Fran\u00e7ois Hollande n\u2019avait, par exemple, jamais \u00e9t\u00e9 en Chine avant son arriv\u00e9e au pouvoir) qui permet de d\u00e9velopper des r\u00e9seaux, de connaitre intimement ses homologues, de s\u2019impr\u00e9gner d\u2019une sensibilit\u00e9, d\u2019apprivoiser les cultures \u00e9trang\u00e8res et ainsi d\u2019\u00eatre en mesure par une politique \u00e9trang\u00e8re audacieuse, particuli\u00e8re, avant-gardiste, suscitant de la sympathie de permettre \u00e0 la France de r\u00e9soudre la quadrature du cercle&nbsp;: Comment un pays de taille moyenne dont la population est \u00e0 faible \u00e0 l\u2019\u00e9chelle du globe peut-il peser sur les affaires du monde&nbsp;? La r\u00e9ponse est en adoptant une grande politique \u00e9trang\u00e8re de grandeur. C\u2019est la phrase c\u00e9l\u00e8bre du G\u00e9n\u00e9ral de Gaulle \u00ab&nbsp;\u00ab&nbsp;C\u2019est parce que nous ne sommes plus une grande puissance qu\u2019il nous faut une grande politique, parce que, si nous n\u2019avons pas une grande politique, comme nous ne sommes plus une grande puissance, nous ne serons plus rien.&nbsp;\u00bb<\/p>\n\n\n\n<h2 class=\"wp-block-heading\">Inexp\u00e9rience, atlantisme et tropisme militaire<\/h2>\n\n\n\n<p class=\"wp-block-paragraph\"><strong>D\u2019autres facteurs ont jou\u00e9 \u00e9galement dans la continuit\u00e9 entre les deux hommes&nbsp;: ce sont les m\u00eames diplomates qui sont globalement \u00e0 la man\u0153uvre<\/strong>, marqu\u00e9s par leur attachement partisan au PS, plus pr\u00e9cis\u00e9ment \u00e0 sa faction atlantistes et toujours impr\u00e9gn\u00e9e de l\u2019id\u00e9ologie n\u00e9oconservatrice, proches de Jean-Yves Le Drian (et pour certains de Laurent Fabius) et appartenant pour beaucoup \u00e0 la promotion \u00ab&nbsp;L\u00e9opold Sedar Senghor&nbsp;\u00bb de l\u2019ENA, celle du Pr\u00e9sident. Un s\u00e9same synonyme d\u2019acc\u00e9l\u00e9rateur de carri\u00e8re, parfois pour le meilleur, souvent pour le pire. L\u2019exp\u00e9rience est un atout consid\u00e9rable dans la sph\u00e8re diplomatique, Emmanuel Macron a souvent tendance \u00e0 l\u2019oublier. Ces diplomates ont en commun leur tropisme militaire, la conviction que la r\u00e9solution des crises est n\u00e9cessairement et principalement militaire. La politique n\u2019est que seconde. Leur alliance revendiqu\u00e9e avec les Etats-Unis est en r\u00e9alit\u00e9 une inf\u00e9odation qui s\u2019est manifest\u00e9e de mani\u00e8re \u00e9clatante lorsque Hollande et Le Drian se montraient pr\u00eats \u00e0 frapper la Syrie, en ao\u00fbt 2013, car la fameuse \u00ab ligne rouge \u00bb, l\u2019utilisation d\u2019armes chimiques par le r\u00e9gime syrien, avait \u00e9t\u00e9 franchie. Avant que Barack Obama ne leur signifie que leur position avait peu d\u2019importance.<\/p>\n\n\n\n<h2 class=\"wp-block-heading\">Une diplomatie partisane<\/h2>\n\n\n\n<p class=\"wp-block-paragraph\"><strong>L\u2019autre travers de Fran\u00e7ois Hollande aura \u00e9t\u00e9 de n\u2019envisager la politique \u00e9trang\u00e8re qu\u2019\u00e0 travers des pr\u00e9jug\u00e9s, \u00e0 l\u2019aune de l\u2019internationale socialiste<\/strong> dont il fut un membre influent.&nbsp; Ce tropisme partisan l\u2019aura conduit \u00e0 plusieurs b\u00e9vues&nbsp;:<\/p>\n\n\n\n<ul class=\"wp-block-list\">\n<li>Le soutien marqu\u00e9 apport\u00e9, en Tunisie, \u00e0 la Tro\u00efka (2011-2014) noyaut\u00e9e par les islamistes, car son ami Mustapha Ben Jaffar, membre de l\u2019Internationale socialiste, en faisait partie.<\/li>\n\n\n\n<li>Une rupture d\u2019\u00e9quilibre id\u00e9ologique au Maghreb consistant \u00e0 afficher une priorit\u00e9 alg\u00e9rienne revendiqu\u00e9e. Mais qui n\u2019aura pas r\u00e9sister aux blagues douteuses qui sont la marque de Fran\u00e7ois Hollande. A propos du d\u00e9placement de Manuel Valls en Alg\u00e9rie, il d\u00e9clara lors du d\u00eener du CRIF en d\u00e9cembre 2013 \u00ab&nbsp;Manuel Valls revient sain et sauf, c\u2019est d\u00e9j\u00e0 beaucoup&nbsp;\u00bb. Quelques rires, un moment d\u2019autosatisfaction, mais une cr\u00e9dibilit\u00e9 diplomatique ruin\u00e9e.<\/li>\n\n\n\n<li>Au Proche-Orient, Fran\u00e7ois Hollande a tout bonnement mis fin \u00e0 l\u2019influence fran\u00e7aise traditionnellement forte dans cette r\u00e9gion. Sa prise de position totalement d\u00e9s\u00e9quilibr\u00e9e le 9 juillet 2014 dans le cadre du conflit isra\u00e9lo-palestinien aura marqu\u00e9 les esprits malgr\u00e9 les multiples r\u00e9trop\u00e9dalages qu\u2019il tentera. En effet, lors de la riposte d\u2019Isra\u00ebl jug\u00e9e \u00ab&nbsp;disproportionn\u00e9e&nbsp;\u00bb \u00e0 des tirs de roquettes du Hamas, il n\u2019aura pas un mot pour les tr\u00e8s nombreuses victimes civiles palestiniennes (1500) et se contentera d\u2019afficher un soutien marqu\u00e9 \u00e0 l\u2019Etat h\u00e9breu. L\u00e0 encore le tropisme pro-isra\u00e9lien h\u00e9rit\u00e9 de l\u2019alliance ancienne entre le PS et le parti travailliste a jou\u00e9. Manifestement, Fran\u00e7ois Hollande ne s\u2019est pas rendu compte que le parti travailliste avait disparu et que ce quitus \u00e9tait donn\u00e9 \u00e0 un homme aussi peu recommandable que Benyamin Netanyahu. La politique fran\u00e7aise fond\u00e9e sur le respect du droit international \u00e9tait abandonn\u00e9e.<\/li>\n<\/ul>\n\n\n\n<h2 class=\"wp-block-heading\">Le \u00ab\u00a0en m\u00eame temps\u00a0\u00bb, catastrophique en politique \u00e9trang\u00e8re<\/h2>\n\n\n\n<p class=\"wp-block-paragraph\">Emmanuel Macron n\u2019aura pas su afficher des objectifs et les hi\u00e9rarchiser en politique \u00e9trang\u00e8re. Il ne cessera d\u2019afficher des positions qu\u2019il contredira tr\u00e8s rapidement, selon son intuition fluctuante ou son dernier visiteur. De la \u00ab&nbsp;carte blanche&nbsp;\u00bb donn\u00e9e \u00e0 Netanyahou pour \u00ab&nbsp;venger&nbsp;\u00bb le 7 octobre 2003 \u00e0 l\u2019exhortation faite \u00e0 Isra\u00ebl, sur la BBC quelques jours plus tard, de \u00ab&nbsp;cesser&nbsp;\u00bb les bombardements car \u00ab&nbsp;De facto, aujourd\u2019hui des civils sont bombard\u00e9s. Ces b\u00e9b\u00e9s, ces femmes, ces personnes \u00e2g\u00e9es, sont bombard\u00e9s et tu\u00e9s&nbsp;\u00bb, il n\u2019y a \u00ab&nbsp;aucune justification&nbsp;\u00bb. De la c\u00e9l\u00e9bration de la f\u00eate de \u00ab&nbsp;Hanouka&nbsp;\u00bb \u00e0 l\u2019Elys\u00e9e interpr\u00e9t\u00e9e n\u00e9cessairement comme un soutien \u00e0 Isra\u00ebl en cette p\u00e9riode particuli\u00e8re, au vote favorable sur la R\u00e9solution du Conseil de s\u00e9curit\u00e9 appelant \u00e0 un \u00ab&nbsp;cessez-le-feu&nbsp;\u00bb imm\u00e9diat \u00e0 Gaza, il se sera pass\u00e9 moins de 48h. &nbsp;On cherche en vain un fil conducteur. Un acte ne gomme pas un autre. Il ruine simplement la cr\u00e9dibilit\u00e9.<\/p>\n\n\n\n<p class=\"wp-block-paragraph\">A moins d\u2019\u00eatre un Machiavel et de le manier avec une infinie pr\u00e9cision, ce qui est loin d\u2019\u00eatre le cas, le \u00ab&nbsp;en m\u00eame temps&nbsp;\u00bb s\u2019av\u00e8re calamiteux en politique \u00e9trang\u00e8re.<\/p>\n\n\n\n<p class=\"wp-block-paragraph\">Le r\u00e9sultat est l\u00e0&nbsp;: en quelques ann\u00e9es le recul de l\u2019influence de la France dans le monde arabe est colossal. Et, dans le m\u00eame temps, la France n\u2019est pas un partenaire privil\u00e9gi\u00e9 par et pour Isra\u00ebl. Le naufrage est complet et la perspective d\u2019une remise \u00e0 flot lointaine tant il est plus facile de rompre un lien de confiance, de ruiner une influence que de les restaurer. La France n\u2019\u00e9tant plus une grande puissance, ce n\u2019est pas dans le rapport de force mais en suscitant \u00e0 nouveau de la sympathie, en \u00e9tant fid\u00e8le \u00e0 son histoire et \u00e0 ses valeurs, qu\u2019elle retrouvera une prise sur la r\u00e9gion. Lorsque l\u2019on est membre du Conseil de S\u00e9curit\u00e9 faire respecter le droit international et le droit humanitaire doit \u00eatre une boussole et non une variable d\u2019ajustement.<\/p>\n\n\n\n<hr class=\"wp-block-separator has-alpha-channel-opacity\"\/>\n\n\n\n<p class=\"wp-block-paragraph\"><a href=\"#_ftnref1\" id=\"_ftn1\">[1]<\/a> \u00ab&nbsp;Le d\u00e9classement fran\u00e7ais&nbsp;\u00bb titre de l\u2019excellent ouvrage de Christian Chesnot et Georges Malbrunot.<\/p>\n","protected":false},"excerpt":{"rendered":"<p>Erwan Davoux est sp\u00e9cialiste des relations internationales. Dipl\u00f4m\u00e9 de l&rsquo;IEP de Paris et de l&rsquo;INALCO, ancien charg\u00e9 de mission \u00e0 la Pr\u00e9sidence&hellip;<\/p>","protected":false},"author":16,"featured_media":1876,"comment_status":"open","ping_status":"open","sticky":false,"template":"","format":"standard","meta":{"_lmt_disableupdate":"","_lmt_disable":"","footnotes":""},"categories":[5],"tags":[],"class_list":["post-1875","post","type-post","status-publish","format-standard","has-post-thumbnail","hentry","category-international"],"yoast_head":"<!-- This site is optimized with the Yoast SEO Premium plugin v28.1 (Yoast SEO v28.1) - https:\/\/yoast.com\/product\/yoast-seo-premium-wordpress\/ -->\n<title>Comment Fran\u00e7ois Hollande et Emmanuel Macron ont tu\u00e9 la politique arabe de la France\u2026 | Geopolitics.fr<\/title>\n<meta name=\"robots\" content=\"index, follow, max-snippet:-1, max-image-preview:large, max-video-preview:-1\" \/>\n<link rel=\"canonical\" href=\"https:\/\/www.geopolitics.fr\/en\/2024\/01\/08\/comment-francois-hollande-et-emmanuel-macron-ont-tue-la-politique-arabe-de-la-franceet-ruine-notre-influence-dans-la-region\/\" \/>\n<meta property=\"og:locale\" content=\"en_GB\" \/>\n<meta property=\"og:type\" content=\"article\" \/>\n<meta property=\"og:title\" content=\"Comment Fran\u00e7ois Hollande et Emmanuel Macron ont tu\u00e9 la politique arabe de la France\u2026\" \/>\n<meta property=\"og:description\" content=\"Erwan Davoux est sp\u00e9cialiste des relations internationales. Dipl\u00f4m\u00e9 de l&rsquo;IEP de Paris et de l&rsquo;INALCO, ancien charg\u00e9 de mission \u00e0 la Pr\u00e9sidence&hellip;\" \/>\n<meta property=\"og:url\" content=\"https:\/\/www.geopolitics.fr\/en\/2024\/01\/08\/comment-francois-hollande-et-emmanuel-macron-ont-tue-la-politique-arabe-de-la-franceet-ruine-notre-influence-dans-la-region\/\" \/>\n<meta property=\"og:site_name\" content=\"Geopolitics.fr\" \/>\n<meta property=\"article:publisher\" content=\"https:\/\/www.facebook.com\/people\/Erwan-Davoux\/61557098968092\/\" \/>\n<meta property=\"article:author\" content=\"Erwan Davoux\" \/>\n<meta property=\"article:published_time\" content=\"2024-01-08T08:43:09+00:00\" \/>\n<meta property=\"article:modified_time\" content=\"2024-03-26T22:39:10+00:00\" \/>\n<meta property=\"og:image\" content=\"https:\/\/www.geopolitics.fr\/wp-content\/uploads\/2024\/01\/gaza.webp\" \/>\n\t<meta property=\"og:image:width\" content=\"1772\" \/>\n\t<meta property=\"og:image:height\" content=\"1179\" \/>\n\t<meta property=\"og:image:type\" content=\"image\/webp\" \/>\n<meta name=\"author\" content=\"Erwan Davoux\" \/>\n<meta name=\"twitter:card\" content=\"summary_large_image\" \/>\n<meta name=\"twitter:creator\" content=\"@erwandavoux @Geo_politicsfr\" \/>\n<meta name=\"twitter:site\" content=\"@Geopolitics_Fr\" \/>\n<meta name=\"twitter:label1\" content=\"Written by\" \/>\n\t<meta name=\"twitter:data1\" content=\"Erwan Davoux\" \/>\n\t<meta name=\"twitter:label2\" content=\"Estimated reading time\" \/>\n\t<meta name=\"twitter:data2\" content=\"11 minutes\" \/>\n<script type=\"application\/ld+json\" class=\"yoast-schema-graph\">{\"@context\":\"https:\\\/\\\/schema.org\",\"@graph\":[{\"@type\":\"Article\",\"@id\":\"https:\\\/\\\/www.geopolitics.fr\\\/2024\\\/01\\\/08\\\/comment-francois-hollande-et-emmanuel-macron-ont-tue-la-politique-arabe-de-la-franceet-ruine-notre-influence-dans-la-region\\\/#article\",\"isPartOf\":{\"@id\":\"https:\\\/\\\/www.geopolitics.fr\\\/2024\\\/01\\\/08\\\/comment-francois-hollande-et-emmanuel-macron-ont-tue-la-politique-arabe-de-la-franceet-ruine-notre-influence-dans-la-region\\\/\"},\"author\":{\"name\":\"Erwan Davoux\",\"@id\":\"https:\\\/\\\/www.geopolitics.fr\\\/#\\\/schema\\\/person\\\/a487273e91313e368925717400fa1b11\"},\"headline\":\"Comment Fran\u00e7ois Hollande et Emmanuel Macron ont tu\u00e9 la politique arabe de la France\u2026\",\"datePublished\":\"2024-01-08T08:43:09+00:00\",\"dateModified\":\"2024-03-26T22:39:10+00:00\",\"mainEntityOfPage\":{\"@id\":\"https:\\\/\\\/www.geopolitics.fr\\\/2024\\\/01\\\/08\\\/comment-francois-hollande-et-emmanuel-macron-ont-tue-la-politique-arabe-de-la-franceet-ruine-notre-influence-dans-la-region\\\/\"},\"wordCount\":2275,\"commentCount\":0,\"publisher\":{\"@id\":\"https:\\\/\\\/www.geopolitics.fr\\\/#organization\"},\"image\":{\"@id\":\"https:\\\/\\\/www.geopolitics.fr\\\/2024\\\/01\\\/08\\\/comment-francois-hollande-et-emmanuel-macron-ont-tue-la-politique-arabe-de-la-franceet-ruine-notre-influence-dans-la-region\\\/#primaryimage\"},\"thumbnailUrl\":\"https:\\\/\\\/www.geopolitics.fr\\\/wp-content\\\/uploads\\\/2024\\\/01\\\/gaza.webp\",\"articleSection\":[\"International\"],\"inLanguage\":\"en-GB\"},{\"@type\":\"WebPage\",\"@id\":\"https:\\\/\\\/www.geopolitics.fr\\\/2024\\\/01\\\/08\\\/comment-francois-hollande-et-emmanuel-macron-ont-tue-la-politique-arabe-de-la-franceet-ruine-notre-influence-dans-la-region\\\/\",\"url\":\"https:\\\/\\\/www.geopolitics.fr\\\/2024\\\/01\\\/08\\\/comment-francois-hollande-et-emmanuel-macron-ont-tue-la-politique-arabe-de-la-franceet-ruine-notre-influence-dans-la-region\\\/\",\"name\":\"Comment Fran\u00e7ois Hollande et Emmanuel Macron ont tu\u00e9 la politique arabe de la France\u2026 | Geopolitics.fr\",\"isPartOf\":{\"@id\":\"https:\\\/\\\/www.geopolitics.fr\\\/#website\"},\"primaryImageOfPage\":{\"@id\":\"https:\\\/\\\/www.geopolitics.fr\\\/2024\\\/01\\\/08\\\/comment-francois-hollande-et-emmanuel-macron-ont-tue-la-politique-arabe-de-la-franceet-ruine-notre-influence-dans-la-region\\\/#primaryimage\"},\"image\":{\"@id\":\"https:\\\/\\\/www.geopolitics.fr\\\/2024\\\/01\\\/08\\\/comment-francois-hollande-et-emmanuel-macron-ont-tue-la-politique-arabe-de-la-franceet-ruine-notre-influence-dans-la-region\\\/#primaryimage\"},\"thumbnailUrl\":\"https:\\\/\\\/www.geopolitics.fr\\\/wp-content\\\/uploads\\\/2024\\\/01\\\/gaza.webp\",\"datePublished\":\"2024-01-08T08:43:09+00:00\",\"dateModified\":\"2024-03-26T22:39:10+00:00\",\"breadcrumb\":{\"@id\":\"https:\\\/\\\/www.geopolitics.fr\\\/2024\\\/01\\\/08\\\/comment-francois-hollande-et-emmanuel-macron-ont-tue-la-politique-arabe-de-la-franceet-ruine-notre-influence-dans-la-region\\\/#breadcrumb\"},\"inLanguage\":\"en-GB\",\"potentialAction\":[{\"@type\":\"ReadAction\",\"target\":[\"https:\\\/\\\/www.geopolitics.fr\\\/2024\\\/01\\\/08\\\/comment-francois-hollande-et-emmanuel-macron-ont-tue-la-politique-arabe-de-la-franceet-ruine-notre-influence-dans-la-region\\\/\"]}]},{\"@type\":\"ImageObject\",\"inLanguage\":\"en-GB\",\"@id\":\"https:\\\/\\\/www.geopolitics.fr\\\/2024\\\/01\\\/08\\\/comment-francois-hollande-et-emmanuel-macron-ont-tue-la-politique-arabe-de-la-franceet-ruine-notre-influence-dans-la-region\\\/#primaryimage\",\"url\":\"https:\\\/\\\/www.geopolitics.fr\\\/wp-content\\\/uploads\\\/2024\\\/01\\\/gaza.webp\",\"contentUrl\":\"https:\\\/\\\/www.geopolitics.fr\\\/wp-content\\\/uploads\\\/2024\\\/01\\\/gaza.webp\",\"width\":1772,\"height\":1179},{\"@type\":\"BreadcrumbList\",\"@id\":\"https:\\\/\\\/www.geopolitics.fr\\\/2024\\\/01\\\/08\\\/comment-francois-hollande-et-emmanuel-macron-ont-tue-la-politique-arabe-de-la-franceet-ruine-notre-influence-dans-la-region\\\/#breadcrumb\",\"itemListElement\":[{\"@type\":\"ListItem\",\"position\":1,\"name\":\"Accueil\",\"item\":\"https:\\\/\\\/www.geopolitics.fr\\\/\"},{\"@type\":\"ListItem\",\"position\":2,\"name\":\"Comment Fran\u00e7ois Hollande et Emmanuel Macron ont tu\u00e9 la politique arabe de la France\u2026\"}]},{\"@type\":\"WebSite\",\"@id\":\"https:\\\/\\\/www.geopolitics.fr\\\/#website\",\"url\":\"https:\\\/\\\/www.geopolitics.fr\\\/\",\"name\":\"Geopolitics.fr\",\"description\":\"Geopolitics.fr Analyse politique, relations internationales, d\u00e9fense - ligne \u00e9ditoriale gaullo-chiraquienne\",\"publisher\":{\"@id\":\"https:\\\/\\\/www.geopolitics.fr\\\/#organization\"},\"potentialAction\":[{\"@type\":\"SearchAction\",\"target\":{\"@type\":\"EntryPoint\",\"urlTemplate\":\"https:\\\/\\\/www.geopolitics.fr\\\/?s={search_term_string}\"},\"query-input\":{\"@type\":\"PropertyValueSpecification\",\"valueRequired\":true,\"valueName\":\"search_term_string\"}}],\"inLanguage\":\"en-GB\"},{\"@type\":\"Organization\",\"@id\":\"https:\\\/\\\/www.geopolitics.fr\\\/#organization\",\"name\":\"Geopolitics.fr\",\"url\":\"https:\\\/\\\/www.geopolitics.fr\\\/\",\"logo\":{\"@type\":\"ImageObject\",\"inLanguage\":\"en-GB\",\"@id\":\"https:\\\/\\\/www.geopolitics.fr\\\/#\\\/schema\\\/logo\\\/image\\\/\",\"url\":\"https:\\\/\\\/www.geopolitics.fr\\\/wp-content\\\/uploads\\\/2024\\\/01\\\/logo.jpg\",\"contentUrl\":\"https:\\\/\\\/www.geopolitics.fr\\\/wp-content\\\/uploads\\\/2024\\\/01\\\/logo.jpg\",\"width\":500,\"height\":500,\"caption\":\"Geopolitics.fr\"},\"image\":{\"@id\":\"https:\\\/\\\/www.geopolitics.fr\\\/#\\\/schema\\\/logo\\\/image\\\/\"},\"sameAs\":[\"https:\\\/\\\/www.facebook.com\\\/people\\\/Erwan-Davoux\\\/61557098968092\\\/\",\"https:\\\/\\\/x.com\\\/Geopolitics_Fr\"]},{\"@type\":\"Person\",\"@id\":\"https:\\\/\\\/www.geopolitics.fr\\\/#\\\/schema\\\/person\\\/a487273e91313e368925717400fa1b11\",\"name\":\"Erwan Davoux\",\"image\":{\"@type\":\"ImageObject\",\"inLanguage\":\"en-GB\",\"@id\":\"https:\\\/\\\/www.geopolitics.fr\\\/wp-content\\\/uploads\\\/2026\\\/05\\\/moi-96x96.jpg\",\"url\":\"https:\\\/\\\/www.geopolitics.fr\\\/wp-content\\\/uploads\\\/2026\\\/05\\\/moi-96x96.jpg\",\"contentUrl\":\"https:\\\/\\\/www.geopolitics.fr\\\/wp-content\\\/uploads\\\/2026\\\/05\\\/moi-96x96.jpg\",\"caption\":\"Erwan Davoux\"},\"description\":\"Erwan DAVOUX est Pr\u00e9sident de LMD CONSEIL, (conseil strat\u00e9gique, intelligence \u00e9conomique, risque g\u00e9opolitique, influence politique, diplomatie \u00e9conomique). Dipl\u00f4m\u00e9 de l'IEP de Paris et de l'INALCO (d\u00e9partement d'\u00e9tudes arabes), il est directeur de la publication de geopolitics.fr. Ancien fonctionnaire au Minist\u00e8re de l'Int\u00e9rieur et de la D\u00e9fense (DGSE) Ancien charg\u00e9 de Mission \u00e0 la Pr\u00e9sidence de la R\u00e9publique (cellule diplomatique) Conseil de nombreuses personnalit\u00e9s politiques \u00e0 l'International (dont deux anciens Premiers ministres).\",\"sameAs\":[\"Erwan Davoux\",\"@erwandavoux\",\"https:\\\/\\\/www.linkedin.com\\\/in\\\/erwan-davoux-6800b289\\\/\",\"https:\\\/\\\/x.com\\\/@erwandavoux @Geo_politicsfr\"],\"url\":\"https:\\\/\\\/www.geopolitics.fr\\\/en\\\/author\\\/erwan-davoux\\\/\"}]}<\/script>\n<!-- \/ Yoast SEO Premium plugin. -->","yoast_head_json":{"title":"Comment Fran\u00e7ois Hollande et Emmanuel Macron ont tu\u00e9 la politique arabe de la France\u2026 | Geopolitics.fr","robots":{"index":"index","follow":"follow","max-snippet":"max-snippet:-1","max-image-preview":"max-image-preview:large","max-video-preview":"max-video-preview:-1"},"canonical":"https:\/\/www.geopolitics.fr\/en\/2024\/01\/08\/comment-francois-hollande-et-emmanuel-macron-ont-tue-la-politique-arabe-de-la-franceet-ruine-notre-influence-dans-la-region\/","og_locale":"en_GB","og_type":"article","og_title":"Comment Fran\u00e7ois Hollande et Emmanuel Macron ont tu\u00e9 la politique arabe de la France\u2026","og_description":"Erwan Davoux est sp\u00e9cialiste des relations internationales. Dipl\u00f4m\u00e9 de l&rsquo;IEP de Paris et de l&rsquo;INALCO, ancien charg\u00e9 de mission \u00e0 la Pr\u00e9sidence&hellip;","og_url":"https:\/\/www.geopolitics.fr\/en\/2024\/01\/08\/comment-francois-hollande-et-emmanuel-macron-ont-tue-la-politique-arabe-de-la-franceet-ruine-notre-influence-dans-la-region\/","og_site_name":"Geopolitics.fr","article_publisher":"https:\/\/www.facebook.com\/people\/Erwan-Davoux\/61557098968092\/","article_author":"Erwan Davoux","article_published_time":"2024-01-08T08:43:09+00:00","article_modified_time":"2024-03-26T22:39:10+00:00","og_image":[{"width":1772,"height":1179,"url":"https:\/\/www.geopolitics.fr\/wp-content\/uploads\/2024\/01\/gaza.webp","type":"image\/webp"}],"author":"Erwan Davoux","twitter_card":"summary_large_image","twitter_creator":"@erwandavoux @Geo_politicsfr","twitter_site":"@Geopolitics_Fr","twitter_misc":{"Written by":"Erwan Davoux","Estimated reading time":"11 minutes"},"schema":{"@context":"https:\/\/schema.org","@graph":[{"@type":"Article","@id":"https:\/\/www.geopolitics.fr\/2024\/01\/08\/comment-francois-hollande-et-emmanuel-macron-ont-tue-la-politique-arabe-de-la-franceet-ruine-notre-influence-dans-la-region\/#article","isPartOf":{"@id":"https:\/\/www.geopolitics.fr\/2024\/01\/08\/comment-francois-hollande-et-emmanuel-macron-ont-tue-la-politique-arabe-de-la-franceet-ruine-notre-influence-dans-la-region\/"},"author":{"name":"Erwan Davoux","@id":"https:\/\/www.geopolitics.fr\/#\/schema\/person\/a487273e91313e368925717400fa1b11"},"headline":"Comment Fran\u00e7ois Hollande et Emmanuel Macron ont tu\u00e9 la politique arabe de la France\u2026","datePublished":"2024-01-08T08:43:09+00:00","dateModified":"2024-03-26T22:39:10+00:00","mainEntityOfPage":{"@id":"https:\/\/www.geopolitics.fr\/2024\/01\/08\/comment-francois-hollande-et-emmanuel-macron-ont-tue-la-politique-arabe-de-la-franceet-ruine-notre-influence-dans-la-region\/"},"wordCount":2275,"commentCount":0,"publisher":{"@id":"https:\/\/www.geopolitics.fr\/#organization"},"image":{"@id":"https:\/\/www.geopolitics.fr\/2024\/01\/08\/comment-francois-hollande-et-emmanuel-macron-ont-tue-la-politique-arabe-de-la-franceet-ruine-notre-influence-dans-la-region\/#primaryimage"},"thumbnailUrl":"https:\/\/www.geopolitics.fr\/wp-content\/uploads\/2024\/01\/gaza.webp","articleSection":["International"],"inLanguage":"en-GB"},{"@type":"WebPage","@id":"https:\/\/www.geopolitics.fr\/2024\/01\/08\/comment-francois-hollande-et-emmanuel-macron-ont-tue-la-politique-arabe-de-la-franceet-ruine-notre-influence-dans-la-region\/","url":"https:\/\/www.geopolitics.fr\/2024\/01\/08\/comment-francois-hollande-et-emmanuel-macron-ont-tue-la-politique-arabe-de-la-franceet-ruine-notre-influence-dans-la-region\/","name":"Comment Fran\u00e7ois Hollande et Emmanuel Macron ont tu\u00e9 la politique arabe de la France\u2026 | Geopolitics.fr","isPartOf":{"@id":"https:\/\/www.geopolitics.fr\/#website"},"primaryImageOfPage":{"@id":"https:\/\/www.geopolitics.fr\/2024\/01\/08\/comment-francois-hollande-et-emmanuel-macron-ont-tue-la-politique-arabe-de-la-franceet-ruine-notre-influence-dans-la-region\/#primaryimage"},"image":{"@id":"https:\/\/www.geopolitics.fr\/2024\/01\/08\/comment-francois-hollande-et-emmanuel-macron-ont-tue-la-politique-arabe-de-la-franceet-ruine-notre-influence-dans-la-region\/#primaryimage"},"thumbnailUrl":"https:\/\/www.geopolitics.fr\/wp-content\/uploads\/2024\/01\/gaza.webp","datePublished":"2024-01-08T08:43:09+00:00","dateModified":"2024-03-26T22:39:10+00:00","breadcrumb":{"@id":"https:\/\/www.geopolitics.fr\/2024\/01\/08\/comment-francois-hollande-et-emmanuel-macron-ont-tue-la-politique-arabe-de-la-franceet-ruine-notre-influence-dans-la-region\/#breadcrumb"},"inLanguage":"en-GB","potentialAction":[{"@type":"ReadAction","target":["https:\/\/www.geopolitics.fr\/2024\/01\/08\/comment-francois-hollande-et-emmanuel-macron-ont-tue-la-politique-arabe-de-la-franceet-ruine-notre-influence-dans-la-region\/"]}]},{"@type":"ImageObject","inLanguage":"en-GB","@id":"https:\/\/www.geopolitics.fr\/2024\/01\/08\/comment-francois-hollande-et-emmanuel-macron-ont-tue-la-politique-arabe-de-la-franceet-ruine-notre-influence-dans-la-region\/#primaryimage","url":"https:\/\/www.geopolitics.fr\/wp-content\/uploads\/2024\/01\/gaza.webp","contentUrl":"https:\/\/www.geopolitics.fr\/wp-content\/uploads\/2024\/01\/gaza.webp","width":1772,"height":1179},{"@type":"BreadcrumbList","@id":"https:\/\/www.geopolitics.fr\/2024\/01\/08\/comment-francois-hollande-et-emmanuel-macron-ont-tue-la-politique-arabe-de-la-franceet-ruine-notre-influence-dans-la-region\/#breadcrumb","itemListElement":[{"@type":"ListItem","position":1,"name":"Accueil","item":"https:\/\/www.geopolitics.fr\/"},{"@type":"ListItem","position":2,"name":"Comment Fran\u00e7ois Hollande et Emmanuel Macron ont tu\u00e9 la politique arabe de la France\u2026"}]},{"@type":"WebSite","@id":"https:\/\/www.geopolitics.fr\/#website","url":"https:\/\/www.geopolitics.fr\/","name":"Geopolitics.fr","description":"Geopolitics.fr Analyse politique, relations internationales, d\u00e9fense - ligne \u00e9ditoriale gaullo-chiraquienne","publisher":{"@id":"https:\/\/www.geopolitics.fr\/#organization"},"potentialAction":[{"@type":"SearchAction","target":{"@type":"EntryPoint","urlTemplate":"https:\/\/www.geopolitics.fr\/?s={search_term_string}"},"query-input":{"@type":"PropertyValueSpecification","valueRequired":true,"valueName":"search_term_string"}}],"inLanguage":"en-GB"},{"@type":"Organization","@id":"https:\/\/www.geopolitics.fr\/#organization","name":"Geopolitics.fr","url":"https:\/\/www.geopolitics.fr\/","logo":{"@type":"ImageObject","inLanguage":"en-GB","@id":"https:\/\/www.geopolitics.fr\/#\/schema\/logo\/image\/","url":"https:\/\/www.geopolitics.fr\/wp-content\/uploads\/2024\/01\/logo.jpg","contentUrl":"https:\/\/www.geopolitics.fr\/wp-content\/uploads\/2024\/01\/logo.jpg","width":500,"height":500,"caption":"Geopolitics.fr"},"image":{"@id":"https:\/\/www.geopolitics.fr\/#\/schema\/logo\/image\/"},"sameAs":["https:\/\/www.facebook.com\/people\/Erwan-Davoux\/61557098968092\/","https:\/\/x.com\/Geopolitics_Fr"]},{"@type":"Person","@id":"https:\/\/www.geopolitics.fr\/#\/schema\/person\/a487273e91313e368925717400fa1b11","name":"Erwan Davoux","image":{"@type":"ImageObject","inLanguage":"en-GB","@id":"https:\/\/www.geopolitics.fr\/wp-content\/uploads\/2026\/05\/moi-96x96.jpg","url":"https:\/\/www.geopolitics.fr\/wp-content\/uploads\/2026\/05\/moi-96x96.jpg","contentUrl":"https:\/\/www.geopolitics.fr\/wp-content\/uploads\/2026\/05\/moi-96x96.jpg","caption":"Erwan Davoux"},"description":"Erwan DAVOUX est Pr\u00e9sident de LMD CONSEIL, (conseil strat\u00e9gique, intelligence \u00e9conomique, risque g\u00e9opolitique, influence politique, diplomatie \u00e9conomique). Dipl\u00f4m\u00e9 de l'IEP de Paris et de l'INALCO (d\u00e9partement d'\u00e9tudes arabes), il est directeur de la publication de geopolitics.fr. Ancien fonctionnaire au Minist\u00e8re de l'Int\u00e9rieur et de la D\u00e9fense (DGSE) Ancien charg\u00e9 de Mission \u00e0 la Pr\u00e9sidence de la R\u00e9publique (cellule diplomatique) Conseil de nombreuses personnalit\u00e9s politiques \u00e0 l'International (dont deux anciens Premiers ministres).","sameAs":["Erwan Davoux","@erwandavoux","https:\/\/www.linkedin.com\/in\/erwan-davoux-6800b289\/","https:\/\/x.com\/@erwandavoux @Geo_politicsfr"],"url":"https:\/\/www.geopolitics.fr\/en\/author\/erwan-davoux\/"}]}},"_links":{"self":[{"href":"https:\/\/www.geopolitics.fr\/en\/wp-json\/wp\/v2\/posts\/1875","targetHints":{"allow":["GET"]}}],"collection":[{"href":"https:\/\/www.geopolitics.fr\/en\/wp-json\/wp\/v2\/posts"}],"about":[{"href":"https:\/\/www.geopolitics.fr\/en\/wp-json\/wp\/v2\/types\/post"}],"author":[{"embeddable":true,"href":"https:\/\/www.geopolitics.fr\/en\/wp-json\/wp\/v2\/users\/16"}],"replies":[{"embeddable":true,"href":"https:\/\/www.geopolitics.fr\/en\/wp-json\/wp\/v2\/comments?post=1875"}],"version-history":[{"count":0,"href":"https:\/\/www.geopolitics.fr\/en\/wp-json\/wp\/v2\/posts\/1875\/revisions"}],"wp:featuredmedia":[{"embeddable":true,"href":"https:\/\/www.geopolitics.fr\/en\/wp-json\/wp\/v2\/media\/1876"}],"wp:attachment":[{"href":"https:\/\/www.geopolitics.fr\/en\/wp-json\/wp\/v2\/media?parent=1875"}],"wp:term":[{"taxonomy":"category","embeddable":true,"href":"https:\/\/www.geopolitics.fr\/en\/wp-json\/wp\/v2\/categories?post=1875"},{"taxonomy":"post_tag","embeddable":true,"href":"https:\/\/www.geopolitics.fr\/en\/wp-json\/wp\/v2\/tags?post=1875"}],"curies":[{"name":"wp","href":"https:\/\/api.w.org\/{rel}","templated":true}]}}