{"id":1847,"date":"2024-01-08T09:44:07","date_gmt":"2024-01-08T08:44:07","guid":{"rendered":"https:\/\/www.geopolitics.fr\/?p=1847"},"modified":"2024-03-26T23:35:26","modified_gmt":"2024-03-26T22:35:26","slug":"rechauffement-france-maroc","status":"publish","type":"post","link":"https:\/\/www.geopolitics.fr\/en\/2024\/01\/08\/rechauffement-france-maroc\/","title":{"rendered":"R\u00e9chauffement France-Maroc : encore un effort !"},"content":{"rendered":"<p class=\"wp-block-paragraph\"><em>Val\u00e9rie Morales Attias est r\u00e9sidente au Maroc, journaliste et auteur, elle est enseignante \u00e0 l&rsquo;Ecole Sup\u00e9rieure de Journalisme de Paris<\/em><\/p>\n\n\n\n<h3 class=\"wp-block-heading\" id=\"h-les-relations-entre-les-deux-pays-ont-subi-ces-dernieres-annees-des-crises-profondes-si-quelques-eclaircies-laissent-aujourd-hui-augurer-d-un-climat-plus-apaise-un-soutien-reaffirme-sur-le-sahara-scellerait-une-veritable-reconciliation\"><strong>Les relations entre les deux pays ont subi ces derni\u00e8res ann\u00e9es des crises profondes. Si quelques \u00e9claircies laissent aujourd&rsquo;hui augurer d&rsquo;un climat plus apais\u00e9, un soutien r\u00e9affirm\u00e9 sur le Sahara scellerait une v\u00e9ritable r\u00e9conciliation.<\/strong><\/h3>\n\n\n\n<h4 class=\"wp-block-heading\" id=\"h-en-meme-temps-tout-s-est-casse\"><strong>\u00ab\u00a0En m\u00eame temps\u00a0\u00bb, tout s&rsquo;est cass\u00e9<\/strong><\/h4>\n\n\n\n<p class=\"has-medium-font-size wp-block-paragraph\">Depuis une dizaine d&rsquo;ann\u00e9es, la diplomatie entre la France et le Maroc a oscill\u00e9 entre courtoisie r\u00e9ciproque et f\u00e2cheries passag\u00e8res. Ces rapports compliqu\u00e9s ont pris un nouveau tournant, plus incisif, d\u00e8s 2017. Tout semblait bien s&rsquo;annoncer quand, \u00e0 peine trois mois apr\u00e8s son investiture, le Pr\u00e9sident Macron se rendait \u00e0 Rabat. Les observateurs y ont vu l\u00e0 une fa\u00e7on bien sympathique d&rsquo;annoncer l&rsquo;importance que rev\u00eatait le Maroc \u00e0 ses yeux. Pourtant, apr\u00e8s cette visite si importante pour le Royaume, s&rsquo;ensuivit presque imm\u00e9diatement l&rsquo;amorce d&rsquo;une politique de rapprochement du Pr\u00e9sident fran\u00e7ais avec Alger. Ce \u00ab\u00a0en m\u00eame temps\u00a0\u00bb conceptuel du Pr\u00e9sident fran\u00e7ais a beaucoup agac\u00e9 Rabat dont les relations diplomatiques avec l&rsquo;Alg\u00e9rie sont inexistantes depuis 2021, Alger ayant rompu celles-ci autour de la question du statut du Sahara. Ces liens entretenus par la France avec l&rsquo;Alg\u00e9rie ont alors provoqu\u00e9 un recul significatif du Maroc, choqu\u00e9 par les d\u00e9clarations de l&rsquo;\u00c9lys\u00e9e insistant sur&nbsp;<em>\u00ab\u00a0les destins li\u00e9s\u00a0\u00bb <\/em>de l&rsquo;Alg\u00e9rie et de la France, ainsi que sur les<em>\u00a0\u00bb liens humains inestimables\u00a0\u00bb<\/em>&nbsp;tiss\u00e9s \u00e0 travers le temps\u2026<\/p>\n\n\n\n<p class=\"has-medium-font-size wp-block-paragraph\">Ces relations d\u00e9grad\u00e9es entre les deux pays, encha\u00eenement de maladresses diplomatiques et de vexations profondes, l&rsquo;\u00c9lys\u00e9e ne tient pas \u00e0 les prendre en compte et refuse d&rsquo;\u00e9voquer une crise diplomatique avec le Maroc. Pourtant, \u00e0 ce moment, rien ne va plus. Depuis mars 2023<strong>, <\/strong>il est clair que les tensions continuent de s&rsquo;accro\u00eetre entre Paris et Rabat. On en veut pour preuve la r\u00e9ponse cinglante des autorit\u00e9s marocaines \u00e0 Emmanuel Macron, qui affirmait que sa relation avec Mohammed VI \u00e9tait <em>\u00ab\u00a0amicale\u00a0\u00bb<\/em>. Le 2 mars, la presse du Royaume s&rsquo;\u00e9tait alors empress\u00e9e de rapporter les propos de l&rsquo;entourage du roi, insistant sur le fait que&nbsp;<em>\u00ab\u00a0Nos relations ne sont ni bonnes ni amicales\u00a0\u00bb<\/em>. Voil\u00e0 qui a le m\u00e9rite d&rsquo;\u00eatre clair.<\/p>\n\n\n\n<h4 class=\"wp-block-heading\" id=\"h-pression-sur-les-pays-du-maghreb\"><strong>Pression sur les pays du Maghreb<\/strong><\/h4>\n\n\n\n<p class=\"has-medium-font-size wp-block-paragraph\">D&rsquo;autres crises ont marqu\u00e9 ces derni\u00e8res ann\u00e9es, dont celle des visas. Tout a commenc\u00e9 \u00e0 l&rsquo;automne 2021 quand la France a annonc\u00e9 sa volont\u00e9 de r\u00e9duire de mani\u00e8re drastique le nombre de visas accord\u00e9s aux voyageurs marocains. Leur nombre a \u00e9t\u00e9 divis\u00e9 par deux, tout comme pour les Alg\u00e9riens et les Tunisiens. Il s&rsquo;agissait pour Paris de mettre la pression sur les pays du Maghreb. Le Maroc est clairement en premi\u00e8re ligne. On lui reproche de freiner l&rsquo;accueil sur son sol de ses ressortissants en situation irr\u00e9guli\u00e8re, vis\u00e9s par des expulsions du territoire fran\u00e7ais. En ne fournissant qu&rsquo;un nombre tr\u00e8s r\u00e9duit des documents n\u00e9cessaires \u00e0 leur rapatriement, le Royaume aurait sciemment gel\u00e9 ces proc\u00e9dures. Paris, de son c\u00f4t\u00e9, assumait sa volont\u00e9 de mettre la pression sur ses voisins m\u00e9diterran\u00e9ens afin qu&rsquo;ils accentuent leur coop\u00e9ration en mati\u00e8re de gestion des flux migratoires. Ces tensions ont fini par s&rsquo;apaiser apr\u00e8s l&rsquo;intervention en d\u00e9cembre dernier de la ministre des Affaires \u00e9trang\u00e8res, Catherine Colonna. <em>&nbsp;\u00ab\u00a0Nous avons pris les mesures, avec nos partenaires marocains, pour restaurer une relation consulaire normale\u00a0\u00bb<\/em>, a assur\u00e9 celle-ci. En r\u00e9ponse, Rabat a salu\u00e9 cette nouvelle orientation qui allait <em>\u00ab\u00a0dans le bon sens\u00a0\u00bb<\/em>.&nbsp;<\/p>\n\n\n\n<h4 class=\"wp-block-heading\" id=\"h-les-scandales-pegasus\"><strong>Les scandales Pegasus<\/strong><\/h4>\n\n\n\n<p class=\"has-medium-font-size wp-block-paragraph\">Une autre affaire n&rsquo;a pas manqu\u00e9 ces derni\u00e8res ann\u00e9es de compliquer les relations entre la France et le Maroc. Nous sommes en 2019, \u00e0 un moment de statut quo entre les deux pays, quand la presse internationale cr\u00e9\u00e9 un scandale diplomatique en r\u00e9v\u00e9lant une affaire d&rsquo;espionnage inattendue impliquant, selon les sp\u00e9cialistes, la surveillance de quelques 50.000 personnes \u00e0 travers le monde (femmes et hommes politiques, journalistes, militants des droits humains, etc.), dont Emmanuel Macron, lui-m\u00eame, par le biais d&rsquo;un logiciel espion nomm\u00e9 Pegasus, mis au point par une soci\u00e9t\u00e9 isra\u00e9lienne. Plusieurs gouvernements ont \u00e9t\u00e9 mis en cause, dont celui du Maroc.&nbsp;Dans le Royaume, cette accusation d&rsquo;espionnage ne passe pas :&nbsp;<em>\u00ab\u00a0L\u2019implication des m\u00e9dias et de certains milieux fran\u00e7ais dans la gen\u00e8se et la promotion de l\u2019affaire Pegasus ne pouvait pas se faire sans une implication des autorit\u00e9s fran\u00e7aises\u00a0\u00bb<\/em>, glisse \u00e0 <em>Jeune Afrique<\/em>&nbsp;une source diplomatique marocaine. Pourtant, malgr\u00e9 les intemp\u00e9ries, les liens singuliers entre la France et le Maroc restent solides. <strong><\/strong><\/p>\n\n\n\n<h4 class=\"wp-block-heading\" id=\"h-enfin-le-degel\"><strong>Enfin, le d\u00e9gel<\/strong><\/h4>\n\n\n\n<p class=\"has-medium-font-size wp-block-paragraph\">Contre toute attente, la fin de l&rsquo;ann\u00e9e 2023 a \u00e9t\u00e9 le t\u00e9moin du r\u00e9chauffement entre les deux pays. Quelles en sont les principales raisons ?&nbsp; Selon Hasni Abidi, directeur du Centre d\u2019\u00e9tudes et de recherche sur le monde arabe et la M\u00e9diterran\u00e9e \u00e0 Gen\u00e8ve, <em>\u00ab\u00a0le difficile rapprochement entre Paris et Alger explique en grande partie l\u2019actuel apaisement avec Rabat. Pour Paris, son voisin alg\u00e9rien disposait de nombreux atouts comme sa proximit\u00e9 avec<\/em><em> les pays du Sahel. <\/em><em>Mais faute de pouvoir renouer avec le g\u00e9ant africain, Macron fait de nouveau les yeux doux \u00e0 son rival, le Maroc.\u00a0\u00bb <\/em>Pour nombre d&rsquo;observateurs marocains, le pr\u00e9sident Emmanuel Macron s\u2019est rendu \u00e0 l\u2019\u00e9vidence : <em>\u00a0\u00bb il est impossible aujourd&rsquo;hui de r\u00e9concilier la France avec l\u2019Alg\u00e9rie<\/em>.\u00a0\u00bb Pour chacun, le Pr\u00e9sident d\u00e9sire retisser les liens avec Rabat. Une <em>\u00ab\u00a0mise en sc\u00e8ne \u00a0\u00bb <\/em>parfaitement orchestr\u00e9e par Paris, selon Hasni Abidi, en r\u00e9f\u00e9rence au mea culpa entrepris par l&rsquo;ambassadeur de France au Maroc, Christophe Lecourtier. Dans la presse marocaine : \u00ab\u00a0<em>Quel g\u00e2chis de notre part\u00a0\u00bb<\/em> a d\u00e9clar\u00e9 celui-ci, regrettant la dure politique des visas si difficilement accord\u00e9s en 2021. La d\u00e9tente semble donc s&rsquo;installer de nouveau entre les deux diplomaties, reposant en grande partie sur \u00ab\u00a0l&rsquo;impossible\u00a0\u00bb rapprochement entre la France et l&rsquo;Alg\u00e9rie. Mais Christophe Lecourtier a une autre explication. Il pr\u00e9cise que l&rsquo;injuste restriction sur les visas, lev\u00e9e depuis pr\u00e8s d&rsquo;une ann\u00e9e, est une politique qui a <em>\u00ab\u00a0profond\u00e9ment ab\u00eem\u00e9 et l\u2019image et l\u2019influence de la France. On ne g\u00e8re pas une relation aussi intime que celle entre la France et le Maroc avec des statistiques\u00a0\u00bb.<\/em> Ces propos du diplomate ont \u00e9t\u00e9 appr\u00e9ci\u00e9s au Maroc \u00e0 leur juste valeur. D&rsquo;autant que les int\u00e9r\u00eats strat\u00e9giques entre les deux pays, \u00e9conomiques et politiques, sont nombreux. Autre signe positif : le retour d&rsquo;un ambassadeur du Maroc en France. Rest\u00e9 vacant pendant une ann\u00e9e apr\u00e8s le d\u00e9part du pr\u00e9c\u00e9dent diplomate, Mohamed Bencha\u00e2boun, le poste est aujourd&rsquo;hui occup\u00e9 par la pertinente Samira Sita\u00efl, ancienne directrice de l&rsquo;information sur la t\u00e9l\u00e9vision publique 2M. Premi\u00e8re femme \u00e0 ce poste, elle est \u00e9galement connue pour son franc-parler. &nbsp;<\/p>\n\n\n\n<h4 class=\"wp-block-heading\" id=\"h-le-dossier-du-sahara-en-cours-de-resolution\"><strong>Le dossier du Sahara en cours de r\u00e9solution ?<\/strong><\/h4>\n\n\n\n<p class=\"has-text-align-left has-medium-font-size wp-block-paragraph\">La question du Sahara marocain est fondamentale pour le Royaume. Elle repr\u00e9sente le point le plus important de sa diplomatie dans le monde. En vrai, ce dossier pourrait bien \u00eatre le principal reproche qu&rsquo;adresse Rabat \u00e0 Paris pour ne pas s&rsquo;\u00eatre align\u00e9 clairement sur les Etats-Unis, l\u2019Espagne, l\u2019Allemagne et Isra\u00ebl. <em>\u00ab\u00a0La seule d\u00e9cision qui assurerait la stabilit\u00e9 et la prosp\u00e9rit\u00e9 de l&rsquo;ensemble de la r\u00e9gion. Cette d\u00e9cision \u00e9tant la reconnaissance de la souverainet\u00e9 du Maroc sur son Sahara.\u00a0\u00bb<\/em> Pr\u00e9cise la presse marocaine intarissable sur le sujet. Emmanuel Macron a refus\u00e9 jusqu&rsquo;\u00e0 maintenant d&rsquo;op\u00e9rer le moindre changement sur ce point. Preuve en est le silence total sur ce th\u00e8me du Pr\u00e9sident fran\u00e7ais lors de ses interventions publiques. Plusieurs explications possibles \u00e0 cela : on parle beaucoup au Maroc de la d\u00e9ception fran\u00e7aise de voir les nouvelles alliances r\u00e9gionales et internationales du Maroc prendre une direction qui ne vont pas dans le sens des int\u00e9r\u00eats fran\u00e7ais. L&rsquo;exemple le plus \u00e9voqu\u00e9 est celui de la forte &nbsp;dynamique diplomatique, politique et \u00e9conomique du Maroc d\u00e9ploy\u00e9e en Afrique, traditionnellement zone d\u2019influence fran\u00e7aise.<\/p>\n\n\n\n<p class=\"has-medium-font-size wp-block-paragraph\">Cependant, malgr\u00e9 les divergences r\u00e9elles et les interpr\u00e9tations al\u00e9atoires, le nouvel ambassadeur de France, Christophe Lecourtier a r\u00e9affirm\u00e9 il y a peu sur la cha\u00eene publique marocaine, le soutien de la France &nbsp;au plan d&rsquo;autonomie marocain pour le Sahara. <em>\u00ab Nous serons un alli\u00e9 constant, fid\u00e8le, cr\u00e9atif, dynamique, de ce que le Maroc entreprend et poursuit \u00bb,<\/em> a-t-il pr\u00e9cis\u00e9<em>. \u00ab On va accompagner (\u2026) les prochaines \u00e9tapes pour que ce plan puisse \u00eatre partag\u00e9 \u00e0 l\u2019\u00e9chelle internationale. \u00bb<\/em> a-t-il d\u00e9clar\u00e9 r\u00e9cemment. S&rsquo;il est acquis que la France a soutenu la position marocaine \u00e0 l&rsquo;ONU, les nouvelles perspectives sont plus prometteuses pour le Maroc sur son objectif principal. Le soutien fran\u00e7ais pourrait monter d&rsquo;un cran d&rsquo;apr\u00e8s Christophe Lecourtier. Une reprise des n\u00e9gociations bilat\u00e9rales entre les deux Etats au sujet du Sahara serait enfin d&rsquo;actualit\u00e9<\/p>","protected":false},"excerpt":{"rendered":"<p>Val\u00e9rie Morales Attias est r\u00e9sidente au Maroc, journaliste et auteur, elle est enseignante \u00e0 l&rsquo;Ecole Sup\u00e9rieure de Journalisme de Paris Les relations&hellip;<\/p>","protected":false},"author":14,"featured_media":1849,"comment_status":"open","ping_status":"open","sticky":false,"template":"","format":"standard","meta":{"_lmt_disableupdate":"","_lmt_disable":"","footnotes":""},"categories":[5],"tags":[],"class_list":["post-1847","post","type-post","status-publish","format-standard","has-post-thumbnail","hentry","category-international"],"yoast_head":"<!-- This site is optimized with the Yoast SEO Premium plugin v28.1 (Yoast SEO v28.1) - https:\/\/yoast.com\/product\/yoast-seo-premium-wordpress\/ -->\n<title>R\u00e9chauffement France-Maroc : encore un effort ! | Geopolitics.fr<\/title>\n<meta name=\"robots\" content=\"index, follow, max-snippet:-1, max-image-preview:large, max-video-preview:-1\" \/>\n<link rel=\"canonical\" href=\"https:\/\/www.geopolitics.fr\/en\/2024\/01\/08\/rechauffement-france-maroc\/\" \/>\n<meta property=\"og:locale\" content=\"en_GB\" \/>\n<meta property=\"og:type\" content=\"article\" \/>\n<meta property=\"og:title\" content=\"R\u00e9chauffement France-Maroc : encore un effort !\" \/>\n<meta property=\"og:description\" content=\"Val\u00e9rie Morales Attias est r\u00e9sidente au Maroc, journaliste et auteur, elle est enseignante \u00e0 l&rsquo;Ecole Sup\u00e9rieure de Journalisme de Paris Les relations&hellip;\" \/>\n<meta property=\"og:url\" content=\"https:\/\/www.geopolitics.fr\/en\/2024\/01\/08\/rechauffement-france-maroc\/\" \/>\n<meta property=\"og:site_name\" content=\"Geopolitics.fr\" \/>\n<meta property=\"article:publisher\" content=\"https:\/\/www.facebook.com\/people\/Erwan-Davoux\/61557098968092\/\" \/>\n<meta property=\"article:published_time\" content=\"2024-01-08T08:44:07+00:00\" \/>\n<meta property=\"article:modified_time\" content=\"2024-03-26T22:35:26+00:00\" \/>\n<meta property=\"og:image\" content=\"https:\/\/www.geopolitics.fr\/wp-content\/uploads\/2024\/01\/france-maroc-1.jpg\" \/>\n\t<meta property=\"og:image:width\" content=\"612\" \/>\n\t<meta property=\"og:image:height\" content=\"343\" \/>\n\t<meta property=\"og:image:type\" content=\"image\/jpeg\" \/>\n<meta name=\"author\" content=\"Valerie Morales Attias\" \/>\n<meta name=\"twitter:card\" content=\"summary_large_image\" \/>\n<meta name=\"twitter:creator\" content=\"@Geopolitics_Fr\" \/>\n<meta name=\"twitter:site\" content=\"@Geopolitics_Fr\" \/>\n<meta name=\"twitter:label1\" content=\"Written by\" \/>\n\t<meta name=\"twitter:data1\" content=\"Valerie Morales Attias\" \/>\n\t<meta name=\"twitter:label2\" content=\"Estimated reading time\" \/>\n\t<meta name=\"twitter:data2\" content=\"8 minutes\" \/>\n<script type=\"application\/ld+json\" class=\"yoast-schema-graph\">{\"@context\":\"https:\\\/\\\/schema.org\",\"@graph\":[{\"@type\":\"Article\",\"@id\":\"https:\\\/\\\/www.geopolitics.fr\\\/2024\\\/01\\\/08\\\/rechauffement-france-maroc\\\/#article\",\"isPartOf\":{\"@id\":\"https:\\\/\\\/www.geopolitics.fr\\\/2024\\\/01\\\/08\\\/rechauffement-france-maroc\\\/\"},\"author\":{\"name\":\"Valerie Morales Attias\",\"@id\":\"https:\\\/\\\/www.geopolitics.fr\\\/#\\\/schema\\\/person\\\/2b73b2101df6ed1877dcb227a0be4a5d\"},\"headline\":\"R\u00e9chauffement France-Maroc : encore un effort !\",\"datePublished\":\"2024-01-08T08:44:07+00:00\",\"dateModified\":\"2024-03-26T22:35:26+00:00\",\"mainEntityOfPage\":{\"@id\":\"https:\\\/\\\/www.geopolitics.fr\\\/2024\\\/01\\\/08\\\/rechauffement-france-maroc\\\/\"},\"wordCount\":1578,\"commentCount\":0,\"publisher\":{\"@id\":\"https:\\\/\\\/www.geopolitics.fr\\\/#organization\"},\"image\":{\"@id\":\"https:\\\/\\\/www.geopolitics.fr\\\/2024\\\/01\\\/08\\\/rechauffement-france-maroc\\\/#primaryimage\"},\"thumbnailUrl\":\"https:\\\/\\\/www.geopolitics.fr\\\/wp-content\\\/uploads\\\/2024\\\/01\\\/france-maroc-1.jpg\",\"articleSection\":[\"International\"],\"inLanguage\":\"en-GB\"},{\"@type\":\"WebPage\",\"@id\":\"https:\\\/\\\/www.geopolitics.fr\\\/2024\\\/01\\\/08\\\/rechauffement-france-maroc\\\/\",\"url\":\"https:\\\/\\\/www.geopolitics.fr\\\/2024\\\/01\\\/08\\\/rechauffement-france-maroc\\\/\",\"name\":\"R\u00e9chauffement France-Maroc : encore un effort ! | Geopolitics.fr\",\"isPartOf\":{\"@id\":\"https:\\\/\\\/www.geopolitics.fr\\\/#website\"},\"primaryImageOfPage\":{\"@id\":\"https:\\\/\\\/www.geopolitics.fr\\\/2024\\\/01\\\/08\\\/rechauffement-france-maroc\\\/#primaryimage\"},\"image\":{\"@id\":\"https:\\\/\\\/www.geopolitics.fr\\\/2024\\\/01\\\/08\\\/rechauffement-france-maroc\\\/#primaryimage\"},\"thumbnailUrl\":\"https:\\\/\\\/www.geopolitics.fr\\\/wp-content\\\/uploads\\\/2024\\\/01\\\/france-maroc-1.jpg\",\"datePublished\":\"2024-01-08T08:44:07+00:00\",\"dateModified\":\"2024-03-26T22:35:26+00:00\",\"breadcrumb\":{\"@id\":\"https:\\\/\\\/www.geopolitics.fr\\\/2024\\\/01\\\/08\\\/rechauffement-france-maroc\\\/#breadcrumb\"},\"inLanguage\":\"en-GB\",\"potentialAction\":[{\"@type\":\"ReadAction\",\"target\":[\"https:\\\/\\\/www.geopolitics.fr\\\/2024\\\/01\\\/08\\\/rechauffement-france-maroc\\\/\"]}]},{\"@type\":\"ImageObject\",\"inLanguage\":\"en-GB\",\"@id\":\"https:\\\/\\\/www.geopolitics.fr\\\/2024\\\/01\\\/08\\\/rechauffement-france-maroc\\\/#primaryimage\",\"url\":\"https:\\\/\\\/www.geopolitics.fr\\\/wp-content\\\/uploads\\\/2024\\\/01\\\/france-maroc-1.jpg\",\"contentUrl\":\"https:\\\/\\\/www.geopolitics.fr\\\/wp-content\\\/uploads\\\/2024\\\/01\\\/france-maroc-1.jpg\",\"width\":612,\"height\":343,\"caption\":\"Morocco and France flag together realtions textile cloth fabric texture\"},{\"@type\":\"BreadcrumbList\",\"@id\":\"https:\\\/\\\/www.geopolitics.fr\\\/2024\\\/01\\\/08\\\/rechauffement-france-maroc\\\/#breadcrumb\",\"itemListElement\":[{\"@type\":\"ListItem\",\"position\":1,\"name\":\"Accueil\",\"item\":\"https:\\\/\\\/www.geopolitics.fr\\\/\"},{\"@type\":\"ListItem\",\"position\":2,\"name\":\"R\u00e9chauffement France-Maroc : encore un effort !\"}]},{\"@type\":\"WebSite\",\"@id\":\"https:\\\/\\\/www.geopolitics.fr\\\/#website\",\"url\":\"https:\\\/\\\/www.geopolitics.fr\\\/\",\"name\":\"Geopolitics.fr\",\"description\":\"Geopolitics.fr Analyse politique, relations internationales, d\u00e9fense - ligne \u00e9ditoriale gaullo-chiraquienne\",\"publisher\":{\"@id\":\"https:\\\/\\\/www.geopolitics.fr\\\/#organization\"},\"potentialAction\":[{\"@type\":\"SearchAction\",\"target\":{\"@type\":\"EntryPoint\",\"urlTemplate\":\"https:\\\/\\\/www.geopolitics.fr\\\/?s={search_term_string}\"},\"query-input\":{\"@type\":\"PropertyValueSpecification\",\"valueRequired\":true,\"valueName\":\"search_term_string\"}}],\"inLanguage\":\"en-GB\"},{\"@type\":\"Organization\",\"@id\":\"https:\\\/\\\/www.geopolitics.fr\\\/#organization\",\"name\":\"Geopolitics.fr\",\"url\":\"https:\\\/\\\/www.geopolitics.fr\\\/\",\"logo\":{\"@type\":\"ImageObject\",\"inLanguage\":\"en-GB\",\"@id\":\"https:\\\/\\\/www.geopolitics.fr\\\/#\\\/schema\\\/logo\\\/image\\\/\",\"url\":\"https:\\\/\\\/www.geopolitics.fr\\\/wp-content\\\/uploads\\\/2024\\\/01\\\/logo.jpg\",\"contentUrl\":\"https:\\\/\\\/www.geopolitics.fr\\\/wp-content\\\/uploads\\\/2024\\\/01\\\/logo.jpg\",\"width\":500,\"height\":500,\"caption\":\"Geopolitics.fr\"},\"image\":{\"@id\":\"https:\\\/\\\/www.geopolitics.fr\\\/#\\\/schema\\\/logo\\\/image\\\/\"},\"sameAs\":[\"https:\\\/\\\/www.facebook.com\\\/people\\\/Erwan-Davoux\\\/61557098968092\\\/\",\"https:\\\/\\\/x.com\\\/Geopolitics_Fr\"]},{\"@type\":\"Person\",\"@id\":\"https:\\\/\\\/www.geopolitics.fr\\\/#\\\/schema\\\/person\\\/2b73b2101df6ed1877dcb227a0be4a5d\",\"name\":\"Valerie Morales Attias\",\"image\":{\"@type\":\"ImageObject\",\"inLanguage\":\"en-GB\",\"@id\":\"https:\\\/\\\/www.geopolitics.fr\\\/wp-content\\\/uploads\\\/2024\\\/04\\\/cropped-valerie-mora-96x96.jpg\",\"url\":\"https:\\\/\\\/www.geopolitics.fr\\\/wp-content\\\/uploads\\\/2024\\\/04\\\/cropped-valerie-mora-96x96.jpg\",\"contentUrl\":\"https:\\\/\\\/www.geopolitics.fr\\\/wp-content\\\/uploads\\\/2024\\\/04\\\/cropped-valerie-mora-96x96.jpg\",\"caption\":\"Valerie Morales Attias\"},\"description\":\"N\u00e9e \u00e0 Oran, elle est journaliste et \u00e9crivain. Enseignante \u00e0 l'Ecole Sup\u00e9rieure de Journalisme de Paris - Ex Directrice g\u00e9n\u00e9rale de Luxe Radio \u00e0 Casablanca. - Elle est l'auteur de plusieurs romans publi\u00e9s au Maroc, en France et en Belgique, ainsi que d'un essai sur le Royaume du Maroc, publi\u00e9 en France aux Editions Descartes.\",\"url\":\"https:\\\/\\\/www.geopolitics.fr\\\/en\\\/author\\\/valerie-morales-attias\\\/\"}]}<\/script>\n<!-- \/ Yoast SEO Premium plugin. -->","yoast_head_json":{"title":"R\u00e9chauffement France-Maroc : encore un effort ! | Geopolitics.fr","robots":{"index":"index","follow":"follow","max-snippet":"max-snippet:-1","max-image-preview":"max-image-preview:large","max-video-preview":"max-video-preview:-1"},"canonical":"https:\/\/www.geopolitics.fr\/en\/2024\/01\/08\/rechauffement-france-maroc\/","og_locale":"en_GB","og_type":"article","og_title":"R\u00e9chauffement France-Maroc : encore un effort !","og_description":"Val\u00e9rie Morales Attias est r\u00e9sidente au Maroc, journaliste et auteur, elle est enseignante \u00e0 l&rsquo;Ecole Sup\u00e9rieure de Journalisme de Paris Les relations&hellip;","og_url":"https:\/\/www.geopolitics.fr\/en\/2024\/01\/08\/rechauffement-france-maroc\/","og_site_name":"Geopolitics.fr","article_publisher":"https:\/\/www.facebook.com\/people\/Erwan-Davoux\/61557098968092\/","article_published_time":"2024-01-08T08:44:07+00:00","article_modified_time":"2024-03-26T22:35:26+00:00","og_image":[{"width":612,"height":343,"url":"https:\/\/www.geopolitics.fr\/wp-content\/uploads\/2024\/01\/france-maroc-1.jpg","type":"image\/jpeg"}],"author":"Valerie Morales Attias","twitter_card":"summary_large_image","twitter_creator":"@Geopolitics_Fr","twitter_site":"@Geopolitics_Fr","twitter_misc":{"Written by":"Valerie Morales Attias","Estimated reading time":"8 minutes"},"schema":{"@context":"https:\/\/schema.org","@graph":[{"@type":"Article","@id":"https:\/\/www.geopolitics.fr\/2024\/01\/08\/rechauffement-france-maroc\/#article","isPartOf":{"@id":"https:\/\/www.geopolitics.fr\/2024\/01\/08\/rechauffement-france-maroc\/"},"author":{"name":"Valerie Morales Attias","@id":"https:\/\/www.geopolitics.fr\/#\/schema\/person\/2b73b2101df6ed1877dcb227a0be4a5d"},"headline":"R\u00e9chauffement France-Maroc : encore un effort !","datePublished":"2024-01-08T08:44:07+00:00","dateModified":"2024-03-26T22:35:26+00:00","mainEntityOfPage":{"@id":"https:\/\/www.geopolitics.fr\/2024\/01\/08\/rechauffement-france-maroc\/"},"wordCount":1578,"commentCount":0,"publisher":{"@id":"https:\/\/www.geopolitics.fr\/#organization"},"image":{"@id":"https:\/\/www.geopolitics.fr\/2024\/01\/08\/rechauffement-france-maroc\/#primaryimage"},"thumbnailUrl":"https:\/\/www.geopolitics.fr\/wp-content\/uploads\/2024\/01\/france-maroc-1.jpg","articleSection":["International"],"inLanguage":"en-GB"},{"@type":"WebPage","@id":"https:\/\/www.geopolitics.fr\/2024\/01\/08\/rechauffement-france-maroc\/","url":"https:\/\/www.geopolitics.fr\/2024\/01\/08\/rechauffement-france-maroc\/","name":"R\u00e9chauffement France-Maroc : encore un effort ! | Geopolitics.fr","isPartOf":{"@id":"https:\/\/www.geopolitics.fr\/#website"},"primaryImageOfPage":{"@id":"https:\/\/www.geopolitics.fr\/2024\/01\/08\/rechauffement-france-maroc\/#primaryimage"},"image":{"@id":"https:\/\/www.geopolitics.fr\/2024\/01\/08\/rechauffement-france-maroc\/#primaryimage"},"thumbnailUrl":"https:\/\/www.geopolitics.fr\/wp-content\/uploads\/2024\/01\/france-maroc-1.jpg","datePublished":"2024-01-08T08:44:07+00:00","dateModified":"2024-03-26T22:35:26+00:00","breadcrumb":{"@id":"https:\/\/www.geopolitics.fr\/2024\/01\/08\/rechauffement-france-maroc\/#breadcrumb"},"inLanguage":"en-GB","potentialAction":[{"@type":"ReadAction","target":["https:\/\/www.geopolitics.fr\/2024\/01\/08\/rechauffement-france-maroc\/"]}]},{"@type":"ImageObject","inLanguage":"en-GB","@id":"https:\/\/www.geopolitics.fr\/2024\/01\/08\/rechauffement-france-maroc\/#primaryimage","url":"https:\/\/www.geopolitics.fr\/wp-content\/uploads\/2024\/01\/france-maroc-1.jpg","contentUrl":"https:\/\/www.geopolitics.fr\/wp-content\/uploads\/2024\/01\/france-maroc-1.jpg","width":612,"height":343,"caption":"Morocco and France flag together realtions textile cloth fabric texture"},{"@type":"BreadcrumbList","@id":"https:\/\/www.geopolitics.fr\/2024\/01\/08\/rechauffement-france-maroc\/#breadcrumb","itemListElement":[{"@type":"ListItem","position":1,"name":"Accueil","item":"https:\/\/www.geopolitics.fr\/"},{"@type":"ListItem","position":2,"name":"R\u00e9chauffement France-Maroc : encore un effort !"}]},{"@type":"WebSite","@id":"https:\/\/www.geopolitics.fr\/#website","url":"https:\/\/www.geopolitics.fr\/","name":"Geopolitics.fr","description":"Geopolitics.fr Analyse politique, relations internationales, d\u00e9fense - ligne \u00e9ditoriale gaullo-chiraquienne","publisher":{"@id":"https:\/\/www.geopolitics.fr\/#organization"},"potentialAction":[{"@type":"SearchAction","target":{"@type":"EntryPoint","urlTemplate":"https:\/\/www.geopolitics.fr\/?s={search_term_string}"},"query-input":{"@type":"PropertyValueSpecification","valueRequired":true,"valueName":"search_term_string"}}],"inLanguage":"en-GB"},{"@type":"Organization","@id":"https:\/\/www.geopolitics.fr\/#organization","name":"Geopolitics.fr","url":"https:\/\/www.geopolitics.fr\/","logo":{"@type":"ImageObject","inLanguage":"en-GB","@id":"https:\/\/www.geopolitics.fr\/#\/schema\/logo\/image\/","url":"https:\/\/www.geopolitics.fr\/wp-content\/uploads\/2024\/01\/logo.jpg","contentUrl":"https:\/\/www.geopolitics.fr\/wp-content\/uploads\/2024\/01\/logo.jpg","width":500,"height":500,"caption":"Geopolitics.fr"},"image":{"@id":"https:\/\/www.geopolitics.fr\/#\/schema\/logo\/image\/"},"sameAs":["https:\/\/www.facebook.com\/people\/Erwan-Davoux\/61557098968092\/","https:\/\/x.com\/Geopolitics_Fr"]},{"@type":"Person","@id":"https:\/\/www.geopolitics.fr\/#\/schema\/person\/2b73b2101df6ed1877dcb227a0be4a5d","name":"Valerie Morales Attias","image":{"@type":"ImageObject","inLanguage":"en-GB","@id":"https:\/\/www.geopolitics.fr\/wp-content\/uploads\/2024\/04\/cropped-valerie-mora-96x96.jpg","url":"https:\/\/www.geopolitics.fr\/wp-content\/uploads\/2024\/04\/cropped-valerie-mora-96x96.jpg","contentUrl":"https:\/\/www.geopolitics.fr\/wp-content\/uploads\/2024\/04\/cropped-valerie-mora-96x96.jpg","caption":"Valerie Morales Attias"},"description":"N\u00e9e \u00e0 Oran, elle est journaliste et \u00e9crivain. Enseignante \u00e0 l'Ecole Sup\u00e9rieure de Journalisme de Paris - Ex Directrice g\u00e9n\u00e9rale de Luxe Radio \u00e0 Casablanca. - Elle est l'auteur de plusieurs romans publi\u00e9s au Maroc, en France et en Belgique, ainsi que d'un essai sur le Royaume du Maroc, publi\u00e9 en France aux Editions Descartes.","url":"https:\/\/www.geopolitics.fr\/en\/author\/valerie-morales-attias\/"}]}},"_links":{"self":[{"href":"https:\/\/www.geopolitics.fr\/en\/wp-json\/wp\/v2\/posts\/1847","targetHints":{"allow":["GET"]}}],"collection":[{"href":"https:\/\/www.geopolitics.fr\/en\/wp-json\/wp\/v2\/posts"}],"about":[{"href":"https:\/\/www.geopolitics.fr\/en\/wp-json\/wp\/v2\/types\/post"}],"author":[{"embeddable":true,"href":"https:\/\/www.geopolitics.fr\/en\/wp-json\/wp\/v2\/users\/14"}],"replies":[{"embeddable":true,"href":"https:\/\/www.geopolitics.fr\/en\/wp-json\/wp\/v2\/comments?post=1847"}],"version-history":[{"count":0,"href":"https:\/\/www.geopolitics.fr\/en\/wp-json\/wp\/v2\/posts\/1847\/revisions"}],"wp:featuredmedia":[{"embeddable":true,"href":"https:\/\/www.geopolitics.fr\/en\/wp-json\/wp\/v2\/media\/1849"}],"wp:attachment":[{"href":"https:\/\/www.geopolitics.fr\/en\/wp-json\/wp\/v2\/media?parent=1847"}],"wp:term":[{"taxonomy":"category","embeddable":true,"href":"https:\/\/www.geopolitics.fr\/en\/wp-json\/wp\/v2\/categories?post=1847"},{"taxonomy":"post_tag","embeddable":true,"href":"https:\/\/www.geopolitics.fr\/en\/wp-json\/wp\/v2\/tags?post=1847"}],"curies":[{"name":"wp","href":"https:\/\/api.w.org\/{rel}","templated":true}]}}