{"id":1753,"date":"2024-01-08T09:42:49","date_gmt":"2024-01-08T08:42:49","guid":{"rendered":"https:\/\/www.geopolitics.fr\/?p=1753"},"modified":"2024-03-26T23:41:11","modified_gmt":"2024-03-26T22:41:11","slug":"le-retour-de-lile-monde-vae-victis","status":"publish","type":"post","link":"https:\/\/www.geopolitics.fr\/en\/2024\/01\/08\/le-retour-de-lile-monde-vae-victis\/","title":{"rendered":"Le retour de l&rsquo;\u00eele monde &#8211; Vae Victis (1\/2)"},"content":{"rendered":"\n<p class=\"wp-block-paragraph\">\u00a0\u00ab\u00a0<em>Aggripa\u00a0\u00bb est titulaire d\u2019un troisi\u00e8me cycle en g\u00e9opolitique de l\u2019ENS. Il exerce depuis plus de trente ans des fonctions de direction au service des \u00e9lus, ce qui en fait un observateur averti de la\u00a0vie\u00a0politique fran\u00e7aise et de la marche du monde.\u00a0\u00a0<\/em><\/p>\n\n\n\n<figure class=\"wp-block-image size-large\"><img fetchpriority=\"high\" decoding=\"async\" width=\"1024\" height=\"447\" src=\"https:\/\/www.geopolitics.fr\/wp-content\/uploads\/2024\/01\/ile-monde-article-1024x447.png\" alt=\"\" class=\"wp-image-1931\" srcset=\"https:\/\/www.geopolitics.fr\/wp-content\/uploads\/2024\/01\/ile-monde-article-1024x447.png 1024w, https:\/\/www.geopolitics.fr\/wp-content\/uploads\/2024\/01\/ile-monde-article-600x262.png 600w, https:\/\/www.geopolitics.fr\/wp-content\/uploads\/2024\/01\/ile-monde-article-300x131.png 300w, https:\/\/www.geopolitics.fr\/wp-content\/uploads\/2024\/01\/ile-monde-article-768x335.png 768w, https:\/\/www.geopolitics.fr\/wp-content\/uploads\/2024\/01\/ile-monde-article-1170x511.png 1170w, https:\/\/www.geopolitics.fr\/wp-content\/uploads\/2024\/01\/ile-monde-article-585x255.png 585w, https:\/\/www.geopolitics.fr\/wp-content\/uploads\/2024\/01\/ile-monde-article.png 1349w\" sizes=\"(max-width: 1024px) 100vw, 1024px\" \/><\/figure>\n\n\n\n<p class=\"wp-block-paragraph\">Apr\u00e8s avoir pill\u00e9&nbsp;<strong>Rome<\/strong>&nbsp;en 390 av. J.-C. et assi\u00e9g\u00e9, sans succ\u00e8s \u00e0 cause d\u2019une sombre histoire d\u2019oies, ce qu\u2019il restait de ses habitants r\u00e9fugi\u00e9s sur le Capitole,&nbsp;<strong>Brennus<\/strong>, chef de l\u2019exp\u00e9dition des S\u00e9nons, accepta de lever le si\u00e8ge en \u00e9change d\u2019un tribut de mille livres d\u2019or. Constatant que les poids gaulois \u00e9taient faux, les Romains vinrent s\u2019en plaindre \u00e0&nbsp;<strong>Brennus<\/strong>&nbsp;qui pour toute r\u00e9ponse, ajouta son \u00e9p\u00e9e et son baudrier dans la balance en s\u2019\u00e9criant \u00ab&nbsp;Vae Victis&nbsp;\u00bb<a href=\"#_edn1\" id=\"_ednref1\">[i]<\/a>&nbsp;<em>malheur aux vaincus<\/em>.<\/p>\n\n\n\n<p class=\"wp-block-paragraph\">Ce premier des nombreux adages \u00e0 venir en g\u00e9opolitique ne s\u2019est jamais d\u00e9menti au fil des si\u00e8cles. Les Villes-\u00c9tats de l\u2019antiquit\u00e9, pas plus que nos nations modernes, ne font de sentiments. En ce domaine comme dans bien d\u2019autres, l\u2019int\u00e9r\u00eat du plus fort prime toujours sur celui du plus faible. Il faut en prendre son parti et se ranger du c\u00f4t\u00e9 o\u00f9 penche la balance. C\u2019est le principe cynique de la marche des nations. Ce fait largement \u00e9tabli ne trouble que les \u00ab&nbsp;id\u00e9alistes&nbsp;\u00bb. Pour eux, les fronti\u00e8res sont les obstacles \u00e0 l\u2019amour universel et leur abolition, la solution \u00e0 tous les probl\u00e8mes. Rejetant une r\u00e9alit\u00e9 non conforme \u00e0 leurs souhaits, ils trouvent refuge dans leurs r\u00eaves peupl\u00e9s de \u00ab&nbsp;<em>citoyens du monde&nbsp;<\/em>\u00bb. Refusant de voir que seule une minorit\u00e9 de privil\u00e9gi\u00e9s par la fortune ont les moyens de se revendiquer comme tels\u2026.<\/p>\n\n\n\n<p class=\"has-medium-font-size wp-block-paragraph\"><strong>La fin d\u2019un monde<\/strong><\/p>\n\n\n\n<p class=\"wp-block-paragraph\">En ces temps de crise \u00e9conomique majeure, jamais le repli sur soi n\u2019a eu plus d\u2019avenir. En effet, c\u2019est dans le cadre national que s\u2019exerce naturellement la protection que chacun requiert de son gouvernement. S\u2019il ne la re\u00e7oit pas, c\u2019est au sein de cet ensemble g\u00e9opolitique que se m\u00e8nera la r\u00e9volution pour l\u2019obtenir. Pour born\u00e9s qu\u2019ils soient, les politiciens, d\u00e9mocrates et autocrates confondus, le savent tr\u00e8s bien. Si rien ne s\u2019am\u00e9liore, ne doutons pas du retour des recettes \u00e9prouv\u00e9es du protectionnisme et de la guerre nationale comme exutoire \u00e0 la crise.<\/p>\n\n\n\n<p class=\"wp-block-paragraph\">La temp\u00eate \u00e9conomique qui s\u2019est lev\u00e9e en 2021 sur le monde ne s\u2019ach\u00e8vera pas avec la r\u00e9solution de la guerre en Ukraine, quel qu\u2019en soit le vainqueur. Le syst\u00e8me \u00e9conomique mondial au bord de l\u2019implosion a \u00e9t\u00e9 sauv\u00e9 in extremis par les \u00c9tats qui ont, ce faisant, nationalis\u00e9 la dette et d\u00e9plac\u00e9 la sp\u00e9culation vers des budgets nationaux d\u00e9j\u00e0 d\u00e9ficitaires depuis trois d\u00e9cennies.<\/p>\n\n\n\n<p class=\"wp-block-paragraph\">L\u2019\u00e9conomie mondiale tourne autour de \u00ab&nbsp;l\u2019hyper-puissance&nbsp;\u00bb am\u00e9ricaine, ce n\u2019est un secret pour personne. Or le postulat qui pr\u00e9side \u00e0 cette h\u00e9g\u00e9monie am\u00e9ricaine repose sur des bases fragiles pouvant \u00eatre remises en question par les choix op\u00e9r\u00e9s sous nos yeux par l\u2019Administration Biden. Si la vitalit\u00e9 \u00e9conomique am\u00e9ricaine est touch\u00e9e par ses r\u00e9formes, l\u2019\u00e9difice s\u2019effondre et les cartes sont redistribu\u00e9es. O\u00f9 ira donc s\u2019investir la masse des capitaux lib\u00e9r\u00e9s par la mondialisation des \u00e9changes&nbsp;?<\/p>\n\n\n\n<p class=\"wp-block-paragraph\">Cette question \u00e9conomique, cruciale pour le devenir de nos soci\u00e9t\u00e9s dop\u00e9es \u00e0 la dette, commandera directement l\u2019avenir de la paix dans le monde. Des choix strat\u00e9giques se dessinent, essayons de les cerner.<strong><br><\/strong><\/p>\n\n\n\n<p class=\"has-medium-font-size wp-block-paragraph\"><strong>Vers un nouvel ordre mondial&nbsp;?<\/strong><\/p>\n\n\n\n<p class=\"wp-block-paragraph\">Depuis l\u2019\u00e9chec du blocus continental et de Napol\u00e9on Bonaparte, les puissances maritimes dominent le monde. Carthage l\u2019a emport\u00e9 sur Rome, l\u2019<strong>Angleterre,<\/strong> puis \u00e0 sa suite les&nbsp;<strong>\u00c9tats-Unis,<\/strong>&nbsp;sont les parrains d\u2019une \u00e9conomie mondialis\u00e9e par les liaisons oc\u00e9aniques.<\/p>\n\n\n\n<p class=\"wp-block-paragraph\">\u00c0 la fin du XIXe si\u00e8cle, alors que la puissance anglaise est \u00e0 son apog\u00e9e,&nbsp;<strong>Halford Mackinder,&nbsp;<\/strong>le fondateur de l\u2019\u00e9cole de g\u00e9ographie d\u2019Oxford et de la London School of Economics, s\u2019interroge sur la p\u00e9rennit\u00e9 de cet \u00e9tat de fait. Il \u00e9tablit, en deux temps (1904 et 1919), sa th\u00e9orie selon laquelle l\u2019histoire de l\u2019Europe se confond avec celle de l\u2019Asie. C\u2019est de l\u00e0 que partent les grandes migrations qui pr\u00e9cipitent la fin de l\u2019Antiquit\u00e9 en Occident. Des forces suffisamment puissantes pour bouleverser les acquis, mais pas assez fortes pour ne laisser que chaos et ruines. L\u2019<strong>Europe,<\/strong>&nbsp;\u00e0 l\u2019instar de la Chine, assimile ses conqu\u00e9rants, puis se remet sur pied, et finit par dominer le monde en s\u2019affranchissant, par la mer, des contraintes qui p\u00e8sent sur son commerce avec l\u2019Orient. Elle pr\u00e9cipite ainsi, le d\u00e9clin de l\u2019aire arabo-musulmane en contournant son monopole sur les liaisons terrestres. Apr\u00e8s Waterloo, l\u2019<strong>Angleterre<\/strong>&nbsp;domine l\u2019<strong>Europe<\/strong>&nbsp;et par tant le Monde, car elle r\u00e8gne sur les oc\u00e9ans.<\/p>\n\n\n\n<p class=\"wp-block-paragraph\">Au d\u00e9but du XX si\u00e8cle, ce dispositif, renforc\u00e9 par la mont\u00e9e en puissance de l\u2019<strong>Am\u00e9rique<\/strong>, se trouve remis en question par les progr\u00e8s technologiques et politiques. L\u2019affirmation de la&nbsp;<strong>Russie<\/strong>&nbsp;vient changer la donne. Le c\u0153ur g\u00e9opolitique de cet ensemble continental est stabilis\u00e9 sous la houlette russe. Les grandes steppes de l\u2019Empire sont inaccessibles par la mer. C\u2019est le \u00ab&nbsp;Heartland&nbsp;\u00bb du supercontinent qui s\u2019\u00e9tend de l\u2019Europe de l\u2019Est aux steppes kazakhes en passant par les grandes plaines russes. Ce concept sera \u00ab&nbsp;popularis\u00e9&nbsp;\u00bb par la g\u00e9opolitique allemande sous le vocable de&nbsp;\u00ab&nbsp;Hinterland&nbsp;\u00bb.<\/p>\n\n\n\n<p class=\"wp-block-paragraph\">Qui contr\u00f4le cette r\u00e9gion, contr\u00f4le \u00ab&nbsp;<em>l\u2019\u00cele monde&nbsp;<\/em>\u00bb, qui contr\u00f4le l\u2019\u00cele monde, contr\u00f4le le monde. C\u2019est la revanche des continentaux sur les marins, c\u2019est le cauchemar de l\u2019<strong>Angleterre<\/strong>. Toute l\u2019\u00e9nergie britannique, puis am\u00e9ricaine se d\u00e9ploiera pour que personne n\u2019\u00e9tende sa souverainet\u00e9 sur ce \u00ab&nbsp;Heartland&nbsp;\u00bb, pour que l\u2019<strong>Allemagne<\/strong>&nbsp;ne s\u2019allie pas \u00e0 la Russie. La&nbsp;<strong>France<\/strong>&nbsp;jouera, dans cette strat\u00e9gie anglo-saxonne, le r\u00f4le de \u00ab&nbsp;l\u2019idiot utile&nbsp;\u00bb, rivalisant avec le Prussien pour d\u00e9tourner la&nbsp;<strong>Russie<\/strong>&nbsp;de son destin de pivot continental.<\/p>\n\n\n\n<p class=\"wp-block-paragraph\">Si Paris est la nouvelle Rome, les deux nouvelles Carthage que sont Londres et Washington se sont ligu\u00e9es, jusqu\u2019ici avec succ\u00e8s, pour que la nouvelle Constantinople (Moscou) ne se r\u00e9unisse pas \u00e0 l\u2019Empire d\u2019Occident au-dessus d\u2019une Germanie pacifi\u00e9e. Le vingti\u00e8me si\u00e8cle ne verra jamais se former l\u2019axe redout\u00e9 par Mackinder&nbsp;: Paris, Berlin, Moscou, les puissances maritimes y ont veill\u00e9.<\/p>\n\n\n\n<p class=\"has-medium-font-size wp-block-paragraph\"><strong>Le retour de l\u2019\u00cele monde<\/strong><\/p>\n\n\n\n<p class=\"wp-block-paragraph\">Pourtant, rien n\u2019est immuable et les prol\u00e9gom\u00e8nes du nouveau mill\u00e9naire am\u00e8nent une nouvelle donne. Les d\u00e9s\u00e9quilibres caus\u00e9s \u00e0 cette \u00ab&nbsp;Pang\u00e9e&nbsp;\u00bb par les grandes invasions qui aboutirent \u00e0 la domination europ\u00e9enne, arrivent \u00e0 leur terme. L\u2019ensemble se stabilise. La chute du communisme, la renaissance des puissances asiatiques traditionnelles que sont l\u2019Inde et la Chine, redonne une r\u00e9alit\u00e9 tangible \u00e0 l\u2019\u00cele monde et une nouvelle jeunesse \u00e0 la vision de&nbsp;<strong>Mackinder<\/strong>. Il faut bien admettre qu\u2019\u00e0 l\u2019instar de la g\u00e9opolitique dans son ensemble, celle-ci avait souffert de la&nbsp;<strong>Guerre froide<\/strong>. Entre-temps, gr\u00e2ce au suicide politique que fut la \u00ab&nbsp;guerre civile Europ\u00e9enne&nbsp;\u00bb de 1914 \u00e0 1945, une p\u00e9riph\u00e9rie encore plus lointaine a pris le relais de l\u2019<strong>Angleterre<\/strong>&nbsp;pour contrarier ce mouvement.<\/p>\n\n\n\n<p class=\"wp-block-paragraph\">Pas plus que la monarchie britannique, la super puis l\u2019hyperpuissance am\u00e9ricaine, ne peut se satisfaire de cette r\u00e9surrection de l\u2019\u00eele Monde. Elle voit, \u00e0 juste titre, dans son av\u00e8nement possible, une menace \u00e0 son h\u00e9g\u00e9monie. Sa position g\u00e9ographique excentr\u00e9e la rejette m\u00e9caniquement aux marches du nouvel ensemble. La raison d\u2019\u00eatre d\u2019une puissance maritime c\u2019est d\u2019attirer \u00e0 elle la richesse. Si l\u2019on n\u2019a plus besoin de l\u2019oc\u00e9an, on n\u2019a plus besoin d\u2019elle. Si le dynamisme \u00e9conomique d\u00e9serte le pays de l\u2019Oncle Sam, il y a fort \u00e0 parier que l\u2019investissement s\u2019en d\u00e9tournera pour se porter sur l\u2019Europe et sur le \u00ab&nbsp;Heartland&nbsp;\u00bb, qui peut \u00eatre au XXI<sup>e<\/sup>&nbsp;et \u00e0 la nouvelle Pang\u00e9e, ce que fut le \u00ab&nbsp;Far West&nbsp;\u00bb aux&nbsp;<strong>\u00c9tats-Unis<\/strong>&nbsp;comme moteur \u00e9conomique \u00e0 la fin du XIX<sup>e<\/sup>. L\u2019analogie est pertinente tant cet espace g\u00e9ographique est aussi vaste, peu peupl\u00e9 et bien dot\u00e9 en ressources naturelles que son homologue am\u00e9ricain.<\/p>\n\n\n\n<p class=\"wp-block-paragraph\">Si un pays a tr\u00e8s bien int\u00e9gr\u00e9 la philosophie de Mackinder et tout ce qu\u2019elle sous-tend, c\u2019est la Chine. Pour assurer son d\u00e9veloppement et son h\u00e9g\u00e9monie, le pays des Han a besoin de se d\u00e9faire de la domination am\u00e9ricaine. La route de la soie dont on parle depuis 15 ans et que Beijing d\u00e9ploie avec obstination n\u2019est pas autre chose que la connexion directe de l\u2019extr\u00eame orient \u00e0 l\u2019Europe sans passer par la mer. Le rapprochement entre la Russie et la Chine, particuli\u00e8rement visible depuis la guerre en Ukraine, en est une cons\u00e9quence.<\/p>\n\n\n\n<p class=\"wp-block-paragraph\">La survenue d\u2019une crise \u00e9conomique majeure dans une p\u00e9riode de recomposition aussi importante des \u00e9quilibres mondiaux ne doit rien au hasard. L\u2019\u00e9mergence de l\u2019hyperpuissance europ\u00e9enne \u00e0 partir du XVI<sup>e<\/sup>&nbsp;si\u00e8cle s\u2019est faite sur l\u2019or des Am\u00e9riques au d\u00e9triment des autres civilisations. Le retour \u00e0 l\u2019\u00e9quilibre se fait par la r\u00e9\u00e9mergence des anciennes puissances, assises sur la dette des&nbsp;<strong>\u00c9tats-Unis<\/strong>. Il est rare que de tels bouleversements ne donnent lieu \u00e0 de sanglantes explications entre les protagonistes.<\/p>\n\n\n\n<p class=\"wp-block-paragraph\">Il nous reste \u00e0 analyser les forces en pr\u00e9sence et \u00e0 bien choisir notre camp.<\/p>\n\n\n\n<p class=\"has-medium-font-size wp-block-paragraph\">&nbsp;<strong>Identifier l\u2019ennemi<\/strong><\/p>\n\n\n\n<p class=\"wp-block-paragraph\">Depuis Hiroshima, cette question de l\u2019ennemi est cruciale. Les puissances nucl\u00e9aires ne peuvent plus s\u2019affronter directement pour cause de \u00ab&nbsp;<em>destruction mutuelle assur\u00e9e<\/em>&nbsp;\u00bb. La dissuasion repose sur la capacit\u00e9 \u00e0 pouvoir porter la destruction chez l\u2019ennemi de mani\u00e8re certaine. Il convient donc de faire la distinction entre les pays dot\u00e9s d\u2019un vecteur cr\u00e9dible et les autres qui se contentent de d\u00e9tenir l\u2019arme. Les cinq membres permanents du Conseil de S\u00e9curit\u00e9,&nbsp;<strong>Isra\u00ebl<\/strong>, l\u2019<strong>Inde<\/strong>&nbsp;et le <strong>Pakistan<\/strong> disposent de cette possibilit\u00e9. La question se pose pour le prochain candidat au club qu\u2019est l\u2019<strong>Iran<\/strong>.<\/p>\n\n\n\n<p class=\"wp-block-paragraph\">En r\u00e9alit\u00e9, dans un monde en pleine mutation, la confrontation directe entre puissances montantes et nations dominantes ne se fera probablement pas directement, mais par interm\u00e9diaire. Comme au temps de la Guerre froide, le jeu sera conduit \u00e0 distance et sur un terrain ext\u00e9rieur. Reste \u00e0 d\u00e9terminer o\u00f9.<\/p>\n\n\n\n<p class=\"wp-block-paragraph\">Sans reprendre \u00e0 mon compte la classification des civilisations \u00e9tablies par&nbsp;<strong>Samuel Huntington<\/strong>&nbsp;dans son ouvrage fondateur<a href=\"#_edn2\" id=\"_ednref2\">[ii]<\/a>, force est de constater la position incontournable de la sph\u00e8re arabo-musulmane dans ce nouvel ensemble.<\/p>\n\n\n\n<p class=\"wp-block-paragraph\">Il me semble impropre de parler \u00e0 son propos d\u2019un bloc homog\u00e8ne, tant la religion est le seul lien dans l\u2019agr\u00e9gat disparate de peuples et de cultures qui compose cette sph\u00e8re. En dehors d\u2019un Empire ottoman tr\u00e8s imparfait de ce point de vue, il n\u2019y a jamais eu d\u2019unit\u00e9 politique fermement constitu\u00e9e.<\/p>\n\n\n\n<p class=\"wp-block-paragraph\">Anim\u00e9 d\u2019une volont\u00e9 d\u2019expansion dont il n\u2019a pas les moyens concrets, ce bloc que les Am\u00e9ricains nomment \u00ab&nbsp;Greater Middle East&nbsp;\u00bb est LE probl\u00e8me qui se pose \u00e0 la stabilit\u00e9 de la nouvelle Pang\u00e9e. Pour unir par voie continentale la&nbsp;<strong>Chine<\/strong>&nbsp;et l\u2019<strong>Inde<\/strong>&nbsp;\u00e0 l\u2019<strong>Europe<\/strong>, la pacification de cette zones s\u2019av\u00e8re n\u00e9cessaire. Il est frappant de constater que ces trois civilisations sont en proie de mani\u00e8re concomitante aux m\u00eames attaques de la part de fanatiques religieux. Ces trois puissances ont, corr\u00e9lativement, des besoins vitaux identiques d\u2019approvisionnement en \u00e9nergie.<\/p>\n\n\n\n<p class=\"wp-block-paragraph\">Un Grand Moyen-Orient instable pr\u00e9sente le double inconv\u00e9nient de contrarier l\u2019unification de l\u2019\u00cele monde, en refusant de se diluer dans le nouvel ensemble et de d\u00e9tenir les ressources \u00e9nerg\u00e9tiques n\u00e9cessaires \u00e0 son \u00e9panouissement. J\u2019ajoute que, si le&nbsp;<strong>Pakistan<\/strong>&nbsp;est incontestablement une puissance nucl\u00e9aire, des doutes s\u00e9rieux subsistent \u00e0 son sujet, sur l\u2019existence de capacit\u00e9s vectorielles autonomes sans le soutien des Chinois. Tout concourt donc \u00e0 faire de cette zone qui s\u2019\u00e9tend du&nbsp;<strong>Maroc<\/strong>&nbsp;au&nbsp;<strong>Pakistan<\/strong>, des confins des d\u00e9serts d\u2019<strong>Arabie<\/strong>&nbsp;au&nbsp;<strong>Caucase<\/strong>&nbsp;russe et au&nbsp;<strong>Xinjiang<\/strong>&nbsp;chinois le lieu d\u2019expression des conflits. Ce mouvement a d\u2019ailleurs commenc\u00e9 sous l\u2019impulsion des&nbsp;<strong>\u00c9tats-Unis<\/strong>&nbsp;qui sentent bien, confus\u00e9ment, que leur avenir se joue ici. Les conflits afghans, si n\u00e9cessaires et la guerre irakienne si stupide permettent d\u2019entretenir l\u2019instabilit\u00e9, au grand dam des Russes et des Chinois.<\/p>\n\n\n\n<p class=\"wp-block-paragraph\">Nous l\u2019avons vu, les Am\u00e9ricains n\u2019ont aucun int\u00e9r\u00eat \u00e0 l\u2019\u00e9mergence de l\u2019\u00cele monde. Par un int\u00e9ressant renversement de situation, il se pourrait m\u00eame qu\u2019un jour pas si lointain, le \u00ab&nbsp;grand Satan&nbsp;\u00bb ne devienne le meilleur alli\u00e9 de la mouvance islamiste, tant leurs objectifs pourraient rapidement converger.<\/p>\n\n\n\n<p class=\"wp-block-paragraph\">Comment la&nbsp;<strong>France<\/strong>&nbsp;doit elle se positionner dans cette nouvelle partie o\u00f9 se joue sa survie&nbsp;? En quoi est-elle encore strat\u00e9gique et peut-elle tirer son \u00e9pingle du jeu&nbsp;? Ces questions seront d\u00e9velopp\u00e9es dans la seconde partie de cet article.<\/p>\n\n\n\n<hr class=\"wp-block-separator has-alpha-channel-opacity\"\/>\n\n\n\n<hr class=\"wp-block-separator has-alpha-channel-opacity\"\/>\n\n\n\n<p class=\"wp-block-paragraph\"><a href=\"#_ednref1\" id=\"_edn1\">[i]<\/a> Episode relat\u00e9 par Tite-Live&nbsp;<em>Histoire Romaine&nbsp;<\/em>V- 48<\/p>\n\n\n\n<p class=\"wp-block-paragraph\"><a href=\"#_ednref2\" id=\"_edn2\">[ii]<\/a> Samuel P. Huntington&nbsp;<em>The Clash of Civilizations and the Remaking of World Order<\/em>&nbsp;&#8211; Simon &amp; Schulster 1996 \/ abusivement r\u00e9duit \u00e0 mon sens au titre simplificateur de&nbsp;<em>Choc des civilisations<\/em>&nbsp;dans sa traduction fran\u00e7aise \u2013 Odile Jacob&nbsp;1997 et r\u00e9\u00e9dition en 2007.<\/p>\n","protected":false},"excerpt":{"rendered":"<p>\u00a0\u00ab\u00a0Aggripa\u00a0\u00bb est titulaire d\u2019un troisi\u00e8me cycle en g\u00e9opolitique de l\u2019ENS. Il exerce depuis plus de trente ans des fonctions de direction au&hellip;<\/p>","protected":false},"author":15,"featured_media":1861,"comment_status":"open","ping_status":"open","sticky":false,"template":"","format":"standard","meta":{"_lmt_disableupdate":"","_lmt_disable":"","footnotes":""},"categories":[6,5],"tags":[],"class_list":["post-1753","post","type-post","status-publish","format-standard","has-post-thumbnail","hentry","category-defense-et-armees","category-international"],"yoast_head":"<!-- This site is optimized with the Yoast SEO Premium plugin v28.1 (Yoast SEO v28.1) - https:\/\/yoast.com\/product\/yoast-seo-premium-wordpress\/ -->\n<title>Le retour de l&#039;\u00eele monde - Vae Victis (1\/2) | Geopolitics.fr<\/title>\n<meta name=\"robots\" content=\"index, follow, max-snippet:-1, max-image-preview:large, max-video-preview:-1\" \/>\n<link rel=\"canonical\" href=\"https:\/\/www.geopolitics.fr\/en\/2024\/01\/08\/le-retour-de-lile-monde-vae-victis\/\" \/>\n<meta property=\"og:locale\" content=\"en_GB\" \/>\n<meta property=\"og:type\" content=\"article\" \/>\n<meta property=\"og:title\" content=\"Le retour de l&#039;\u00eele monde - Vae Victis (1\/2)\" \/>\n<meta property=\"og:description\" content=\"\u00a0\u00ab\u00a0Aggripa\u00a0\u00bb est titulaire d\u2019un troisi\u00e8me cycle en g\u00e9opolitique de l\u2019ENS. Il exerce depuis plus de trente ans des fonctions de direction au&hellip;\" \/>\n<meta property=\"og:url\" content=\"https:\/\/www.geopolitics.fr\/en\/2024\/01\/08\/le-retour-de-lile-monde-vae-victis\/\" \/>\n<meta property=\"og:site_name\" content=\"Geopolitics.fr\" \/>\n<meta property=\"article:publisher\" content=\"https:\/\/www.facebook.com\/people\/Erwan-Davoux\/61557098968092\/\" \/>\n<meta property=\"article:published_time\" content=\"2024-01-08T08:42:49+00:00\" \/>\n<meta property=\"article:modified_time\" content=\"2024-03-26T22:41:11+00:00\" \/>\n<meta property=\"og:image\" content=\"https:\/\/www.geopolitics.fr\/wp-content\/uploads\/2024\/01\/globe-terr.webp\" \/>\n\t<meta property=\"og:image:width\" content=\"1771\" \/>\n\t<meta property=\"og:image:height\" content=\"1181\" \/>\n\t<meta property=\"og:image:type\" content=\"image\/webp\" \/>\n<meta name=\"author\" content=\"Agrippa\" \/>\n<meta name=\"twitter:card\" content=\"summary_large_image\" \/>\n<meta name=\"twitter:creator\" content=\"@Geopolitics_Fr\" \/>\n<meta name=\"twitter:site\" content=\"@Geopolitics_Fr\" \/>\n<meta name=\"twitter:label1\" content=\"Written by\" \/>\n\t<meta name=\"twitter:data1\" content=\"Agrippa\" \/>\n\t<meta name=\"twitter:label2\" content=\"Estimated reading time\" \/>\n\t<meta name=\"twitter:data2\" content=\"11 minutes\" \/>\n<script type=\"application\/ld+json\" class=\"yoast-schema-graph\">{\"@context\":\"https:\\\/\\\/schema.org\",\"@graph\":[{\"@type\":\"Article\",\"@id\":\"https:\\\/\\\/www.geopolitics.fr\\\/2024\\\/01\\\/08\\\/le-retour-de-lile-monde-vae-victis\\\/#article\",\"isPartOf\":{\"@id\":\"https:\\\/\\\/www.geopolitics.fr\\\/2024\\\/01\\\/08\\\/le-retour-de-lile-monde-vae-victis\\\/\"},\"author\":{\"name\":\"Agrippa\",\"@id\":\"https:\\\/\\\/www.geopolitics.fr\\\/#\\\/schema\\\/person\\\/9b03d2659c9026d41af2759a55d48505\"},\"headline\":\"Le retour de l&rsquo;\u00eele monde &#8211; Vae Victis (1\\\/2)\",\"datePublished\":\"2024-01-08T08:42:49+00:00\",\"dateModified\":\"2024-03-26T22:41:11+00:00\",\"mainEntityOfPage\":{\"@id\":\"https:\\\/\\\/www.geopolitics.fr\\\/2024\\\/01\\\/08\\\/le-retour-de-lile-monde-vae-victis\\\/\"},\"wordCount\":2396,\"commentCount\":0,\"publisher\":{\"@id\":\"https:\\\/\\\/www.geopolitics.fr\\\/#organization\"},\"image\":{\"@id\":\"https:\\\/\\\/www.geopolitics.fr\\\/2024\\\/01\\\/08\\\/le-retour-de-lile-monde-vae-victis\\\/#primaryimage\"},\"thumbnailUrl\":\"https:\\\/\\\/www.geopolitics.fr\\\/wp-content\\\/uploads\\\/2024\\\/01\\\/globe-terr.webp\",\"articleSection\":[\"D\u00e9fense\",\"International\"],\"inLanguage\":\"en-GB\"},{\"@type\":\"WebPage\",\"@id\":\"https:\\\/\\\/www.geopolitics.fr\\\/2024\\\/01\\\/08\\\/le-retour-de-lile-monde-vae-victis\\\/\",\"url\":\"https:\\\/\\\/www.geopolitics.fr\\\/2024\\\/01\\\/08\\\/le-retour-de-lile-monde-vae-victis\\\/\",\"name\":\"Le retour de l'\u00eele monde - Vae Victis (1\\\/2) | Geopolitics.fr\",\"isPartOf\":{\"@id\":\"https:\\\/\\\/www.geopolitics.fr\\\/#website\"},\"primaryImageOfPage\":{\"@id\":\"https:\\\/\\\/www.geopolitics.fr\\\/2024\\\/01\\\/08\\\/le-retour-de-lile-monde-vae-victis\\\/#primaryimage\"},\"image\":{\"@id\":\"https:\\\/\\\/www.geopolitics.fr\\\/2024\\\/01\\\/08\\\/le-retour-de-lile-monde-vae-victis\\\/#primaryimage\"},\"thumbnailUrl\":\"https:\\\/\\\/www.geopolitics.fr\\\/wp-content\\\/uploads\\\/2024\\\/01\\\/globe-terr.webp\",\"datePublished\":\"2024-01-08T08:42:49+00:00\",\"dateModified\":\"2024-03-26T22:41:11+00:00\",\"breadcrumb\":{\"@id\":\"https:\\\/\\\/www.geopolitics.fr\\\/2024\\\/01\\\/08\\\/le-retour-de-lile-monde-vae-victis\\\/#breadcrumb\"},\"inLanguage\":\"en-GB\",\"potentialAction\":[{\"@type\":\"ReadAction\",\"target\":[\"https:\\\/\\\/www.geopolitics.fr\\\/2024\\\/01\\\/08\\\/le-retour-de-lile-monde-vae-victis\\\/\"]}]},{\"@type\":\"ImageObject\",\"inLanguage\":\"en-GB\",\"@id\":\"https:\\\/\\\/www.geopolitics.fr\\\/2024\\\/01\\\/08\\\/le-retour-de-lile-monde-vae-victis\\\/#primaryimage\",\"url\":\"https:\\\/\\\/www.geopolitics.fr\\\/wp-content\\\/uploads\\\/2024\\\/01\\\/globe-terr.webp\",\"contentUrl\":\"https:\\\/\\\/www.geopolitics.fr\\\/wp-content\\\/uploads\\\/2024\\\/01\\\/globe-terr.webp\",\"width\":1771,\"height\":1181},{\"@type\":\"BreadcrumbList\",\"@id\":\"https:\\\/\\\/www.geopolitics.fr\\\/2024\\\/01\\\/08\\\/le-retour-de-lile-monde-vae-victis\\\/#breadcrumb\",\"itemListElement\":[{\"@type\":\"ListItem\",\"position\":1,\"name\":\"Accueil\",\"item\":\"https:\\\/\\\/www.geopolitics.fr\\\/\"},{\"@type\":\"ListItem\",\"position\":2,\"name\":\"Le retour de l&#8217;\u00eele monde &#8211; Vae Victis (1\\\/2)\"}]},{\"@type\":\"WebSite\",\"@id\":\"https:\\\/\\\/www.geopolitics.fr\\\/#website\",\"url\":\"https:\\\/\\\/www.geopolitics.fr\\\/\",\"name\":\"Geopolitics.fr\",\"description\":\"Geopolitics.fr Analyse politique, relations internationales, d\u00e9fense - ligne \u00e9ditoriale gaullo-chiraquienne\",\"publisher\":{\"@id\":\"https:\\\/\\\/www.geopolitics.fr\\\/#organization\"},\"potentialAction\":[{\"@type\":\"SearchAction\",\"target\":{\"@type\":\"EntryPoint\",\"urlTemplate\":\"https:\\\/\\\/www.geopolitics.fr\\\/?s={search_term_string}\"},\"query-input\":{\"@type\":\"PropertyValueSpecification\",\"valueRequired\":true,\"valueName\":\"search_term_string\"}}],\"inLanguage\":\"en-GB\"},{\"@type\":\"Organization\",\"@id\":\"https:\\\/\\\/www.geopolitics.fr\\\/#organization\",\"name\":\"Geopolitics.fr\",\"url\":\"https:\\\/\\\/www.geopolitics.fr\\\/\",\"logo\":{\"@type\":\"ImageObject\",\"inLanguage\":\"en-GB\",\"@id\":\"https:\\\/\\\/www.geopolitics.fr\\\/#\\\/schema\\\/logo\\\/image\\\/\",\"url\":\"https:\\\/\\\/www.geopolitics.fr\\\/wp-content\\\/uploads\\\/2024\\\/01\\\/logo.jpg\",\"contentUrl\":\"https:\\\/\\\/www.geopolitics.fr\\\/wp-content\\\/uploads\\\/2024\\\/01\\\/logo.jpg\",\"width\":500,\"height\":500,\"caption\":\"Geopolitics.fr\"},\"image\":{\"@id\":\"https:\\\/\\\/www.geopolitics.fr\\\/#\\\/schema\\\/logo\\\/image\\\/\"},\"sameAs\":[\"https:\\\/\\\/www.facebook.com\\\/people\\\/Erwan-Davoux\\\/61557098968092\\\/\",\"https:\\\/\\\/x.com\\\/Geopolitics_Fr\"]},{\"@type\":\"Person\",\"@id\":\"https:\\\/\\\/www.geopolitics.fr\\\/#\\\/schema\\\/person\\\/9b03d2659c9026d41af2759a55d48505\",\"name\":\"Agrippa\",\"image\":{\"@type\":\"ImageObject\",\"inLanguage\":\"en-GB\",\"@id\":\"https:\\\/\\\/secure.gravatar.com\\\/avatar\\\/acb4af5382290dc3bfde67eb3179621b8e948197f5b9a5ad2c4f001ec1996e56?s=96&d=mm&r=g\",\"url\":\"https:\\\/\\\/secure.gravatar.com\\\/avatar\\\/acb4af5382290dc3bfde67eb3179621b8e948197f5b9a5ad2c4f001ec1996e56?s=96&d=mm&r=g\",\"contentUrl\":\"https:\\\/\\\/secure.gravatar.com\\\/avatar\\\/acb4af5382290dc3bfde67eb3179621b8e948197f5b9a5ad2c4f001ec1996e56?s=96&d=mm&r=g\",\"caption\":\"Agrippa\"},\"url\":\"https:\\\/\\\/www.geopolitics.fr\\\/en\\\/author\\\/agrippa\\\/\"}]}<\/script>\n<!-- \/ Yoast SEO Premium plugin. -->","yoast_head_json":{"title":"Le retour de l'\u00eele monde - Vae Victis (1\/2) | Geopolitics.fr","robots":{"index":"index","follow":"follow","max-snippet":"max-snippet:-1","max-image-preview":"max-image-preview:large","max-video-preview":"max-video-preview:-1"},"canonical":"https:\/\/www.geopolitics.fr\/en\/2024\/01\/08\/le-retour-de-lile-monde-vae-victis\/","og_locale":"en_GB","og_type":"article","og_title":"Le retour de l'\u00eele monde - Vae Victis (1\/2)","og_description":"\u00a0\u00ab\u00a0Aggripa\u00a0\u00bb est titulaire d\u2019un troisi\u00e8me cycle en g\u00e9opolitique de l\u2019ENS. Il exerce depuis plus de trente ans des fonctions de direction au&hellip;","og_url":"https:\/\/www.geopolitics.fr\/en\/2024\/01\/08\/le-retour-de-lile-monde-vae-victis\/","og_site_name":"Geopolitics.fr","article_publisher":"https:\/\/www.facebook.com\/people\/Erwan-Davoux\/61557098968092\/","article_published_time":"2024-01-08T08:42:49+00:00","article_modified_time":"2024-03-26T22:41:11+00:00","og_image":[{"width":1771,"height":1181,"url":"https:\/\/www.geopolitics.fr\/wp-content\/uploads\/2024\/01\/globe-terr.webp","type":"image\/webp"}],"author":"Agrippa","twitter_card":"summary_large_image","twitter_creator":"@Geopolitics_Fr","twitter_site":"@Geopolitics_Fr","twitter_misc":{"Written by":"Agrippa","Estimated reading time":"11 minutes"},"schema":{"@context":"https:\/\/schema.org","@graph":[{"@type":"Article","@id":"https:\/\/www.geopolitics.fr\/2024\/01\/08\/le-retour-de-lile-monde-vae-victis\/#article","isPartOf":{"@id":"https:\/\/www.geopolitics.fr\/2024\/01\/08\/le-retour-de-lile-monde-vae-victis\/"},"author":{"name":"Agrippa","@id":"https:\/\/www.geopolitics.fr\/#\/schema\/person\/9b03d2659c9026d41af2759a55d48505"},"headline":"Le retour de l&rsquo;\u00eele monde &#8211; Vae Victis (1\/2)","datePublished":"2024-01-08T08:42:49+00:00","dateModified":"2024-03-26T22:41:11+00:00","mainEntityOfPage":{"@id":"https:\/\/www.geopolitics.fr\/2024\/01\/08\/le-retour-de-lile-monde-vae-victis\/"},"wordCount":2396,"commentCount":0,"publisher":{"@id":"https:\/\/www.geopolitics.fr\/#organization"},"image":{"@id":"https:\/\/www.geopolitics.fr\/2024\/01\/08\/le-retour-de-lile-monde-vae-victis\/#primaryimage"},"thumbnailUrl":"https:\/\/www.geopolitics.fr\/wp-content\/uploads\/2024\/01\/globe-terr.webp","articleSection":["D\u00e9fense","International"],"inLanguage":"en-GB"},{"@type":"WebPage","@id":"https:\/\/www.geopolitics.fr\/2024\/01\/08\/le-retour-de-lile-monde-vae-victis\/","url":"https:\/\/www.geopolitics.fr\/2024\/01\/08\/le-retour-de-lile-monde-vae-victis\/","name":"Le retour de l'\u00eele monde - Vae Victis (1\/2) | Geopolitics.fr","isPartOf":{"@id":"https:\/\/www.geopolitics.fr\/#website"},"primaryImageOfPage":{"@id":"https:\/\/www.geopolitics.fr\/2024\/01\/08\/le-retour-de-lile-monde-vae-victis\/#primaryimage"},"image":{"@id":"https:\/\/www.geopolitics.fr\/2024\/01\/08\/le-retour-de-lile-monde-vae-victis\/#primaryimage"},"thumbnailUrl":"https:\/\/www.geopolitics.fr\/wp-content\/uploads\/2024\/01\/globe-terr.webp","datePublished":"2024-01-08T08:42:49+00:00","dateModified":"2024-03-26T22:41:11+00:00","breadcrumb":{"@id":"https:\/\/www.geopolitics.fr\/2024\/01\/08\/le-retour-de-lile-monde-vae-victis\/#breadcrumb"},"inLanguage":"en-GB","potentialAction":[{"@type":"ReadAction","target":["https:\/\/www.geopolitics.fr\/2024\/01\/08\/le-retour-de-lile-monde-vae-victis\/"]}]},{"@type":"ImageObject","inLanguage":"en-GB","@id":"https:\/\/www.geopolitics.fr\/2024\/01\/08\/le-retour-de-lile-monde-vae-victis\/#primaryimage","url":"https:\/\/www.geopolitics.fr\/wp-content\/uploads\/2024\/01\/globe-terr.webp","contentUrl":"https:\/\/www.geopolitics.fr\/wp-content\/uploads\/2024\/01\/globe-terr.webp","width":1771,"height":1181},{"@type":"BreadcrumbList","@id":"https:\/\/www.geopolitics.fr\/2024\/01\/08\/le-retour-de-lile-monde-vae-victis\/#breadcrumb","itemListElement":[{"@type":"ListItem","position":1,"name":"Accueil","item":"https:\/\/www.geopolitics.fr\/"},{"@type":"ListItem","position":2,"name":"Le retour de l&#8217;\u00eele monde &#8211; Vae Victis (1\/2)"}]},{"@type":"WebSite","@id":"https:\/\/www.geopolitics.fr\/#website","url":"https:\/\/www.geopolitics.fr\/","name":"Geopolitics.fr","description":"Geopolitics.fr Analyse politique, relations internationales, d\u00e9fense - ligne \u00e9ditoriale gaullo-chiraquienne","publisher":{"@id":"https:\/\/www.geopolitics.fr\/#organization"},"potentialAction":[{"@type":"SearchAction","target":{"@type":"EntryPoint","urlTemplate":"https:\/\/www.geopolitics.fr\/?s={search_term_string}"},"query-input":{"@type":"PropertyValueSpecification","valueRequired":true,"valueName":"search_term_string"}}],"inLanguage":"en-GB"},{"@type":"Organization","@id":"https:\/\/www.geopolitics.fr\/#organization","name":"Geopolitics.fr","url":"https:\/\/www.geopolitics.fr\/","logo":{"@type":"ImageObject","inLanguage":"en-GB","@id":"https:\/\/www.geopolitics.fr\/#\/schema\/logo\/image\/","url":"https:\/\/www.geopolitics.fr\/wp-content\/uploads\/2024\/01\/logo.jpg","contentUrl":"https:\/\/www.geopolitics.fr\/wp-content\/uploads\/2024\/01\/logo.jpg","width":500,"height":500,"caption":"Geopolitics.fr"},"image":{"@id":"https:\/\/www.geopolitics.fr\/#\/schema\/logo\/image\/"},"sameAs":["https:\/\/www.facebook.com\/people\/Erwan-Davoux\/61557098968092\/","https:\/\/x.com\/Geopolitics_Fr"]},{"@type":"Person","@id":"https:\/\/www.geopolitics.fr\/#\/schema\/person\/9b03d2659c9026d41af2759a55d48505","name":"Agrippa","image":{"@type":"ImageObject","inLanguage":"en-GB","@id":"https:\/\/secure.gravatar.com\/avatar\/acb4af5382290dc3bfde67eb3179621b8e948197f5b9a5ad2c4f001ec1996e56?s=96&d=mm&r=g","url":"https:\/\/secure.gravatar.com\/avatar\/acb4af5382290dc3bfde67eb3179621b8e948197f5b9a5ad2c4f001ec1996e56?s=96&d=mm&r=g","contentUrl":"https:\/\/secure.gravatar.com\/avatar\/acb4af5382290dc3bfde67eb3179621b8e948197f5b9a5ad2c4f001ec1996e56?s=96&d=mm&r=g","caption":"Agrippa"},"url":"https:\/\/www.geopolitics.fr\/en\/author\/agrippa\/"}]}},"_links":{"self":[{"href":"https:\/\/www.geopolitics.fr\/en\/wp-json\/wp\/v2\/posts\/1753","targetHints":{"allow":["GET"]}}],"collection":[{"href":"https:\/\/www.geopolitics.fr\/en\/wp-json\/wp\/v2\/posts"}],"about":[{"href":"https:\/\/www.geopolitics.fr\/en\/wp-json\/wp\/v2\/types\/post"}],"author":[{"embeddable":true,"href":"https:\/\/www.geopolitics.fr\/en\/wp-json\/wp\/v2\/users\/15"}],"replies":[{"embeddable":true,"href":"https:\/\/www.geopolitics.fr\/en\/wp-json\/wp\/v2\/comments?post=1753"}],"version-history":[{"count":0,"href":"https:\/\/www.geopolitics.fr\/en\/wp-json\/wp\/v2\/posts\/1753\/revisions"}],"wp:featuredmedia":[{"embeddable":true,"href":"https:\/\/www.geopolitics.fr\/en\/wp-json\/wp\/v2\/media\/1861"}],"wp:attachment":[{"href":"https:\/\/www.geopolitics.fr\/en\/wp-json\/wp\/v2\/media?parent=1753"}],"wp:term":[{"taxonomy":"category","embeddable":true,"href":"https:\/\/www.geopolitics.fr\/en\/wp-json\/wp\/v2\/categories?post=1753"},{"taxonomy":"post_tag","embeddable":true,"href":"https:\/\/www.geopolitics.fr\/en\/wp-json\/wp\/v2\/tags?post=1753"}],"curies":[{"name":"wp","href":"https:\/\/api.w.org\/{rel}","templated":true}]}}